{"id":52658,"date":"2018-04-13T17:44:18","date_gmt":"2018-04-13T17:44:18","guid":{"rendered":"http:\/\/folhadosudeste.com\/site\/?p=52658"},"modified":"2018-04-13T17:47:16","modified_gmt":"2018-04-13T17:47:16","slug":"cresol-sudeste-de-minas-realiza-assembleia-geral-em-miradouro","status":"publish","type":"post","link":"http:\/\/folhadosudeste.com\/site\/?p=52658","title":{"rendered":"Cresol Sudeste de Minas realiza Assembleia Geral em Miradouro"},"content":{"rendered":"<p><a href=\"http:\/\/folhadosudeste.com\/site\/wp-content\/uploads\/2018\/04\/DSC_0722.jpg\"><img loading=\"lazy\" decoding=\"async\" class=\"aligncenter wp-image-52659 size-full\" src=\"http:\/\/folhadosudeste.com\/site\/wp-content\/uploads\/2018\/04\/DSC_0722.jpg\" alt=\"\" width=\"800\" height=\"533\" srcset=\"http:\/\/folhadosudeste.com\/site\/wp-content\/uploads\/2018\/04\/DSC_0722.jpg 800w, http:\/\/folhadosudeste.com\/site\/wp-content\/uploads\/2018\/04\/DSC_0722-300x200.jpg 300w, http:\/\/folhadosudeste.com\/site\/wp-content\/uploads\/2018\/04\/DSC_0722-768x512.jpg 768w\" sizes=\"auto, (max-width: 800px) 100vw, 800px\" \/><\/a><\/p>\n<p style=\"text-align: justify;\">A Cresol Sudeste de Minas realizou, na noite de sexta-feira (6), na Escola Municipal Dr. Olavo Tostes, a Assembleia Geral Extraordin\u00e1ria e Ordin\u00e1ria da &nbsp;Cresol Sudeste de Minas. Durante a cerim\u00f4nia, foi realizada a presta\u00e7\u00e3o de contas da Cooperativa de 2017 e o planejamento do que est\u00e1 para ser feito em 2018. O evento contou ainda com o sorteio de pr\u00eamios e um jantar para os cooperados presentes com m\u00fasica ao vivo por Jo\u00e3o Paulo voz e viol\u00e3o.<\/p>\n<p style=\"text-align: justify;\">&nbsp;&nbsp;&nbsp;&nbsp;&nbsp;&nbsp;&nbsp;&nbsp;&nbsp;&nbsp;&nbsp; O vice-presidente da Cresol Sudeste de Minas, Marco Aur\u00e9lio de Lima, esteve presente e explicou a import\u00e2ncia da assembleia para os cooperados. <em>\u201c\u00c9 um evento estatut\u00e1rio realizado anualmente para prestar contas dos dados referentes ao ano anterior. \u00c9 tamb\u00e9m uma cerim\u00f4nia muito festiva, principalmente quando temos boas not\u00edcias a apresentar. Nossos cooperados v\u00e3o ficar muito felizes, porque melhoramos muito nossa unidade de atendimento e fizemos muitos investimentos em estrutura, o que trouxe qualidade e conforto. Agradecemos aos nossos s\u00f3cios e cooperados por confiar na Cresol e temos a certeza de que, nos pr\u00f3ximos anos, isso vai se repetir. Nosso sistema de cr\u00e9dito \u00e9 o que mais cresce na regi\u00e3o, entre 30% e 40% ao ano\u201d<\/em>, disse.<\/p>\n<p style=\"text-align: justify;\">O presidente da Central Cresol Baser, Luiz Levi Tomacheski, tamb\u00e9m compareceu \u00e0 cerim\u00f4nia e expressou sua satisfa\u00e7\u00e3o com o trabalho realizado pela Cooperativa. <em>\u201cA agricultura familiar est\u00e1 muito s\u00f3lida desde a d\u00e9cada de 90. Sabemos que a crise diminuiu a atividade agr\u00edcola, mas n\u00e3o como em outros setores da economia. Tenho a satisfa\u00e7\u00e3o em poder atuar nesse seguimento, oferecendo cr\u00e9dito, produtos e servi\u00e7os de qualidade, com respeito aos nossos cooperados\u201d<\/em>, afirmou.<\/p>\n<p style=\"text-align: justify;\">Tomacheski tamb\u00e9m detalhou o que vem sendo feito pela Cresol para se aproximar dos cooperados. <em>\u201cTemos desenvolvido a tecnologia de maneira bastante satisfat\u00f3ria para poder oferecer aos nossos associados o acesso a produtos e servi\u00e7os pelo celular, atrav\u00e9s do aplicativo, e pelo computador. Logicamente, n\u00e3o abrimos m\u00e3o do relacionamento, a marca registrada do sistema Cresol. Hoje, temos o e-bank, que possibilita a realiza\u00e7\u00e3o de v\u00e1rias transa\u00e7\u00f5es pelo celular com a internet. Acreditamos que, dessa forma, fazemos com que os nossos produtos, servi\u00e7os e cr\u00e9dito cheguem com mais facilidade ao nosso cooperado. A Cresol nasceu das comunidades e \u00e9 para l\u00e1 que est\u00e1 voltando, porque este \u00e9 um espa\u00e7o para se aproximar do agricultor. \u00c9 muito importante essa uni\u00e3o, saber o que est\u00e1 ocorrendo, para que tenhamos par\u00e2metros para melhorar nosso comportamento e atendimento. Estamos nos planejando para expandir nosso quadro social nos munic\u00edpios onde j\u00e1 trabalhamos\u201d<\/em>, explicou.<\/p>\n<p style=\"text-align: justify;\">Jo\u00e3o Paulo Dias da Fonseca, presidente da Cresol Sudeste de Minas, falou sobre o desenvolvimento da Cooperativa&nbsp; demonstrado durante a presta\u00e7\u00e3o de contas. <em>\u201cEstamos prestando conta aos nossos cooperados de um crescimento acima de 40% de todos os nossos ativos e do patrim\u00f4nio. Foi um progresso muito significativo, consolidando o avan\u00e7o do Cooperativismo de Cr\u00e9dito da Cresol no estado de Minas Gerais, mais precisamente na regi\u00e3o da Zona da Mata. Estamos com nosso planejamento tra\u00e7ado para que possamos cumpri-lo, al\u00e9m de todas as nossas a\u00e7\u00f5es estrat\u00e9gicas. Temos programados os nossos dias de campo, estamos investindo na padroniza\u00e7\u00e3o das nossas ag\u00eancias nos moldes do sistema Cresol e temos ainda o projeto de expans\u00e3o, que visa abrir ao menos duas ag\u00eancias de atendimento, nos munic\u00edpios de Guiricema e S\u00e3o Jo\u00e3o do Manhua\u00e7u\u201d, disse. <\/em>&nbsp;Jo\u00e3o Paulo tamb\u00e9m aproveitou para convidar a popula\u00e7\u00e3o de Muria\u00e9 para a inaugura\u00e7\u00e3o da ag\u00eancia Cresol em Muria\u00e9, no dia 16 de abril, \u00e0s 9 da manh\u00e3, na Rua Marechal Floriano na Barra.<em> \u201cA instala\u00e7\u00e3o de uma unidade em um local de visibilidade como \u00e9 importante porque atrai a confian\u00e7a das pessoas\u201d<\/em>, avaliou.<\/p>\n<p style=\"text-align: justify;\">O presidente do Sindicato dos Trabalhadores Rurais de Muria\u00e9, Bar\u00e3o do Monte Alto, Ros\u00e1rio da Limeira e S\u00e3o Sebasti\u00e3o da Vargem Alegre, Eduardo Ant\u00f4nio de Alc\u00e2ntara, analisou a recep\u00e7\u00e3o da cerim\u00f4nia para a diretoria da Cresol e o p\u00fablico de cooperados presentes. <em>\u201cEssa noite \u00e9 para n\u00f3s, muito importante, porque, desde as d\u00e9cadas de 80 e 90, temos o sonho de levar cr\u00e9dito aos nossos trabalhadores. Isso foi luta do movimento sindical, e, gra\u00e7as a Deus, hoje temos a Cresol, que leva cr\u00e9dito aos trabalhadores, principalmente os rurais, de modo mais acess\u00edvel. Para n\u00f3s, \u00e9 muito importante ter uma institui\u00e7\u00e3o financeira que est\u00e1, de fato, ao lado do trabalhador, com respeito e di\u00e1logo. Os grandes bancos apresentam muita burocracia e a Cresol est\u00e1 no nosso dia a dia atendendo aos nossos colaboradores e parceiros. Al\u00e9m disso, temos &nbsp;um bom relacionamento com os diretores e funcion\u00e1rios. Ent\u00e3o, de fato, \u00e9 uma parceria que traz frutos e baseada na amizade, levando cr\u00e9dito aos nossos cooperados e s\u00f3cios e tratando a todos de forma igual\u201d<\/em>, contou.<\/p>\n<p style=\"text-align: justify;\">Isaias Clovis de Freitas, presidente do Sindicato dos Trabalhadores Rurais de Miradouro, tamb\u00e9m esteve presente e fez uma avalia\u00e7\u00e3o do projeto. <em>\u201cPara n\u00f3s, \u00e9 um crescimento de honra, de trabalho. Quando falamos de agricultura familiar, \u00e9 o que ajuda o desenvolvimento na cidade de Miradouro hoje, colocamos em pauta n\u00e3o apenas a produ\u00e7\u00e3o, como tamb\u00e9m o direito e o poder de ir e vir\u201d<\/em>, analisou.<\/p>\n<p>[ngg_images source=&#8221;galleries&#8221; container_ids=&#8221;1323&#8243; display_type=&#8221;photocrati-nextgen_basic_thumbnails&#8221; override_thumbnail_settings=&#8221;0&#8243; thumbnail_width=&#8221;100&#8243; thumbnail_height=&#8221;75&#8243; thumbnail_crop=&#8221;1&#8243; images_per_page=&#8221;0&#8243; number_of_columns=&#8221;0&#8243; ajax_pagination=&#8221;0&#8243; show_all_in_lightbox=&#8221;0&#8243; use_imagebrowser_effect=&#8221;0&#8243; show_slideshow_link=&#8221;1&#8243; slideshow_link_text=&#8221;[Show as slideshow]&#8221; order_by=&#8221;sortorder&#8221; order_direction=&#8221;ASC&#8221; returns=&#8221;included&#8221; maximum_entity_count=&#8221;500&#8243;]<\/p>\n","protected":false},"excerpt":{"rendered":"<p>A Cresol Sudeste de Minas realizou, na noite de sexta-feira (6), na Escola Municipal Dr. Olavo Tostes, a Assembleia Geral Extraordin\u00e1ria e Ordin\u00e1ria da &nbsp;Cresol Sudeste de Minas. Durante a cerim\u00f4nia, foi realizada a presta\u00e7\u00e3o de contas da Cooperativa de 2017 e o planejamento do que est\u00e1 para ser feito em 2018. O evento contou [&hellip;]<\/p>\n","protected":false},"author":6,"featured_media":52659,"comment_status":"open","ping_status":"closed","sticky":false,"template":"","format":"standard","meta":{"_joinchat":[],"footnotes":""},"categories":[1],"tags":[],"class_list":["post-52658","post","type-post","status-publish","format-standard","has-post-thumbnail","hentry","category-sem-categoria"],"_links":{"self":[{"href":"http:\/\/folhadosudeste.com\/site\/index.php?rest_route=\/wp\/v2\/posts\/52658","targetHints":{"allow":["GET"]}}],"collection":[{"href":"http:\/\/folhadosudeste.com\/site\/index.php?rest_route=\/wp\/v2\/posts"}],"about":[{"href":"http:\/\/folhadosudeste.com\/site\/index.php?rest_route=\/wp\/v2\/types\/post"}],"author":[{"embeddable":true,"href":"http:\/\/folhadosudeste.com\/site\/index.php?rest_route=\/wp\/v2\/users\/6"}],"replies":[{"embeddable":true,"href":"http:\/\/folhadosudeste.com\/site\/index.php?rest_route=%2Fwp%2Fv2%2Fcomments&post=52658"}],"version-history":[{"count":3,"href":"http:\/\/folhadosudeste.com\/site\/index.php?rest_route=\/wp\/v2\/posts\/52658\/revisions"}],"predecessor-version":[{"id":52699,"href":"http:\/\/folhadosudeste.com\/site\/index.php?rest_route=\/wp\/v2\/posts\/52658\/revisions\/52699"}],"wp:featuredmedia":[{"embeddable":true,"href":"http:\/\/folhadosudeste.com\/site\/index.php?rest_route=\/wp\/v2\/media\/52659"}],"wp:attachment":[{"href":"http:\/\/folhadosudeste.com\/site\/index.php?rest_route=%2Fwp%2Fv2%2Fmedia&parent=52658"}],"wp:term":[{"taxonomy":"category","embeddable":true,"href":"http:\/\/folhadosudeste.com\/site\/index.php?rest_route=%2Fwp%2Fv2%2Fcategories&post=52658"},{"taxonomy":"post_tag","embeddable":true,"href":"http:\/\/folhadosudeste.com\/site\/index.php?rest_route=%2Fwp%2Fv2%2Ftags&post=52658"}],"curies":[{"name":"wp","href":"https:\/\/api.w.org\/{rel}","templated":true}]}}