{"id":52713,"date":"2018-04-13T18:36:54","date_gmt":"2018-04-13T18:36:54","guid":{"rendered":"http:\/\/folhadosudeste.com\/site\/?p=52713"},"modified":"2018-04-13T18:39:12","modified_gmt":"2018-04-13T18:39:12","slug":"lael-e-misael-varella-recebem-ministro-kassab-em-encontro-com-liderancas","status":"publish","type":"post","link":"http:\/\/folhadosudeste.com\/site\/?p=52713","title":{"rendered":"Lael e Misael Varella recebem Ministro Kassab em encontro com lideran\u00e7as"},"content":{"rendered":"<p><a href=\"http:\/\/folhadosudeste.com\/site\/wp-content\/uploads\/2018\/04\/DSC_0264-1.jpg\"><img loading=\"lazy\" decoding=\"async\" class=\"aligncenter wp-image-52714 size-full\" src=\"http:\/\/folhadosudeste.com\/site\/wp-content\/uploads\/2018\/04\/DSC_0264-1.jpg\" alt=\"\" width=\"800\" height=\"530\" srcset=\"http:\/\/folhadosudeste.com\/site\/wp-content\/uploads\/2018\/04\/DSC_0264-1.jpg 800w, http:\/\/folhadosudeste.com\/site\/wp-content\/uploads\/2018\/04\/DSC_0264-1-300x199.jpg 300w, http:\/\/folhadosudeste.com\/site\/wp-content\/uploads\/2018\/04\/DSC_0264-1-768x509.jpg 768w\" sizes=\"auto, (max-width: 800px) 100vw, 800px\" \/><\/a><\/p>\n<p style=\"text-align: justify;\"><em>Evento reuniu a c\u00fapula mineira do PSD <\/em><\/p>\n<p style=\"text-align: justify;\">Na tarde da \u00faltima ter\u00e7a-feira, o Suplente do Senado, Lael Varella, e o Deputado Federal Misael Varella receberam em Muria\u00e9 o Ministro da Ci\u00eancia, Tecnologia, Inova\u00e7\u00f5es e Comunica\u00e7\u00f5es, Gilberto Kassab, Presidente Nacional do PSD. O encontro oficial contou com uma visita \u00e0s instala\u00e7\u00f5es da Funda\u00e7\u00e3o Cristiano Varella e um evento para oficializar a filia\u00e7\u00e3o de Lael e Misael ao PSD, diante de lideran\u00e7as mineiras do partido e de toda a regi\u00e3o. Na ocasi\u00e3o, ambos apresentaram os motivos da mudan\u00e7a de partido, ap\u00f3s mais de tr\u00eas d\u00e9cadas de vida p\u00fablica no Democratas.<\/p>\n<p style=\"text-align: justify;\">&nbsp;O deputado federal Misael Varella ressaltou a alegria e satisfa\u00e7\u00e3o pelo momento marcante de sua vida p\u00fablica. &nbsp;<em>Estivemos no DEM durante mais de 32 anos e s\u00f3 temos a agradecer. A motiva\u00e7\u00e3o para essa mudan\u00e7a foi de n\u00f3s enxergarmos as perspectivas para os nossos projetos futuros neste partido. O PSD j\u00e1 nasceu grande e vem crescendo. Tenho certeza de que nosso relacionamento com a nova legenda vai ser duradouro. Queremos entrar em uma nova linha de seguran\u00e7a p\u00fablica com os direcionamentos de que o pa\u00eds precisa. Estamos passando por uma crise pol\u00edtica, econ\u00f4mica e principalmente \u00e9tica-moral, mas tenho certeza de que daremos um novo passo na elimina\u00e7\u00e3o da corrup\u00e7\u00e3o\u201d<\/em>, afirmou.<\/p>\n<p style=\"text-align: justify;\">&nbsp;Misael fez um agradecimento ao p\u00fablico presente. <em>\u201cAgrade\u00e7o por terem atendido ao nosso convite para estar aqui prestigiando a nossa cerim\u00f4nia e conhecendo esse trabalho, que \u00e9 falado no Brasil inteiro e se iniciou com a idealiza\u00e7\u00e3o do meu pai: a Funda\u00e7\u00e3o Cristiano Varella. \u00c9 muito gratificante que eles possam conhecer a raz\u00e3o da nossa entrada na pol\u00edtica, sempre com seriedade e sem desvios\u201d<\/em>, disse.<\/p>\n<p style=\"text-align: justify;\">Para o Ministro Kassab, que esteve no evento para prestar contas e difundir o Programa Internet para Todos, o trabalho de Lael e Misael Varella independe de quest\u00f5es partid\u00e1rias e serve de refer\u00eancia para todo o Brasil. \u201c<em>O objetivo da minha visita \u00e9 que possamos, com todas as lideran\u00e7as pol\u00edticas e atrav\u00e9s do programa \u2018Internet para Todos\u2019, trazer uma mobiliza\u00e7\u00e3o verdadeira para que todos tenham acesso a meios de pesquisa, tecnologia, inova\u00e7\u00e3o e \u00e0s formas de educa\u00e7\u00e3o para que tenhamos um Brasil melhor, uma vez que a inclus\u00e3o digital \u00e9 um dos pilares da inclus\u00e3o social\u201d.<\/em><\/p>\n<p style=\"text-align: justify;\">O deputado federal e presidente do PSD de Minas Gerais, Diego Andrade, que tamb\u00e9m esteve presente, comentou o trabalho realizado pelo partido em prol do desenvolvimento da regi\u00e3o. <em>\u201cO PSD se consolida com a presen\u00e7a de Lael e Misael Varella. J\u00e1 temos o Dr. Wilson Batista, o Dr. Marcos Montes e a Dra. Raquel Muniz, al\u00e9m de realizarmos um trabalho muito forte na \u00e1rea da sa\u00fade no Hospital M\u00e1rio Pena Luxemburgo, na capital; na Santa Casa, de Tr\u00eas Pontas; no Hospital Regional de Varginha, etc. Sem sombra de d\u00favidas, somos o partido de Minas com os melhores quadros para apresentar solu\u00e7\u00f5es ao grave problema da sa\u00fade no Brasil\u201d<\/em>, explicou.<\/p>\n<p style=\"text-align: justify;\">Al\u00e9m de Kassab e Diego, Lael e Misael receberam tamb\u00e9m os deputados federais Marcos Montes, Raquel Muniz, St\u00e9fano Aguiar, al\u00e9m dos estaduais C\u00e1ssio Soares e Dr Wilson Batista. O diretor da Funda\u00e7\u00e3o Cristiano Varella, S\u00e9rgio Henriques, e o primeiro suplente do Senado Alexandre Silveira, tamb\u00e9m marcaram presen\u00e7a neste encontro com prefeitos, vice-prefeitos, vereadores e lideran\u00e7as de todo o estado. Alexandre sinalizou em seu discurso a possibilidade de que Lael Varella assuma a vaga no Senado, a depender do resultado das pr\u00f3ximas elei\u00e7\u00f5es.<\/p>\n<p style=\"text-align: justify;\">O prefeito Grego tamb\u00e9m se fez presente. <em>\u201c\u00c9 a visita de um Ministro de Estado que escolhe Muria\u00e9 como uma cidade polo, e isso s\u00f3 fortalece a figura de nosso munic\u00edpio como refer\u00eancia para a nossa regi\u00e3o. Como prefeito, eu me sinto muito honrado\u201d<\/em>, afirmou.<\/p>\n<p style=\"text-align: justify;\"><em>\u201cPara n\u00f3s, \u00e9 uma satisfa\u00e7\u00e3o imensa. O Gilberto Kassab representa uma lideran\u00e7a nacional, um pol\u00edtico vocacionado que capitaneou a funda\u00e7\u00e3o do PSD, e que vem homenagear o querido ex-presidente da rep\u00fablica Juscelino Kubitschek. Esse partido existiu de 1945 a 1965 e agora o recolocamos em funcionamento como uma nova oportunidade para os eleitores\u201d<\/em>, ressaltou o deputado estadual Wilson Batista.<\/p>\n<p>[ngg_images source=&#8221;galleries&#8221; container_ids=&#8221;1325&#8243; display_type=&#8221;photocrati-nextgen_basic_thumbnails&#8221; override_thumbnail_settings=&#8221;0&#8243; thumbnail_width=&#8221;100&#8243; thumbnail_height=&#8221;75&#8243; thumbnail_crop=&#8221;1&#8243; images_per_page=&#8221;0&#8243; number_of_columns=&#8221;0&#8243; ajax_pagination=&#8221;0&#8243; show_all_in_lightbox=&#8221;0&#8243; use_imagebrowser_effect=&#8221;0&#8243; show_slideshow_link=&#8221;1&#8243; slideshow_link_text=&#8221;[Show as slideshow]&#8221; order_by=&#8221;sortorder&#8221; order_direction=&#8221;ASC&#8221; returns=&#8221;included&#8221; maximum_entity_count=&#8221;500&#8243;]<\/p>\n","protected":false},"excerpt":{"rendered":"<p>Evento reuniu a c\u00fapula mineira do PSD Na tarde da \u00faltima ter\u00e7a-feira, o Suplente do Senado, Lael Varella, e o Deputado Federal Misael Varella receberam em Muria\u00e9 o Ministro da Ci\u00eancia, Tecnologia, Inova\u00e7\u00f5es e Comunica\u00e7\u00f5es, Gilberto Kassab, Presidente Nacional do PSD. O encontro oficial contou com uma visita \u00e0s instala\u00e7\u00f5es da Funda\u00e7\u00e3o Cristiano Varella e [&hellip;]<\/p>\n","protected":false},"author":6,"featured_media":52714,"comment_status":"open","ping_status":"closed","sticky":false,"template":"","format":"standard","meta":{"_joinchat":[],"footnotes":""},"categories":[1],"tags":[],"class_list":["post-52713","post","type-post","status-publish","format-standard","has-post-thumbnail","hentry","category-sem-categoria"],"_links":{"self":[{"href":"http:\/\/folhadosudeste.com\/site\/index.php?rest_route=\/wp\/v2\/posts\/52713","targetHints":{"allow":["GET"]}}],"collection":[{"href":"http:\/\/folhadosudeste.com\/site\/index.php?rest_route=\/wp\/v2\/posts"}],"about":[{"href":"http:\/\/folhadosudeste.com\/site\/index.php?rest_route=\/wp\/v2\/types\/post"}],"author":[{"embeddable":true,"href":"http:\/\/folhadosudeste.com\/site\/index.php?rest_route=\/wp\/v2\/users\/6"}],"replies":[{"embeddable":true,"href":"http:\/\/folhadosudeste.com\/site\/index.php?rest_route=%2Fwp%2Fv2%2Fcomments&post=52713"}],"version-history":[{"count":3,"href":"http:\/\/folhadosudeste.com\/site\/index.php?rest_route=\/wp\/v2\/posts\/52713\/revisions"}],"predecessor-version":[{"id":52762,"href":"http:\/\/folhadosudeste.com\/site\/index.php?rest_route=\/wp\/v2\/posts\/52713\/revisions\/52762"}],"wp:featuredmedia":[{"embeddable":true,"href":"http:\/\/folhadosudeste.com\/site\/index.php?rest_route=\/wp\/v2\/media\/52714"}],"wp:attachment":[{"href":"http:\/\/folhadosudeste.com\/site\/index.php?rest_route=%2Fwp%2Fv2%2Fmedia&parent=52713"}],"wp:term":[{"taxonomy":"category","embeddable":true,"href":"http:\/\/folhadosudeste.com\/site\/index.php?rest_route=%2Fwp%2Fv2%2Fcategories&post=52713"},{"taxonomy":"post_tag","embeddable":true,"href":"http:\/\/folhadosudeste.com\/site\/index.php?rest_route=%2Fwp%2Fv2%2Ftags&post=52713"}],"curies":[{"name":"wp","href":"https:\/\/api.w.org\/{rel}","templated":true}]}}