{"id":52763,"date":"2018-04-13T18:40:33","date_gmt":"2018-04-13T18:40:33","guid":{"rendered":"http:\/\/folhadosudeste.com\/site\/?p=52763"},"modified":"2018-04-13T18:42:36","modified_gmt":"2018-04-13T18:42:36","slug":"fundacao-cristiano-varella-recebe-a-visita-do-ministro-gilberto-kassab","status":"publish","type":"post","link":"http:\/\/folhadosudeste.com\/site\/?p=52763","title":{"rendered":"Funda\u00e7\u00e3o Cristiano Varella recebe a visita do Ministro Gilberto Kassab"},"content":{"rendered":"<p><a href=\"http:\/\/folhadosudeste.com\/site\/wp-content\/uploads\/2018\/04\/DSC_0168.jpg\"><img loading=\"lazy\" decoding=\"async\" class=\"aligncenter wp-image-52764 size-full\" src=\"http:\/\/folhadosudeste.com\/site\/wp-content\/uploads\/2018\/04\/DSC_0168.jpg\" alt=\"\" width=\"800\" height=\"530\" srcset=\"http:\/\/folhadosudeste.com\/site\/wp-content\/uploads\/2018\/04\/DSC_0168.jpg 800w, http:\/\/folhadosudeste.com\/site\/wp-content\/uploads\/2018\/04\/DSC_0168-300x199.jpg 300w, http:\/\/folhadosudeste.com\/site\/wp-content\/uploads\/2018\/04\/DSC_0168-768x509.jpg 768w\" sizes=\"auto, (max-width: 800px) 100vw, 800px\" \/><\/a><\/p>\n<p style=\"text-align: justify;\">A Funda\u00e7\u00e3o Cristiano Varella recebeu, na manh\u00e3 da \u00faltima ter\u00e7a-feira (10), o Ministro da Ci\u00eancia, Tecnologia, Inova\u00e7\u00f5es e Comunica\u00e7\u00f5es e ex-prefeito de S\u00e3o Paulo, Gilberto Kassab, que esteve em visita administrativa oficial a Muria\u00e9 e p\u00f4de conhecer as depend\u00eancias da institui\u00e7\u00e3o, vendo de perto o sistema de atendimento aos pacientes do Hospital Oncol\u00f3gico. O pol\u00edtico tamb\u00e9m \u00e9 presidente licenciado do PSD (Partido Social Democr\u00e1tico), ao qual o ex-deputado federal e atual suplente de senador Lael Varella e o deputado federal Misael Varella se filiaram recentemente.<\/p>\n<p style=\"text-align: justify;\"><em>\u201c\u00c9 uma oportunidade que temos de trazer para Muria\u00e9 propostas de parceria do governo federal para ajudar institui\u00e7\u00f5es que t\u00eam colaborado muito para o desenvolvimento da regi\u00e3o no \u00e2mbito social e no campo da ci\u00eancia, da pesquisa e da inova\u00e7\u00e3o. \u00c9 o que se pratica aqui, haja visto os avan\u00e7os que o institui\u00e7\u00e3o conseguiu nos \u00faltimos anos. Todos n\u00f3s sabemos que, por tr\u00e1s desse progresso, h\u00e1 o trabalho de Lael e Misael Varella, que procuram sempre fazer o melhor em termos de atendimento para a popula\u00e7\u00e3o n\u00e3o s\u00f3 de Muria\u00e9, como tamb\u00e9m de toda&nbsp; regi\u00e3o\u201d<\/em>, disse Kassab.<\/p>\n<p style=\"text-align: justify;\">O diretor administrativo da Funda\u00e7\u00e3o Cristiano Varella e pr\u00e9-candidato a deputado estadual, S\u00e9rgio Dias Henriques, expressou sua satisfa\u00e7\u00e3o com a visita do ministro. <em>\u201c\u00c9 sempre um prazer muito grande estar \u00e0 frente dessa institui\u00e7\u00e3o e, neste momento em que estamos rodeados de personalidades de import\u00e2ncia a n\u00edvel nacional, podemos mostrar o trabalho que desenvolvemos. S\u00f3 temos a agradecer as visitas e cumprimentar todos os profissionais da Institui\u00e7\u00e3o pelo excelente trabalho que prestamos durante esses 15 anos de funcionamento\u201d<\/em>, disse.<\/p>\n<p style=\"text-align: justify;\">Ele tamb\u00e9m discorreu sobre a relev\u00e2ncia da presen\u00e7a do pol\u00edtico na regi\u00e3o. <em>\u201cA troca de informa\u00e7\u00f5es e experi\u00eancias \u00e9 important\u00edssima para que possamos observar as necessidades dos munic\u00edpios e os meios de, como Institui\u00e7\u00e3o, reverter-lhes todos os benef\u00edcios advindos do nosso servi\u00e7o. Essa aproxima\u00e7\u00e3o \u00e9 importante para que eles conhe\u00e7am cada vez mais a relev\u00e2ncia da Funda\u00e7\u00e3o Cristiano Varella em toda regi\u00e3o\u201d<\/em>, concluiu.<\/p>\n<p>[ngg_images source=&#8221;galleries&#8221; container_ids=&#8221;1326&#8243; display_type=&#8221;photocrati-nextgen_basic_thumbnails&#8221; override_thumbnail_settings=&#8221;0&#8243; thumbnail_width=&#8221;100&#8243; thumbnail_height=&#8221;75&#8243; thumbnail_crop=&#8221;1&#8243; images_per_page=&#8221;0&#8243; number_of_columns=&#8221;0&#8243; ajax_pagination=&#8221;0&#8243; show_all_in_lightbox=&#8221;0&#8243; use_imagebrowser_effect=&#8221;0&#8243; show_slideshow_link=&#8221;1&#8243; slideshow_link_text=&#8221;[Show as slideshow]&#8221; order_by=&#8221;sortorder&#8221; order_direction=&#8221;ASC&#8221; returns=&#8221;included&#8221; maximum_entity_count=&#8221;500&#8243;]<\/p>\n","protected":false},"excerpt":{"rendered":"<p>A Funda\u00e7\u00e3o Cristiano Varella recebeu, na manh\u00e3 da \u00faltima ter\u00e7a-feira (10), o Ministro da Ci\u00eancia, Tecnologia, Inova\u00e7\u00f5es e Comunica\u00e7\u00f5es e ex-prefeito de S\u00e3o Paulo, Gilberto Kassab, que esteve em visita administrativa oficial a Muria\u00e9 e p\u00f4de conhecer as depend\u00eancias da institui\u00e7\u00e3o, vendo de perto o sistema de atendimento aos pacientes do Hospital Oncol\u00f3gico. O pol\u00edtico [&hellip;]<\/p>\n","protected":false},"author":6,"featured_media":52764,"comment_status":"open","ping_status":"closed","sticky":false,"template":"","format":"standard","meta":{"_joinchat":[],"footnotes":""},"categories":[1],"tags":[],"class_list":["post-52763","post","type-post","status-publish","format-standard","has-post-thumbnail","hentry","category-sem-categoria"],"_links":{"self":[{"href":"http:\/\/folhadosudeste.com\/site\/index.php?rest_route=\/wp\/v2\/posts\/52763","targetHints":{"allow":["GET"]}}],"collection":[{"href":"http:\/\/folhadosudeste.com\/site\/index.php?rest_route=\/wp\/v2\/posts"}],"about":[{"href":"http:\/\/folhadosudeste.com\/site\/index.php?rest_route=\/wp\/v2\/types\/post"}],"author":[{"embeddable":true,"href":"http:\/\/folhadosudeste.com\/site\/index.php?rest_route=\/wp\/v2\/users\/6"}],"replies":[{"embeddable":true,"href":"http:\/\/folhadosudeste.com\/site\/index.php?rest_route=%2Fwp%2Fv2%2Fcomments&post=52763"}],"version-history":[{"count":3,"href":"http:\/\/folhadosudeste.com\/site\/index.php?rest_route=\/wp\/v2\/posts\/52763\/revisions"}],"predecessor-version":[{"id":52806,"href":"http:\/\/folhadosudeste.com\/site\/index.php?rest_route=\/wp\/v2\/posts\/52763\/revisions\/52806"}],"wp:featuredmedia":[{"embeddable":true,"href":"http:\/\/folhadosudeste.com\/site\/index.php?rest_route=\/wp\/v2\/media\/52764"}],"wp:attachment":[{"href":"http:\/\/folhadosudeste.com\/site\/index.php?rest_route=%2Fwp%2Fv2%2Fmedia&parent=52763"}],"wp:term":[{"taxonomy":"category","embeddable":true,"href":"http:\/\/folhadosudeste.com\/site\/index.php?rest_route=%2Fwp%2Fv2%2Fcategories&post=52763"},{"taxonomy":"post_tag","embeddable":true,"href":"http:\/\/folhadosudeste.com\/site\/index.php?rest_route=%2Fwp%2Fv2%2Ftags&post=52763"}],"curies":[{"name":"wp","href":"https:\/\/api.w.org\/{rel}","templated":true}]}}