{"id":52880,"date":"2018-04-13T18:51:35","date_gmt":"2018-04-13T18:51:35","guid":{"rendered":"http:\/\/folhadosudeste.com\/site\/?p=52880"},"modified":"2018-04-13T18:51:35","modified_gmt":"2018-04-13T18:51:35","slug":"pre-assembleia-do-sicoob-credisudeste-barra-centro-e-dornelas-e-um-sucesso-e-firma-o-cooperativismo-na-regiao-de-muriae","status":"publish","type":"post","link":"http:\/\/folhadosudeste.com\/site\/?p=52880","title":{"rendered":"Pr\u00e9-Assembleia do Sicoob Credisudeste (Barra, Centro e Dornelas) \u00e9 um sucesso e firma o cooperativismo na regi\u00e3o de Muria\u00e9"},"content":{"rendered":"<p><a href=\"http:\/\/folhadosudeste.com\/site\/wp-content\/uploads\/2018\/04\/DSC_0046.jpg\"><img loading=\"lazy\" decoding=\"async\" class=\"aligncenter wp-image-52881 size-full\" src=\"http:\/\/folhadosudeste.com\/site\/wp-content\/uploads\/2018\/04\/DSC_0046.jpg\" alt=\"\" width=\"800\" height=\"530\" srcset=\"http:\/\/folhadosudeste.com\/site\/wp-content\/uploads\/2018\/04\/DSC_0046.jpg 800w, http:\/\/folhadosudeste.com\/site\/wp-content\/uploads\/2018\/04\/DSC_0046-300x199.jpg 300w, http:\/\/folhadosudeste.com\/site\/wp-content\/uploads\/2018\/04\/DSC_0046-768x509.jpg 768w\" sizes=\"auto, (max-width: 800px) 100vw, 800px\" \/><\/a><\/p>\n<p style=\"text-align: justify;\">O Sicoob Credisudeste mobilizou seus associados das tr\u00eas ag\u00eancias de Muria\u00e9: Barra, Centro e Dornelas, na noite de sexta-feira (06) no Colina Country&nbsp; Club, para a pr\u00e9-assembleia que antecedem a Assembleia Geral Ordin\u00e1ria, que acontece no dia 19 de abril, em Muria\u00e9 (MG). Os eventos come\u00e7aram em fevereiro e v\u00e3o at\u00e9 o dia 13 de abril em 20 localidades atendidas pela Cooperativa de Cr\u00e9dito.<\/p>\n<p style=\"text-align: justify;\">&nbsp;&nbsp;&nbsp;&nbsp;&nbsp;&nbsp;&nbsp;&nbsp;&nbsp; As pr\u00e9-assembleias s\u00e3o a oportunidade que o Sicoob Credisudeste tem para apresentar os resultados econ\u00f4micos do ano de 2017 e dos cooperados estarem em contato direto com diretores, conselheiros e colaboradores para tirar d\u00favidas e contribu\u00edrem com sugest\u00f5es.<\/p>\n<p style=\"text-align: justify;\">&nbsp;&nbsp;&nbsp;&nbsp;&nbsp;&nbsp;&nbsp;&nbsp;&nbsp; Segundo o gerente-geral do Sicoob Credisudeste Allan Hott, j\u00e1 \u00e9 um costume da Cooperativa fazer a presta\u00e7\u00e3o de contas anual, de tudo que a cooperativa gerou de resultado e como foi seu desempenho no exerc\u00edcio anterior, ou seja, do ano de 2017. \u201cEstamos aqui em Muria\u00e9 apresentando para os associados o nosso desempenho do ano passado, fazemos isso em todas as cidades onde temos ag\u00eancia, estimamos cerca de 500 pessoas aqui, \u00e9 um evento de alto n\u00edvel e gostamos muito da participa\u00e7\u00e3o de todos, ficamos lisonjeados com a presen\u00e7a dos nossos associados e de poder compartilhar v\u00e1rias informa\u00e7\u00f5es e estrat\u00e9gias ao longo do ano e sobre os novos rumos da cooperativa, nossos objetivos, princ\u00edpios e desafios para o ano de 2018. Reunimos aqui nossas tr\u00eas ag\u00eancias: Barra, Centro e Dornelas, e fizemos a presta\u00e7\u00e3o de contas individualizada por ag\u00eancia e tamb\u00e9m da Cooperativa de forma geral, ela reside em 20 munic\u00edpios e com 23 ag\u00eancias\u201d, explicou.<\/p>\n<p style=\"text-align: justify;\">&nbsp;&nbsp;&nbsp;&nbsp;&nbsp;&nbsp;&nbsp;&nbsp;&nbsp;&nbsp;&nbsp; O Presidente do Conselho de Administra\u00e7\u00e3o do Sicoob Credisudeste, Paulo Alexandre de Oliveira Carvalho, disse: &#8220;A obriga\u00e7\u00e3o de toda Cooperativa \u00e9 prestar contas aos associados e n\u00f3s fazemos nos munic\u00edpios onde temos ag\u00eancia, como a sede fica em Muria\u00e9 resolvemos fazer aqui a pr\u00e9-assembleia j\u00e1 que a Assembleia Geral precisa ser na sede. Fiquei muito satisfeito pois os associados atenderam ao nosso convite, prestaram aten\u00e7\u00e3o nos n\u00fameros e encheram o Colina, quando voc\u00ea aproxima os associados \u00e0 dire\u00e7\u00e3o ele passa a ter conhecimento de como a Cooperativa est\u00e1 sendo gerida e, normalmente, uma vez escolhido o gestor &nbsp;os associados n\u00e3o ficam sabendo de mais nada, n\u00f3s n\u00e3o queremos que isso aconte\u00e7a com o Sicoob Credisudeste, queremos que o associado opine, sugira e reclame de forma construtiva pois o associado \u00e9 o dono da Cooperativa e, como dono, ele precisa ajudar a geri-la. Agrade\u00e7o aos colaboradores do Sicoob Credisudeste pois eles est\u00e3o fazendo um esfor\u00e7o muito grande para alcan\u00e7ar os resultados e eles t\u00eam conseguido isso. A Assembleia superou as nossas expectativas, por ser a primeira, esper\u00e1vamos que tivesse em torno de 200 associados, foram preparados 600 lugares e eles conseguiram lotar\u201d.<\/p>\n<p style=\"text-align: justify;\">&nbsp;&nbsp;&nbsp;&nbsp;&nbsp;&nbsp;&nbsp;&nbsp;&nbsp; A gerente da ag\u00eancia do Dornelas, Bianca Dias Gon\u00e7alves, frisou: &#8220;S\u00f3 temos que agradecer aos nossos associados, trouxemos mais pessoas do que o esperado, sinal que a comunidade est\u00e1 abra\u00e7ando o Sicoob e tornando-o a sua institui\u00e7\u00e3o financeira principal, aqui fazemos muito mais que clientes, fazemos amigos e esta \u00e9 a prova. Na ag\u00eancia do Dornelas temos cerca de 500 associados, a maioria s\u00e3o pessoas f\u00edsicas mas temos aproximadamente 200 pessoas jur\u00eddicas, abrangemos os bairros &nbsp;Dornelas, Santana, Cardoso de Melo, S\u00e3o Joaquim e toda aquela comunidade. Estou muito feliz por tudo isso ter dado certo pois trabalhamos muito para trazer o pessoal para Muria\u00e9\u201d.<\/p>\n<p style=\"text-align: justify;\">&nbsp;&nbsp;&nbsp;&nbsp;&nbsp;&nbsp;&nbsp;&nbsp; O gerente da ag\u00eancia da Barra, Gilberto Lemos Soares, explicou: &#8220;Foi a primeira vez que acontece uma pr\u00e9-assembleia em Muria\u00e9 e ficamos muito satisfeitos com a presen\u00e7a dos associados, vimos que quem veio aqui s\u00e3o as pessoas fi\u00e9is \u00e0 Cooperativa, que t\u00eam prazer de estarem conosco e que est\u00e3o satisfeitos com o norte que a Cooperativa tomou. Quero agradecer \u00e0 presen\u00e7a de todos e convidar a comunidade muriaeense para que nos visite e conhe\u00e7a os nossos servi\u00e7os pois tenho certeza que ir\u00e3o gostar e jamais nos deixar\u00e3o\u201d.<\/p>\n<p style=\"text-align: justify;\">&nbsp;&nbsp;&nbsp;&nbsp;&nbsp;&nbsp;&nbsp; A gerente da ag\u00eancia do Centro, Ana Cristina de Oliveira Alves Rocha, disse: &#8220;Hoje realizamos nossa primeira pr\u00e9-assembleia em Muria\u00e9, est\u00e1vamos muito apreensivos para que tudo desse certo, os associados compareceram em massa no Colina para nos prestigiar e na noite de hoje, juntamente com a diretoria executiva, apresentamos os resultados que ag\u00eancia produziu no ano de 2017. Esses resultados e isso tudo s\u00f3 foi poss\u00edvel porque existem os associados e por que temos uma grande equipe unida. Quero agradecer a presen\u00e7a de todo mundo e dizer que estamos dispon\u00edveis na ag\u00eancia para esclarecer d\u00favidas e ganhar novos associados, hoje temos em torno de 1500 associados. A Assembleia Geral ser\u00e1 no dia 19 de abril, onde apresentaremos os resultados da Cooperativa inteira\u201d.<\/p>\n<p style=\"text-align: justify;\">&nbsp;&nbsp;&nbsp;&nbsp;&nbsp;&nbsp;&nbsp;&nbsp;&nbsp; A jornalista Gabriela Marquito, cooperada h\u00e1 6 anos do Sicoob Credisudeste no Dornelas, disse: &#8220;Gosto muito da Cooperativa pelo tratamento e atendimento especializado, pelos servi\u00e7os de qualidade que s\u00e3o ofertados e pela seguran\u00e7a que ela oferece a todos n\u00f3s. O sorteio eu entendo como uma forma de nos valorizar como cooperado e aqui \u00e9 uma forma de voc\u00ea se atualizar sobre o que est\u00e1 acontecendo, a Cooperativa est\u00e1 de parab\u00e9ns\u201d.<\/p>\n<p>[ngg_images source=&#8221;galleries&#8221; container_ids=&#8221;1328&#8243; display_type=&#8221;photocrati-nextgen_basic_thumbnails&#8221; override_thumbnail_settings=&#8221;0&#8243; thumbnail_width=&#8221;100&#8243; thumbnail_height=&#8221;75&#8243; thumbnail_crop=&#8221;1&#8243; images_per_page=&#8221;0&#8243; number_of_columns=&#8221;0&#8243; ajax_pagination=&#8221;0&#8243; show_all_in_lightbox=&#8221;0&#8243; use_imagebrowser_effect=&#8221;0&#8243; show_slideshow_link=&#8221;1&#8243; slideshow_link_text=&#8221;[Show as slideshow]&#8221; order_by=&#8221;sortorder&#8221; order_direction=&#8221;ASC&#8221; returns=&#8221;included&#8221; maximum_entity_count=&#8221;500&#8243;]<\/p>\n","protected":false},"excerpt":{"rendered":"<p>O Sicoob Credisudeste mobilizou seus associados das tr\u00eas ag\u00eancias de Muria\u00e9: Barra, Centro e Dornelas, na noite de sexta-feira (06) no Colina Country&nbsp; Club, para a pr\u00e9-assembleia que antecedem a Assembleia Geral Ordin\u00e1ria, que acontece no dia 19 de abril, em Muria\u00e9 (MG). Os eventos come\u00e7aram em fevereiro e v\u00e3o at\u00e9 o dia 13 de [&hellip;]<\/p>\n","protected":false},"author":6,"featured_media":52881,"comment_status":"open","ping_status":"closed","sticky":false,"template":"","format":"standard","meta":{"_joinchat":[],"footnotes":""},"categories":[1],"tags":[],"class_list":["post-52880","post","type-post","status-publish","format-standard","has-post-thumbnail","hentry","category-sem-categoria"],"_links":{"self":[{"href":"http:\/\/folhadosudeste.com\/site\/index.php?rest_route=\/wp\/v2\/posts\/52880","targetHints":{"allow":["GET"]}}],"collection":[{"href":"http:\/\/folhadosudeste.com\/site\/index.php?rest_route=\/wp\/v2\/posts"}],"about":[{"href":"http:\/\/folhadosudeste.com\/site\/index.php?rest_route=\/wp\/v2\/types\/post"}],"author":[{"embeddable":true,"href":"http:\/\/folhadosudeste.com\/site\/index.php?rest_route=\/wp\/v2\/users\/6"}],"replies":[{"embeddable":true,"href":"http:\/\/folhadosudeste.com\/site\/index.php?rest_route=%2Fwp%2Fv2%2Fcomments&post=52880"}],"version-history":[{"count":1,"href":"http:\/\/folhadosudeste.com\/site\/index.php?rest_route=\/wp\/v2\/posts\/52880\/revisions"}],"predecessor-version":[{"id":52910,"href":"http:\/\/folhadosudeste.com\/site\/index.php?rest_route=\/wp\/v2\/posts\/52880\/revisions\/52910"}],"wp:featuredmedia":[{"embeddable":true,"href":"http:\/\/folhadosudeste.com\/site\/index.php?rest_route=\/wp\/v2\/media\/52881"}],"wp:attachment":[{"href":"http:\/\/folhadosudeste.com\/site\/index.php?rest_route=%2Fwp%2Fv2%2Fmedia&parent=52880"}],"wp:term":[{"taxonomy":"category","embeddable":true,"href":"http:\/\/folhadosudeste.com\/site\/index.php?rest_route=%2Fwp%2Fv2%2Fcategories&post=52880"},{"taxonomy":"post_tag","embeddable":true,"href":"http:\/\/folhadosudeste.com\/site\/index.php?rest_route=%2Fwp%2Fv2%2Ftags&post=52880"}],"curies":[{"name":"wp","href":"https:\/\/api.w.org\/{rel}","templated":true}]}}