{"id":52921,"date":"2018-04-17T19:02:51","date_gmt":"2018-04-17T19:02:51","guid":{"rendered":"http:\/\/folhadosudeste.com\/site\/?p=52921"},"modified":"2018-04-17T19:02:51","modified_gmt":"2018-04-17T19:02:51","slug":"prova-de-processo-seletivo-da-assistencia-social-sera-na-proxima-sexta-no-caic","status":"publish","type":"post","link":"http:\/\/folhadosudeste.com\/site\/?p=52921","title":{"rendered":"Prova de processo seletivo da assist\u00eancia social ser\u00e1 na pr\u00f3xima sexta, no Caic"},"content":{"rendered":"<p><a href=\"http:\/\/folhadosudeste.com\/site\/wp-content\/uploads\/2018\/04\/Prova-ser\u00e1-aplicada-na-Escola-Municipal-Joaquim-Ribeiro-de-Carvalho-o-Caic.jpg\"><img loading=\"lazy\" decoding=\"async\" class=\"aligncenter wp-image-52922 size-large\" src=\"http:\/\/folhadosudeste.com\/site\/wp-content\/uploads\/2018\/04\/Prova-ser\u00e1-aplicada-na-Escola-Municipal-Joaquim-Ribeiro-de-Carvalho-o-Caic-1024x454.jpg\" alt=\"\" width=\"620\" height=\"275\" srcset=\"http:\/\/folhadosudeste.com\/site\/wp-content\/uploads\/2018\/04\/Prova-ser\u00e1-aplicada-na-Escola-Municipal-Joaquim-Ribeiro-de-Carvalho-o-Caic-1024x454.jpg 1024w, http:\/\/folhadosudeste.com\/site\/wp-content\/uploads\/2018\/04\/Prova-ser\u00e1-aplicada-na-Escola-Municipal-Joaquim-Ribeiro-de-Carvalho-o-Caic-300x133.jpg 300w, http:\/\/folhadosudeste.com\/site\/wp-content\/uploads\/2018\/04\/Prova-ser\u00e1-aplicada-na-Escola-Municipal-Joaquim-Ribeiro-de-Carvalho-o-Caic-768x341.jpg 768w, http:\/\/folhadosudeste.com\/site\/wp-content\/uploads\/2018\/04\/Prova-ser\u00e1-aplicada-na-Escola-Municipal-Joaquim-Ribeiro-de-Carvalho-o-Caic.jpg 2048w\" sizes=\"auto, (max-width: 620px) 100vw, 620px\" \/><\/a><\/p>\n<p class=\"m_-1144403662953388478gmail-MsoNoSpacing\" style=\"text-align: justify;\"><i>Profissionais v\u00e3o atuar em setores de Cadastro \u00danico e Bolsa Fam\u00edlia na Prefeitura, auxiliando presta\u00e7\u00e3o de servi\u00e7os a muriaeenses<\/i><\/p>\n<p class=\"m_-1144403662953388478gmail-MsoNoSpacing\" style=\"text-align: justify;\">&nbsp;<\/p>\n<p class=\"m_-1144403662953388478gmail-MsoNoSpacing\" style=\"text-align: justify;\">A prova objetiva do processo seletivo para trabalho na assist\u00eancia social ser\u00e1 aplicada na pr\u00f3xima sexta-feira (20), \u00e0s 14h, na Escola Municipal Joaquim Ribeiro de Carvalho (mais conhecida como Caic), no Encoberta. Est\u00e1 sendo oferecida uma vaga mais cadastro de reserva para profissionais de n\u00edvel superior em Servi\u00e7o Social ou Psicologia. Eles v\u00e3o atuar no Cadastro \u00danico para Programas Sociais do Governo Federal e Bolsa Fam\u00edlia da Prefeitura, auxiliando os muriaeenses que utilizam os servi\u00e7os.<\/p>\n<p class=\"m_-1144403662953388478gmail-MsoNoSpacing\" style=\"text-align: justify;\">&nbsp;<\/p>\n<p class=\"m_-1144403662953388478gmail-MsoNoSpacing\" style=\"text-align: justify;\">Os candidatos devem chegar ao local com pelo menos 15 minutos de anteced\u00eancia, portando documento original de identidade e caneta esferogr\u00e1fica azul ou preta. O gabarito e o resultado da prova ser\u00e3o divulgados na pr\u00f3xima segunda-feira (23), no site da Prefeitura (<a href=\"http:\/\/www.muriae.mg.gov.br\/\" target=\"_blank\" rel=\"noopener\" data-saferedirecturl=\"https:\/\/www.google.com\/url?hl=pt-BR&amp;q=http:\/\/www.muriae.mg.gov.br&amp;source=gmail&amp;ust=1524077709198000&amp;usg=AFQjCNFS4k9J01vRoH1clAA3PBUBmFL9ZA\">www.muriae.mg.gov.br<\/a>, no link \u201cCidad\u00e3o\u201d, aba \u201cProcessos Seletivos\u201d).<\/p>\n<p class=\"m_-1144403662953388478gmail-MsoNoSpacing\" style=\"text-align: justify;\">&nbsp;<\/p>\n<p class=\"m_-1144403662953388478gmail-MsoNoSpacing\" style=\"text-align: justify;\">A segunda fase do processo seletivo, que compreende a qualifica\u00e7\u00e3o t\u00e9cnica, com a an\u00e1lise de curr\u00edculo e tempo de experi\u00eancia na \u00e1rea, ser\u00e1 dia 26 deste m\u00eas, a partir das 9h, na Secretaria Municipal de Desenvolvimento Social, localizada ano primeiro andar do Centro Administrativo. Com jornada de 40h semanais, o profissional receber\u00e1 remunera\u00e7\u00e3o correspondente ao valor de R$ R$ 1.991,48.<\/p>\n<p class=\"m_-1144403662953388478gmail-MsoNoSpacing\" style=\"text-align: justify;\">&nbsp;<\/p>\n<p class=\"m_-1144403662953388478gmail-MsoNoSpacing\" style=\"text-align: justify;\"><b>Servi\u00e7o:<\/b><\/p>\n<p class=\"m_-1144403662953388478gmail-MsoNoSpacing\" style=\"text-align: justify;\"><b>Prova para processo seletivo:<\/b><\/p>\n<p class=\"m_-1144403662953388478gmail-MsoNoSpacing\" style=\"text-align: justify;\">Data: 20 de abril (pr\u00f3xima sexta-feira)<\/p>\n<p class=\"m_-1144403662953388478gmail-MsoNoSpacing\" style=\"text-align: justify;\">Local: Escola Municipal Joaquim Ribeiro de Carvalho (Caic), localizada na&nbsp;<a href=\"https:\/\/maps.google.com\/?q=Rua+Ant%C3%B4nio+Pereira+Galv%C3%A3o,+555&amp;entry=gmail&amp;source=g\">Rua Ant\u00f4nio Pereira Galv\u00e3o, 555<\/a>, Encoberta.<\/p>\n<p class=\"m_-1144403662953388478gmail-MsoNoSpacing\" style=\"text-align: justify;\">Hor\u00e1rio: das 14h \u00e0s 17h<\/p>\n<p class=\"m_-1144403662953388478gmail-MsoNoSpacing\" style=\"text-align: justify;\">Candidatos devem:<\/p>\n<p class=\"m_-1144403662953388478gmail-MsoNoSpacing\" style=\"text-align: justify;\">&nbsp;&#8211; Levar documento original de identidade<\/p>\n<p class=\"m_-1144403662953388478gmail-MsoNoSpacing\" style=\"text-align: justify;\">&nbsp;&#8211; Caneta esferogr\u00e1fica azul ou preta<\/p>\n<p class=\"m_-1144403662953388478gmail-MsoNoSpacing\" style=\"text-align: justify;\">&nbsp;&#8211; Chegar ao local com 15 minutos de anteced\u00eancia<\/p>\n<p class=\"m_-1144403662953388478gmail-MsoNoSpacing\" style=\"text-align: justify;\"><b>&nbsp;<\/b><\/p>\n<p class=\"m_-1144403662953388478gmail-MsoNoSpacing\" style=\"text-align: justify;\"><b>Divulga\u00e7\u00e3o do gabarito e resultado da prova:<\/b><\/p>\n<p class=\"m_-1144403662953388478gmail-MsoNoSpacing\" style=\"text-align: justify;\">Data: 23 de abril (pr\u00f3xima segunda-feira)<\/p>\n<p class=\"m_-1144403662953388478gmail-MsoNoSpacing\" style=\"text-align: justify;\">Local:&nbsp;<a href=\"http:\/\/www.muriae.mg.gov.br\/\" target=\"_blank\" rel=\"noopener\" data-saferedirecturl=\"https:\/\/www.google.com\/url?hl=pt-BR&amp;q=http:\/\/www.muriae.mg.gov.br&amp;source=gmail&amp;ust=1524077709198000&amp;usg=AFQjCNFS4k9J01vRoH1clAA3PBUBmFL9ZA\">www.muriae.mg.gov.br<\/a>, no link \u201cCidad\u00e3o\u201d, aba \u201cProcessos Seletivos\u201d<\/p>\n<p class=\"m_-1144403662953388478gmail-MsoNoSpacing\" style=\"text-align: justify;\">&nbsp;<\/p>\n<p class=\"m_-1144403662953388478gmail-MsoNoSpacing\" style=\"text-align: justify;\"><b>Segunda fase do processo seletivo:<\/b><\/p>\n<p class=\"m_-1144403662953388478gmail-MsoNoSpacing\" style=\"text-align: justify;\">Data: 26 de abril<\/p>\n<p class=\"m_-1144403662953388478gmail-MsoNoSpacing\" style=\"text-align: justify;\">Local: Secretaria Municipal de Desenvolvimento Social, localizada ano primeiro andar do Centro Administrativo<\/p>\n<p class=\"m_-1144403662953388478gmail-MsoNoSpacing\" style=\"text-align: justify;\">Hor\u00e1rio: a partir das 9h<\/p>\n<p class=\"m_-1144403662953388478gmail-MsoNoSpacing\" style=\"text-align: justify;\"><i>Foto: Arquivo Prefeitura de Muria\u00e9<\/i><\/p>\n","protected":false},"excerpt":{"rendered":"<p>Profissionais v\u00e3o atuar em setores de Cadastro \u00danico e Bolsa Fam\u00edlia na Prefeitura, auxiliando presta\u00e7\u00e3o de servi\u00e7os a muriaeenses &nbsp; A prova objetiva do processo seletivo para trabalho na assist\u00eancia social ser\u00e1 aplicada na pr\u00f3xima sexta-feira (20), \u00e0s 14h, na Escola Municipal Joaquim Ribeiro de Carvalho (mais conhecida como Caic), no Encoberta. Est\u00e1 sendo oferecida [&hellip;]<\/p>\n","protected":false},"author":6,"featured_media":52922,"comment_status":"open","ping_status":"closed","sticky":false,"template":"","format":"standard","meta":{"_joinchat":[],"footnotes":""},"categories":[1],"tags":[],"class_list":["post-52921","post","type-post","status-publish","format-standard","has-post-thumbnail","hentry","category-sem-categoria"],"_links":{"self":[{"href":"http:\/\/folhadosudeste.com\/site\/index.php?rest_route=\/wp\/v2\/posts\/52921","targetHints":{"allow":["GET"]}}],"collection":[{"href":"http:\/\/folhadosudeste.com\/site\/index.php?rest_route=\/wp\/v2\/posts"}],"about":[{"href":"http:\/\/folhadosudeste.com\/site\/index.php?rest_route=\/wp\/v2\/types\/post"}],"author":[{"embeddable":true,"href":"http:\/\/folhadosudeste.com\/site\/index.php?rest_route=\/wp\/v2\/users\/6"}],"replies":[{"embeddable":true,"href":"http:\/\/folhadosudeste.com\/site\/index.php?rest_route=%2Fwp%2Fv2%2Fcomments&post=52921"}],"version-history":[{"count":1,"href":"http:\/\/folhadosudeste.com\/site\/index.php?rest_route=\/wp\/v2\/posts\/52921\/revisions"}],"predecessor-version":[{"id":52923,"href":"http:\/\/folhadosudeste.com\/site\/index.php?rest_route=\/wp\/v2\/posts\/52921\/revisions\/52923"}],"wp:featuredmedia":[{"embeddable":true,"href":"http:\/\/folhadosudeste.com\/site\/index.php?rest_route=\/wp\/v2\/media\/52922"}],"wp:attachment":[{"href":"http:\/\/folhadosudeste.com\/site\/index.php?rest_route=%2Fwp%2Fv2%2Fmedia&parent=52921"}],"wp:term":[{"taxonomy":"category","embeddable":true,"href":"http:\/\/folhadosudeste.com\/site\/index.php?rest_route=%2Fwp%2Fv2%2Fcategories&post=52921"},{"taxonomy":"post_tag","embeddable":true,"href":"http:\/\/folhadosudeste.com\/site\/index.php?rest_route=%2Fwp%2Fv2%2Ftags&post=52921"}],"curies":[{"name":"wp","href":"https:\/\/api.w.org\/{rel}","templated":true}]}}