{"id":52929,"date":"2018-04-17T19:20:53","date_gmt":"2018-04-17T19:20:53","guid":{"rendered":"http:\/\/folhadosudeste.com\/site\/?p=52929"},"modified":"2018-04-17T19:25:18","modified_gmt":"2018-04-17T19:25:18","slug":"segunda-unidade-da-padaria-vera-cruz-e-inaugurada-no-dornelas","status":"publish","type":"post","link":"http:\/\/folhadosudeste.com\/site\/?p=52929","title":{"rendered":"Segunda unidade da Padaria Vera Cruz \u00e9 inaugurada no Dornelas"},"content":{"rendered":"<p><a href=\"http:\/\/folhadosudeste.com\/site\/wp-content\/uploads\/2018\/04\/DSC_0007-1.jpg\"><img loading=\"lazy\" decoding=\"async\" class=\"aligncenter wp-image-52931 size-full\" src=\"http:\/\/folhadosudeste.com\/site\/wp-content\/uploads\/2018\/04\/DSC_0007-1.jpg\" alt=\"\" width=\"800\" height=\"530\" srcset=\"http:\/\/folhadosudeste.com\/site\/wp-content\/uploads\/2018\/04\/DSC_0007-1.jpg 800w, http:\/\/folhadosudeste.com\/site\/wp-content\/uploads\/2018\/04\/DSC_0007-1-300x199.jpg 300w, http:\/\/folhadosudeste.com\/site\/wp-content\/uploads\/2018\/04\/DSC_0007-1-768x509.jpg 768w\" sizes=\"auto, (max-width: 800px) 100vw, 800px\" \/><\/a><\/p>\n<p style=\"text-align: justify;\">A segunda unidade da Padaria Vera Cruz foi inaugurada neste s\u00e1bado (14), no bairro Dornelas. Com um ambiente moderno e charmoso, a panificadora est\u00e1 sempre preocupada com a qualidade do que oferece aos seus clientes, por isso cuida com carinho do preparo de p\u00e3es, doces, bolos, biscoitos, salgados, sorvetes, caf\u00e9s, sucos e todos os produtos exclusivos. A inaugura\u00e7\u00e3o atraiu centenas de pessoas ao local.<\/p>\n<p style=\"text-align: justify;\">Segundo Alexandre Henrique Pedrosa, propriet\u00e1rio da padaria Vera Cruz, o grande diferencial do novo empreendimento \u00e9 a variedade de produtos, que al\u00e9m do essencial de uma padaria, oferece produtos de mercearia e almo\u00e7o aos domingos com o card\u00e1pio tradicional. \u201cAgrade\u00e7o primeiramente a Deus por esta inaugura\u00e7\u00e3o e por sempre me ajudar em todas as ocasi\u00f5es e fases da minha vida pelas quais passei com muita dificuldade. A padaria tem o mesmo nome de minha m\u00e3e, em sua homenagem. Temos 35 anos no ramo de panifica\u00e7\u00e3o com a Vera Cruz e os quatro irm\u00e3os. N\u00f3s t\u00ednhamos uma confec\u00e7\u00e3o e abrimos, na pracinha do Dornelas, a primeira padaria Vera Cruz, que foi um sucesso, pois, gra\u00e7as a Deus, as pessoas gostam muito de mim. Desde ent\u00e3o, \u00e9 s\u00f3 sucesso. Temos uma gratid\u00e3o com todos que realmente sentem um carinho por n\u00f3s e v\u00eam nos prestigiar. As pessoas que passam na estrada elogiam todas as receitas, que s\u00e3o feitas com amor, carinho e qualidade. Nossos produtos s\u00e3o de qualidade. Temos p\u00e3o franc\u00eas, doces, bolos e uma equipe espetacular no preparo de salgados. Serviremos almo\u00e7o aos domingos e o card\u00e1pio \u00e9 o tradicional da padaria Vera Cruz: carneiro e leitoa assada, feij\u00e3o tropeiro, salpic\u00e3o, maionese, torta, lasanha, etc.\u201d, explica o propriet\u00e1rio da padaria.<\/p>\n<p style=\"text-align: justify;\">Fl\u00e1via Aparecida de Oliveira Ara\u00fajo, cliente e moradora do bairro Dornelas, disse: \u201cFoi muito boa a inaugura\u00e7\u00e3o da padaria neste local. Sempre quando precis\u00e1vamos comprar alguma coisa, t\u00ednhamos que andar muito e agora n\u00e3o precisamos mais, sem falar na qualidade e sabor dos alimentos. J\u00e1 sou cliente da outra padaria e conhe\u00e7o os produtos, que s\u00e3o muito gostosos\u201ddiz<\/p>\n<p style=\"text-align: justify;\">O hor\u00e1rio de funcionamento da Padaria Vera Cruz \u00e9 das 05h30min \u00e0s 21h, de domingo a domingo. As duas lojas estar\u00e3o abertas.<\/p>\n<p>[ngg_images source=&#8221;galleries&#8221; container_ids=&#8221;1329&#8243; display_type=&#8221;photocrati-nextgen_basic_thumbnails&#8221; override_thumbnail_settings=&#8221;0&#8243; thumbnail_width=&#8221;100&#8243; thumbnail_height=&#8221;75&#8243; thumbnail_crop=&#8221;1&#8243; images_per_page=&#8221;0&#8243; number_of_columns=&#8221;0&#8243; ajax_pagination=&#8221;0&#8243; show_all_in_lightbox=&#8221;0&#8243; use_imagebrowser_effect=&#8221;0&#8243; show_slideshow_link=&#8221;1&#8243; slideshow_link_text=&#8221;[Show as slideshow]&#8221; order_by=&#8221;sortorder&#8221; order_direction=&#8221;ASC&#8221; returns=&#8221;included&#8221; maximum_entity_count=&#8221;500&#8243;]<\/p>\n","protected":false},"excerpt":{"rendered":"<p>A segunda unidade da Padaria Vera Cruz foi inaugurada neste s\u00e1bado (14), no bairro Dornelas. Com um ambiente moderno e charmoso, a panificadora est\u00e1 sempre preocupada com a qualidade do que oferece aos seus clientes, por isso cuida com carinho do preparo de p\u00e3es, doces, bolos, biscoitos, salgados, sorvetes, caf\u00e9s, sucos e todos os produtos [&hellip;]<\/p>\n","protected":false},"author":6,"featured_media":52931,"comment_status":"open","ping_status":"closed","sticky":false,"template":"","format":"standard","meta":{"_joinchat":[],"footnotes":""},"categories":[1],"tags":[],"class_list":["post-52929","post","type-post","status-publish","format-standard","has-post-thumbnail","hentry","category-sem-categoria"],"_links":{"self":[{"href":"http:\/\/folhadosudeste.com\/site\/index.php?rest_route=\/wp\/v2\/posts\/52929","targetHints":{"allow":["GET"]}}],"collection":[{"href":"http:\/\/folhadosudeste.com\/site\/index.php?rest_route=\/wp\/v2\/posts"}],"about":[{"href":"http:\/\/folhadosudeste.com\/site\/index.php?rest_route=\/wp\/v2\/types\/post"}],"author":[{"embeddable":true,"href":"http:\/\/folhadosudeste.com\/site\/index.php?rest_route=\/wp\/v2\/users\/6"}],"replies":[{"embeddable":true,"href":"http:\/\/folhadosudeste.com\/site\/index.php?rest_route=%2Fwp%2Fv2%2Fcomments&post=52929"}],"version-history":[{"count":3,"href":"http:\/\/folhadosudeste.com\/site\/index.php?rest_route=\/wp\/v2\/posts\/52929\/revisions"}],"predecessor-version":[{"id":52979,"href":"http:\/\/folhadosudeste.com\/site\/index.php?rest_route=\/wp\/v2\/posts\/52929\/revisions\/52979"}],"wp:featuredmedia":[{"embeddable":true,"href":"http:\/\/folhadosudeste.com\/site\/index.php?rest_route=\/wp\/v2\/media\/52931"}],"wp:attachment":[{"href":"http:\/\/folhadosudeste.com\/site\/index.php?rest_route=%2Fwp%2Fv2%2Fmedia&parent=52929"}],"wp:term":[{"taxonomy":"category","embeddable":true,"href":"http:\/\/folhadosudeste.com\/site\/index.php?rest_route=%2Fwp%2Fv2%2Fcategories&post=52929"},{"taxonomy":"post_tag","embeddable":true,"href":"http:\/\/folhadosudeste.com\/site\/index.php?rest_route=%2Fwp%2Fv2%2Ftags&post=52929"}],"curies":[{"name":"wp","href":"https:\/\/api.w.org\/{rel}","templated":true}]}}