{"id":53046,"date":"2018-04-20T16:30:05","date_gmt":"2018-04-20T16:30:05","guid":{"rendered":"http:\/\/folhadosudeste.com\/site\/?p=53046"},"modified":"2018-04-20T16:30:05","modified_gmt":"2018-04-20T16:30:05","slug":"cdl-realiza-encontro-de-mulheres-que-inspiram","status":"publish","type":"post","link":"http:\/\/folhadosudeste.com\/site\/?p=53046","title":{"rendered":"CDL realiza Encontro de Mulheres que Inspiram"},"content":{"rendered":"<p><a href=\"http:\/\/folhadosudeste.com\/site\/wp-content\/uploads\/2018\/04\/DSC_0031-1.jpg\"><img loading=\"lazy\" decoding=\"async\" class=\"aligncenter wp-image-53047 size-full\" src=\"http:\/\/folhadosudeste.com\/site\/wp-content\/uploads\/2018\/04\/DSC_0031-1.jpg\" alt=\"\" width=\"800\" height=\"530\" srcset=\"http:\/\/folhadosudeste.com\/site\/wp-content\/uploads\/2018\/04\/DSC_0031-1.jpg 800w, http:\/\/folhadosudeste.com\/site\/wp-content\/uploads\/2018\/04\/DSC_0031-1-300x199.jpg 300w, http:\/\/folhadosudeste.com\/site\/wp-content\/uploads\/2018\/04\/DSC_0031-1-768x509.jpg 768w\" sizes=\"auto, (max-width: 800px) 100vw, 800px\" \/><\/a><\/p>\n<p class=\"m6938007363117726027paragraph\" style=\"margin: 0cm 0cm 0.0001pt; text-indent: 32.55pt; vertical-align: baseline; text-align: justify;\"><span class=\"m6938007363117726027normaltextrun\">A CDL Muria\u00e9 realizou, na&nbsp;noite da&nbsp;\u00faltima ter\u00e7a-feira (17), um Encontro de Mulheres&nbsp;<\/span><span class=\"m6938007363117726027contextualspellingandgrammarerror\">que<b>&nbsp;Inspiram<\/b><\/span><span class=\"m6938007363117726027normaltextrun\"><b>.&nbsp;<\/b>A cerim\u00f4nia teve como tema \u201cSa\u00fade da Mulher pelos alimentos\u201d ministrada pela&nbsp;nutricionista&nbsp;Carolina&nbsp;<\/span><span class=\"m6938007363117726027spellingerror\">Balieri<\/span><span class=\"m6938007363117726027normaltextrun\">, que deu dicas&nbsp;para as mulheres,&nbsp;sobre&nbsp;como ter uma boa alimenta\u00e7\u00e3o,&nbsp;cuidados com o corpo e outros assuntos relacionados \u00e0 tem\u00e1tica do evento.&nbsp;O projeto Mulheres que Inspiram tem como objetivo a promo\u00e7\u00e3o do&nbsp;empoderamento&nbsp;feminino, conectando mulheres ao empreendedorismo e incentivando-as a serem protagonistas de suas pr\u00f3prias carreiras.<\/span><span class=\"m6938007363117726027eop\">&nbsp;<\/span><\/p>\n<p class=\"m6938007363117726027paragraph\" style=\"margin: 0cm 0cm 0.0001pt; text-indent: 32.55pt; vertical-align: baseline; text-align: justify;\"><span class=\"m6938007363117726027normaltextrun\">A consultora de empresas e&nbsp;<i>coach<\/i>&nbsp;palestrante&nbsp;Luciana&nbsp;<\/span><span class=\"m6938007363117726027spellingerror\">Pirozi<\/span><span class=\"m6938007363117726027normaltextrun\">&nbsp;explicou as bases do Encontro e mostrou-se feliz com o resultado.&nbsp;<i>\u201cHoje foi a abertura oficial&nbsp;do nosso projeto \u2018Mulheres que Inspiram\u2019,&nbsp;com sucesso total e presen\u00e7a de mais de 70 mulheres no audit\u00f3rio. Em cada encontro,&nbsp;<\/i><b>haver\u00e1<\/b><i>&nbsp;uma palestrante que&nbsp;<b>passar\u00e1<\/b>&nbsp;para n\u00f3s assuntos referentes ao nosso cotidiano. A&nbsp;ideia&nbsp;\u00e9 fortificar a mulher para que ela possa confraternizar com outras e ter consci\u00eancia de que est\u00e1 apta a fazer o que quiser, desenvolvendo-se pessoal e profissionalmente\u201d<\/i>, disse.<\/span><span class=\"m6938007363117726027eop\">&nbsp;<\/span><\/p>\n<p class=\"m6938007363117726027paragraph\" style=\"margin: 0cm 0cm 0.0001pt; text-indent: 32.55pt; vertical-align: baseline; text-align: justify;\"><span class=\"m6938007363117726027normaltextrun\">A nutricionista funcional&nbsp;e palestrante Carolina&nbsp;<\/span><span class=\"m6938007363117726027spellingerror\">Balieri<\/span><span class=\"m6938007363117726027normaltextrun\">&nbsp;expressou seu ponto de vista sobre a cerim\u00f4nia.&nbsp;<i>\u201cEu acho legal o interesse das mulheres presentes e que elas busquem sempre melhorar, mas lamento que a maioria sofra com os principais e mesmos sintomas: m\u00e1 qualidade do sono, falta de libido, TPM, menopausa, etc. \u00c9 sinal de que est\u00e3o passando&nbsp;por grande estresse no dia a dia e&nbsp;n\u00e3o est\u00e3o ingerindo nutrientes o suficiente. Ou seja, n\u00e3o est\u00e3o totalmente em equil\u00edbrio\u201d<\/i>, relatou. Ela aproveitou para&nbsp;deixar uma recomenda\u00e7\u00e3o para as mulheres que est\u00e3o preocupadas com o corpo.&nbsp;<i>\u201cN\u00f3s somos o que comemos e como dormimos. Gosto muito dos sucos verdes e dos anti-inflamat\u00f3rios&nbsp;naturais, como:&nbsp;o a\u00e7afr\u00e3o e gengibre, al\u00e9m dos sucos vermelhos, que s\u00e3o ricos em antioxidantes e fazem bem para a pele, e alimentos naturais\u201d<\/i>, contou.<\/span><span class=\"m6938007363117726027eop\">&nbsp;<\/span><\/p>\n<p class=\"m6938007363117726027paragraph\" style=\"margin: 0cm 0cm 0.0001pt; text-indent: 32.55pt; vertical-align: baseline; text-align: justify;\"><span class=\"m6938007363117726027normaltextrun\">Luzia Maria de Assis Santos, da diretoria&nbsp;de eventos na CDL,&nbsp;explicou o relacionamento da associa\u00e7\u00e3o com o t\u00f3pico.&nbsp;<i>\u201cA CDL conta com a participa\u00e7\u00e3o de in\u00fameras mulheres, portanto abra\u00e7a essa causa. N\u00f3s nos dividimos em milh\u00f5es de fatias, mas nos esquecemos de sentar, conversar, rir e termos o nosso momento. Buscamos sempre fomentar o com\u00e9rcio municipal&nbsp;e buscar novas&nbsp;ideias. E \u00e9 importante ressaltar tamb\u00e9m que somos uma diretoria 100% volunt\u00e1ria, reservando nosso tempo para promover o crescimento do lojista associado\u201d<\/i>, afirmou.<\/span><span class=\"m6938007363117726027eop\">&nbsp;<\/span><\/p>\n<p class=\"m6938007363117726027paragraph\" style=\"margin: 0cm 0cm 0.0001pt; text-indent: 32.55pt; vertical-align: baseline; text-align: justify;\"><span class=\"m6938007363117726027normaltextrun\">Ao final do evento, foi&nbsp;realizado um&nbsp;sorteio de brindes e&nbsp;servido um coquetel patrocinado pelo Restaurante Fios de Ovos, al\u00e9m de&nbsp;m\u00fasica ao vivo com F\u00e1tima e&nbsp;Carlos Alberto.&nbsp;O pr\u00f3ximo&nbsp;Encontro&nbsp;ocorrer\u00e1 em 29 de maio, com inscri\u00e7\u00f5es a serem realizadas na CDL ou atrav\u00e9s das realizadoras.<\/span><span class=\"m6938007363117726027eop\">&nbsp;<\/span><\/p>\n<p>[ngg_images source=&#8221;galleries&#8221; container_ids=&#8221;1330&#8243; display_type=&#8221;photocrati-nextgen_basic_thumbnails&#8221; override_thumbnail_settings=&#8221;0&#8243; thumbnail_width=&#8221;100&#8243; thumbnail_height=&#8221;75&#8243; thumbnail_crop=&#8221;1&#8243; images_per_page=&#8221;0&#8243; number_of_columns=&#8221;0&#8243; ajax_pagination=&#8221;0&#8243; show_all_in_lightbox=&#8221;0&#8243; use_imagebrowser_effect=&#8221;0&#8243; show_slideshow_link=&#8221;1&#8243; slideshow_link_text=&#8221;[Show as slideshow]&#8221; order_by=&#8221;sortorder&#8221; order_direction=&#8221;ASC&#8221; returns=&#8221;included&#8221; maximum_entity_count=&#8221;500&#8243;]<\/p>\n","protected":false},"excerpt":{"rendered":"<p>A CDL Muria\u00e9 realizou, na&nbsp;noite da&nbsp;\u00faltima ter\u00e7a-feira (17), um Encontro de Mulheres&nbsp;que&nbsp;Inspiram.&nbsp;A cerim\u00f4nia teve como tema \u201cSa\u00fade da Mulher pelos alimentos\u201d ministrada pela&nbsp;nutricionista&nbsp;Carolina&nbsp;Balieri, que deu dicas&nbsp;para as mulheres,&nbsp;sobre&nbsp;como ter uma boa alimenta\u00e7\u00e3o,&nbsp;cuidados com o corpo e outros assuntos relacionados \u00e0 tem\u00e1tica do evento.&nbsp;O projeto Mulheres que Inspiram tem como objetivo a promo\u00e7\u00e3o do&nbsp;empoderamento&nbsp;feminino, conectando mulheres [&hellip;]<\/p>\n","protected":false},"author":6,"featured_media":53047,"comment_status":"open","ping_status":"closed","sticky":false,"template":"","format":"standard","meta":{"_joinchat":[],"footnotes":""},"categories":[1],"tags":[],"class_list":["post-53046","post","type-post","status-publish","format-standard","has-post-thumbnail","hentry","category-sem-categoria"],"_links":{"self":[{"href":"http:\/\/folhadosudeste.com\/site\/index.php?rest_route=\/wp\/v2\/posts\/53046","targetHints":{"allow":["GET"]}}],"collection":[{"href":"http:\/\/folhadosudeste.com\/site\/index.php?rest_route=\/wp\/v2\/posts"}],"about":[{"href":"http:\/\/folhadosudeste.com\/site\/index.php?rest_route=\/wp\/v2\/types\/post"}],"author":[{"embeddable":true,"href":"http:\/\/folhadosudeste.com\/site\/index.php?rest_route=\/wp\/v2\/users\/6"}],"replies":[{"embeddable":true,"href":"http:\/\/folhadosudeste.com\/site\/index.php?rest_route=%2Fwp%2Fv2%2Fcomments&post=53046"}],"version-history":[{"count":1,"href":"http:\/\/folhadosudeste.com\/site\/index.php?rest_route=\/wp\/v2\/posts\/53046\/revisions"}],"predecessor-version":[{"id":53070,"href":"http:\/\/folhadosudeste.com\/site\/index.php?rest_route=\/wp\/v2\/posts\/53046\/revisions\/53070"}],"wp:featuredmedia":[{"embeddable":true,"href":"http:\/\/folhadosudeste.com\/site\/index.php?rest_route=\/wp\/v2\/media\/53047"}],"wp:attachment":[{"href":"http:\/\/folhadosudeste.com\/site\/index.php?rest_route=%2Fwp%2Fv2%2Fmedia&parent=53046"}],"wp:term":[{"taxonomy":"category","embeddable":true,"href":"http:\/\/folhadosudeste.com\/site\/index.php?rest_route=%2Fwp%2Fv2%2Fcategories&post=53046"},{"taxonomy":"post_tag","embeddable":true,"href":"http:\/\/folhadosudeste.com\/site\/index.php?rest_route=%2Fwp%2Fv2%2Ftags&post=53046"}],"curies":[{"name":"wp","href":"https:\/\/api.w.org\/{rel}","templated":true}]}}