{"id":53079,"date":"2018-04-20T16:37:37","date_gmt":"2018-04-20T16:37:37","guid":{"rendered":"http:\/\/folhadosudeste.com\/site\/?p=53079"},"modified":"2018-04-25T12:11:52","modified_gmt":"2018-04-25T12:11:52","slug":"atelie-salha-lilian-salles-e-inaugurado-no-centro","status":"publish","type":"post","link":"http:\/\/folhadosudeste.com\/site\/?p=53079","title":{"rendered":"Ateli\u00ea Salha Lilian Salles \u00e9 inaugurado no Centro"},"content":{"rendered":"<p><a href=\"http:\/\/folhadosudeste.com\/site\/wp-content\/uploads\/2018\/04\/DSC_0145.jpg\"><img loading=\"lazy\" decoding=\"async\" class=\"aligncenter wp-image-53094 size-full\" src=\"http:\/\/folhadosudeste.com\/site\/wp-content\/uploads\/2018\/04\/DSC_0145.jpg\" alt=\"\" width=\"800\" height=\"530\" srcset=\"http:\/\/folhadosudeste.com\/site\/wp-content\/uploads\/2018\/04\/DSC_0145.jpg 800w, http:\/\/folhadosudeste.com\/site\/wp-content\/uploads\/2018\/04\/DSC_0145-300x199.jpg 300w, http:\/\/folhadosudeste.com\/site\/wp-content\/uploads\/2018\/04\/DSC_0145-768x509.jpg 768w\" sizes=\"auto, (max-width: 800px) 100vw, 800px\" \/><\/a><\/p>\n<p style=\"text-align: justify;\">Foi inaugurado, na tarde da \u00faltima quarta-feira, o Ateli\u00ea Salha Lillian Salles, no Centro de Muria\u00e9. A marca j\u00e1 apresenta mais de 25 anos de experi\u00eancia na \u00e1rea de confec\u00e7\u00e3o com uma loja na Central da Pronta Entrega. O novo estabelecimento funciona com vendas a varejo a partir de um est\u00fadio de produ\u00e7\u00e3o de roupas personalizadas de acordo com os gostos e medidas da cliente, prezando sempre pelo bem-estar da consumidora e pela qualidade quanto \u00e0 confec\u00e7\u00e3o das pe\u00e7as.<\/p>\n<p style=\"text-align: justify;\">A propriet\u00e1ria da loja, Lilian Salles, explicou como surgiu a iniciativa de abrir a nova loja. \u201cAs clientes elogiavam as roupas e desejavam uma pe\u00e7a diferenciada e \u00fanica. A demanda por pe\u00e7as exclusivas foi aumentando e eu tomei a atitude de montar uma estrutura para a produ\u00e7\u00e3o de roupas assim. Com isso, decidimos montar este ateli\u00ea, que tamb\u00e9m \u00e9 uma loja de varejo, onde trabalharemos com cal\u00e7as, saias, vestidos, blusas, etc., sob medida ou n\u00e3o\u201d, disse.<\/p>\n<p style=\"text-align: justify;\">Lilian tamb\u00e9m detalhou o processo de atendimento e assist\u00eancia ao consumidor, realizado pelos funcion\u00e1rios altamente qualificados. \u201cNosso ateli\u00ea est\u00e1 pronto para dar assessoria \u00e0s clientes, caso queiram fazer alguns ajustes. Montamos uma equipe de modelistas e bordadeiras para atender a este p\u00fablico. Temos os tecidos a serem escolhidos pela cliente, que pode decidir o modelo aqui ou trazer o que ela quiser. Dependendo da encomenda, pedimos tamb\u00e9m anteced\u00eancia quanto \u00e0 realiza\u00e7\u00e3o do pedido, para que possamos cumprir o prazo, satisfazer \u00e0s clientes e trabalhar com tranquilidade e seriedade\u201d, explicou.<\/p>\n<p style=\"text-align: justify;\">Lilian concluiu com uma mensagem de otimismo e confian\u00e7a em rela\u00e7\u00e3o ao novo empreendimento. \u201cPedimos a Deus for\u00e7a, sabedoria e sa\u00fade para que tudo d\u00ea certo, pois sem Ele nada \u00e9 poss\u00edvel. \u00c9 uma conquista, uma nova hist\u00f3ria se iniciando. Nada como um dia ap\u00f3s o outro\u201d, finalizou.<\/p>\n<p style=\"text-align: justify;\">O estabelecimento est\u00e1 localizado na Rua Cel. Domiciano, n\u00ba 63, Centro e conta com diversas facilidades no pagamento, como o parcelamento no cart\u00e3o de cr\u00e9dito, de acordo com a pe\u00e7a escolhida.<\/p>\n<p>[ngg_images source=&#8221;galleries&#8221; container_ids=&#8221;1332&#8243; display_type=&#8221;photocrati-nextgen_basic_thumbnails&#8221; override_thumbnail_settings=&#8221;0&#8243; thumbnail_width=&#8221;100&#8243; thumbnail_height=&#8221;75&#8243; thumbnail_crop=&#8221;1&#8243; images_per_page=&#8221;0&#8243; number_of_columns=&#8221;0&#8243; ajax_pagination=&#8221;0&#8243; show_all_in_lightbox=&#8221;0&#8243; use_imagebrowser_effect=&#8221;0&#8243; show_slideshow_link=&#8221;1&#8243; slideshow_link_text=&#8221;[Show as slideshow]&#8221; order_by=&#8221;sortorder&#8221; order_direction=&#8221;ASC&#8221; returns=&#8221;included&#8221; maximum_entity_count=&#8221;500&#8243;]<\/p>\n","protected":false},"excerpt":{"rendered":"<p>Foi inaugurado, na tarde da \u00faltima quarta-feira, o Ateli\u00ea Salha Lillian Salles, no Centro de Muria\u00e9. A marca j\u00e1 apresenta mais de 25 anos de experi\u00eancia na \u00e1rea de confec\u00e7\u00e3o com uma loja na Central da Pronta Entrega. O novo estabelecimento funciona com vendas a varejo a partir de um est\u00fadio de produ\u00e7\u00e3o de roupas [&hellip;]<\/p>\n","protected":false},"author":6,"featured_media":53094,"comment_status":"open","ping_status":"closed","sticky":false,"template":"","format":"standard","meta":{"_joinchat":[],"footnotes":""},"categories":[1],"tags":[],"class_list":["post-53079","post","type-post","status-publish","format-standard","has-post-thumbnail","hentry","category-sem-categoria"],"_links":{"self":[{"href":"http:\/\/folhadosudeste.com\/site\/index.php?rest_route=\/wp\/v2\/posts\/53079","targetHints":{"allow":["GET"]}}],"collection":[{"href":"http:\/\/folhadosudeste.com\/site\/index.php?rest_route=\/wp\/v2\/posts"}],"about":[{"href":"http:\/\/folhadosudeste.com\/site\/index.php?rest_route=\/wp\/v2\/types\/post"}],"author":[{"embeddable":true,"href":"http:\/\/folhadosudeste.com\/site\/index.php?rest_route=\/wp\/v2\/users\/6"}],"replies":[{"embeddable":true,"href":"http:\/\/folhadosudeste.com\/site\/index.php?rest_route=%2Fwp%2Fv2%2Fcomments&post=53079"}],"version-history":[{"count":2,"href":"http:\/\/folhadosudeste.com\/site\/index.php?rest_route=\/wp\/v2\/posts\/53079\/revisions"}],"predecessor-version":[{"id":53277,"href":"http:\/\/folhadosudeste.com\/site\/index.php?rest_route=\/wp\/v2\/posts\/53079\/revisions\/53277"}],"wp:featuredmedia":[{"embeddable":true,"href":"http:\/\/folhadosudeste.com\/site\/index.php?rest_route=\/wp\/v2\/media\/53094"}],"wp:attachment":[{"href":"http:\/\/folhadosudeste.com\/site\/index.php?rest_route=%2Fwp%2Fv2%2Fmedia&parent=53079"}],"wp:term":[{"taxonomy":"category","embeddable":true,"href":"http:\/\/folhadosudeste.com\/site\/index.php?rest_route=%2Fwp%2Fv2%2Fcategories&post=53079"},{"taxonomy":"post_tag","embeddable":true,"href":"http:\/\/folhadosudeste.com\/site\/index.php?rest_route=%2Fwp%2Fv2%2Ftags&post=53079"}],"curies":[{"name":"wp","href":"https:\/\/api.w.org\/{rel}","templated":true}]}}