{"id":53139,"date":"2018-04-20T16:45:54","date_gmt":"2018-04-20T16:45:54","guid":{"rendered":"http:\/\/folhadosudeste.com\/site\/?p=53139"},"modified":"2018-04-20T16:45:54","modified_gmt":"2018-04-20T16:45:54","slug":"reverendo-wilson-reis-lanca-o-livro-de-sua-biografia-minha-historia","status":"publish","type":"post","link":"http:\/\/folhadosudeste.com\/site\/?p=53139","title":{"rendered":"Reverendo Wilson Reis lan\u00e7a o livro de sua biografia \u201cMinha Hist\u00f3ria\u201d"},"content":{"rendered":"<p><a href=\"http:\/\/folhadosudeste.com\/site\/wp-content\/uploads\/2018\/04\/CHAMADA.jpg\"><img loading=\"lazy\" decoding=\"async\" class=\"aligncenter wp-image-53141 size-full\" src=\"http:\/\/folhadosudeste.com\/site\/wp-content\/uploads\/2018\/04\/CHAMADA.jpg\" alt=\"\" width=\"800\" height=\"533\" srcset=\"http:\/\/folhadosudeste.com\/site\/wp-content\/uploads\/2018\/04\/CHAMADA.jpg 800w, http:\/\/folhadosudeste.com\/site\/wp-content\/uploads\/2018\/04\/CHAMADA-300x200.jpg 300w, http:\/\/folhadosudeste.com\/site\/wp-content\/uploads\/2018\/04\/CHAMADA-768x512.jpg 768w\" sizes=\"auto, (max-width: 800px) 100vw, 800px\" \/><\/a><\/p>\n<p style=\"text-align: justify;\">O Reverendo Wilson Reis, L\u00edder do Minist\u00e9rio Quadrangular da Regi\u00e3o Eclesi\u00e1stica 415, lan\u00e7ou em um grande evento, realizado na AABB, na noite de s\u00e1bado (14), o livro \u201cMinha Hist\u00f3ria &#8211; Uma hist\u00f3ria que o tempo n\u00e3o poder\u00e1 apagar\u201d, sua biografia. A cerim\u00f4nia contou com a presen\u00e7a de um grande p\u00fablico de mais de 500 pessoas, entre familiares, colegas de minist\u00e9rio, empres\u00e1rios e amigos.<\/p>\n<p style=\"text-align: justify;\">&nbsp;&nbsp;&nbsp;&nbsp;&nbsp;&nbsp;&nbsp;&nbsp;&nbsp;&nbsp;&nbsp; A solenidade disp\u00f4s da apresenta\u00e7\u00e3o de v\u00eddeos de diversas autoridades e lideran\u00e7as religiosas, que prestigiaram e demonstraram sua admira\u00e7\u00e3o em rela\u00e7\u00e3o \u00e0 pessoa do Reverendo. Entre os presentes nos v\u00eddeos apresentados, que deixaram suas homenagens, estavam: o Presidente Nacional da IEQ, Reverendo M\u00e1rio de Oliveira; o pastor da IEQ e Deputado Federal, Stefano Aguiar; o prefeito de Muria\u00e9, Grego; o filho que mora nos Estados Unidos, Isaias Elpes, etc.<\/p>\n<p style=\"text-align: justify;\"><em>\u201c\u00c9 uma honra fazer esta hist\u00f3ria e escrev\u00ea-la, n\u00e3o in mem\u00f3ria, mas ainda em vida. Agrade\u00e7o a Deus e a todos que me proporcionaram este momento em que posso me sentir amado. Foi Deus que me trouxe h\u00e1 50 anos para o minist\u00e9rio para cuidar de pessoas e leva-las a Cristo. Hoje, pude sentir essa alegria, com a presen\u00e7a de pessoas de v\u00e1rias denomina\u00e7\u00f5es religiosas que vieram nos honrar. \u00c9 gratificante\u201d<\/em>, disse o Reverendo Wilson Reis, mostrando-se grato pelo sucesso do evento.<\/p>\n<p style=\"text-align: justify;\"><em>\u201c\u00c9 uma biografia muito importante porque \u00e9 marcada de grandes acontecimentos. Ele \u00e9 um homem muito trabalhador, digno e honrado. Eu acredito que o livro \u00e9 um divisor de \u00e1guas. Daqui para frente, as experi\u00eancias que vir\u00e3o ser\u00e3o ainda maiores. Ele \u00e9 um vencedor\u201d<\/em>, relatou Reverenda Dolores de Oliveira de Souza, Presidente do Conselho da IEQ no Estado do Esp\u00edrito Santo, Supervisora da Regi\u00e3o da Zona da Mata e Pastora de Ibirit\u00e9, na Grande BH.<\/p>\n<p style=\"text-align: justify;\">Pastora S\u00edlvia Cristina de Castro Almeida, que trabalha h\u00e1 21 anos no Minist\u00e9rio Quadrangular, explanou quanto \u00e0 produ\u00e7\u00e3o da obra.&nbsp; <em>\u201cO livro demonstra a caminhada do Reverendo Wilson Reis desde os seus primeiros anos na fazendo do sossego, o momento em que ele, ainda jovem, aceita Jesus e vai para o Minist\u00e9rio Quadrangular. Na reda\u00e7\u00e3o do livro, houve tr\u00eas pessoas que me ajudaram com muito afinco com esse trabalho e a quem quero agradecer: \u00e0 Editora Quadrangular, na pessoa do Pastor Erivelton Tavares, \u00e0 Pastora Luciana Fuoch, e ao Pastor Serafim Menezes, que foram pessoas que estiveram diretamente envolvidas no livro \u2018Minha Hist\u00f3ria\u2019. O Reverendo quando me homenageou nesta noite, estava agradecendo n\u00e3o s\u00f3 a mim, mas tamb\u00e9m toda equipe de quarenta pessoas que se envolveram nessa festa de lan\u00e7amento. Foi um evento que superou nossas expectativas. Agrade\u00e7o a Deus e a todos que compareceram\u201d<\/em>, explicou.<\/p>\n<p style=\"text-align: justify;\">&nbsp;&nbsp;&nbsp;&nbsp;&nbsp;&nbsp;&nbsp;&nbsp;&nbsp;&nbsp;&nbsp; Josu\u00e9 Elpes dos Santos, filho do Reverendo Wilson Reis, demonstrou seu apre\u00e7o com a realiza\u00e7\u00e3o deste trabalho. <em>\u201cPara mim, \u00e9 uma grande honra participar desse momento. Esse livro \u00e9 uma hist\u00f3ria de vit\u00f3ria. Meu pai \u00e9 um vitorioso em tudo que fez at\u00e9 hoje. \u00c9 uma satisfa\u00e7\u00e3o para mim e para a minha fam\u00edlia poder desfrutar disso hoje. Agrade\u00e7o a todo o p\u00fablico presente\u201d<\/em>, afirmou.<\/p>\n<p style=\"text-align: justify;\">&nbsp;&nbsp;&nbsp;&nbsp;&nbsp;&nbsp;&nbsp;&nbsp;&nbsp;&nbsp;&nbsp; Seu irm\u00e3o, Edmilson Elpes dos Santos, tamb\u00e9m filho do Reverendo, expressou sua perspectiva quanto ao evento e ao lan\u00e7amento do livro.<em> \u201c\u00c9 uma alegria ver que meu pai venceu e esta sendo honrado nesta noite. Nossa fam\u00edlia \u00e9 muito aben\u00e7oada, assim como ele. S\u00f3 temos a agradecer a Deus por tantas coisas boas que nos acontecem, pelas conquistas do meu pai e pela realiza\u00e7\u00e3o do seu sonho. Esperamos que ele consiga ainda mais vit\u00f3rias ao longo da vida. Ele \u00e9 uma pessoa em constante atualiza\u00e7\u00e3o, que sempre olha pra frente e busca coisas para fazer e sonhos a realizar. Tenho certeza de que, a partir de agora, ele estar\u00e1 pensando no que mais vai executar\u201d<\/em>, contou.<\/p>\n<p style=\"text-align: justify;\">&nbsp;&nbsp;&nbsp;&nbsp;&nbsp;&nbsp;&nbsp;&nbsp;&nbsp;&nbsp;&nbsp; O Pastor Superintendente da Regi\u00e3o de Ponte Nova, Jos\u00e9 Maria da Cruz, tamb\u00e9m esteve presente na solenidade e deixou uma mensagem para seu amigo Reverendo Wilson Reis. <em>\u201cContinue. Voc\u00ea \u00e9 uma ben\u00e7\u00e3o de Deus para todos n\u00f3s, e a sua hist\u00f3ria \u00e9 um testemunho de vida. Voc\u00ea nos inspira sempre a perseverar\u201d<\/em>, disse.<\/p>\n<p style=\"text-align: justify;\">O Pastor da Assembleia de Deus, do Minist\u00e9rio de Itaperuna com extens\u00e3o na G\u00e1vea, Paulo Silva do Nascimento, explicou sua rela\u00e7\u00e3o com o Reverendo Wilson Reis e manifestou sua felicidade quanto ao evento. <em>\u201c\u00c9 uma pessoa que faz parte da nossa hist\u00f3ria com o qual mantenho uma amizade muito pr\u00f3xima h\u00e1 mais de 20 anos. Estar aqui, nesse dia t\u00e3o especial para a Igreja do Evangelho Quadrangular, \u00e9 um prazer para n\u00f3s. Acompanhamos o trabalho desse Minist\u00e9rio em Muria\u00e9, especialmente no Serm\u00e3o da Montanha, e podemos dizer que \u00e9 um trabalho que alcan\u00e7a muitas vidas\u201d<\/em>, detalhou. Sua esposa, Adriana Jardim, tamb\u00e9m expressou seus votos de f\u00e9 para o Reverendo. <em>\u201cQue o Senhor continue renovando suas for\u00e7as a cada manh\u00e3. Nessa jornada, n\u00e3o temos bandeiras, mas o nosso alvo \u00e9 o mesmo: a Gl\u00f3ria de Deus<\/em>\u201d, declarou.<\/p>\n<p style=\"text-align: justify;\">Marcos Mauricio, Pastor da IEQ do bairro Gaspar h\u00e1 cinco anos, que atuou como Mestre de Cerim\u00f4nia, junto \u00e0 Pastora Luciana Fuoch da IEQ sede, tamb\u00e9m expressou seu ponto de vista sobre o livro e as conquistas do Reverendo. <em>\u201c\u00c9 um momento hist\u00f3rico na vida do Rev. Wilson Reis e na vida do Minist\u00e9rio Quadrangular. Como Mestre de Cerim\u00f4nia, eu me sinto honrado em fazer parte dessa hist\u00f3ria &nbsp;tamb\u00e9m. \u00c9 uma noite especial em que as pessoas atenderam ao chamado e compareceram. Eu sou um daqueles que tiveram a oportunidade de ser inserido no Minist\u00e9rio Quadrangular, pregando o Evangelho h\u00e1 mais de 24 anos. N\u00e3o h\u00e1 como n\u00e3o se emocionar em um momento como este. N\u00e3o \u00e9 apenas uma autobiografia, como tamb\u00e9m um momento de supera\u00e7\u00e3o\u201d<\/em>, afirmou.<\/p>\n<p style=\"text-align: justify;\">O Reverendo Wilson Reis concluiu com uma mensagem de agradecimento pela cerim\u00f4nia em sua homenagem. <em>\u201cQuero agradecer a todos, principalmente \u00e0 Pastora S\u00edlvia, que passou noites e dias na produ\u00e7\u00e3o deste livro. Mas hoje foi tudo recompensado. Deixo uma frase para finalizar: como disse o Salmista Davi, \u2018o choro pode durar uma noite, mas a alegria vem ao amanhecer\u2019. E, hoje, para mim, \u00e9 o dia da minha alegria. Muito obrigado a todos e at\u00e9 breve, se Deus assim permitir\u201d<\/em>, finalizou.<\/p>\n<p style=\"text-align: justify;\">&nbsp;&nbsp;&nbsp;&nbsp;&nbsp;&nbsp;&nbsp;&nbsp;&nbsp;&nbsp;&nbsp; Ao final do evento, houve um coquetel e um momento para aut\u00f3grafos. Desde domingo (15), o livro est\u00e1 dispon\u00edvel na IEQ Sede, na Barra, em pre\u00e7o promocional de lan\u00e7amento, por apenas R$19,90 e em algumas semanas estar\u00e1 dispon\u00edvel em todas as Igrejas do Evangelho Quadrangular e nas livrarias da cidade.<\/p>\n<p>[ngg_images source=&#8221;galleries&#8221; container_ids=&#8221;1333&#8243; display_type=&#8221;photocrati-nextgen_basic_thumbnails&#8221; override_thumbnail_settings=&#8221;0&#8243; thumbnail_width=&#8221;100&#8243; thumbnail_height=&#8221;75&#8243; thumbnail_crop=&#8221;1&#8243; images_per_page=&#8221;0&#8243; number_of_columns=&#8221;0&#8243; ajax_pagination=&#8221;0&#8243; show_all_in_lightbox=&#8221;0&#8243; use_imagebrowser_effect=&#8221;0&#8243; show_slideshow_link=&#8221;1&#8243; slideshow_link_text=&#8221;[Show as slideshow]&#8221; order_by=&#8221;sortorder&#8221; order_direction=&#8221;ASC&#8221; returns=&#8221;included&#8221; maximum_entity_count=&#8221;500&#8243;]<\/p>\n","protected":false},"excerpt":{"rendered":"<p>O Reverendo Wilson Reis, L\u00edder do Minist\u00e9rio Quadrangular da Regi\u00e3o Eclesi\u00e1stica 415, lan\u00e7ou em um grande evento, realizado na AABB, na noite de s\u00e1bado (14), o livro \u201cMinha Hist\u00f3ria &#8211; Uma hist\u00f3ria que o tempo n\u00e3o poder\u00e1 apagar\u201d, sua biografia. A cerim\u00f4nia contou com a presen\u00e7a de um grande p\u00fablico de mais de 500 pessoas, [&hellip;]<\/p>\n","protected":false},"author":6,"featured_media":53141,"comment_status":"open","ping_status":"closed","sticky":false,"template":"","format":"standard","meta":{"_joinchat":[],"footnotes":""},"categories":[1],"tags":[],"class_list":["post-53139","post","type-post","status-publish","format-standard","has-post-thumbnail","hentry","category-sem-categoria"],"_links":{"self":[{"href":"http:\/\/folhadosudeste.com\/site\/index.php?rest_route=\/wp\/v2\/posts\/53139","targetHints":{"allow":["GET"]}}],"collection":[{"href":"http:\/\/folhadosudeste.com\/site\/index.php?rest_route=\/wp\/v2\/posts"}],"about":[{"href":"http:\/\/folhadosudeste.com\/site\/index.php?rest_route=\/wp\/v2\/types\/post"}],"author":[{"embeddable":true,"href":"http:\/\/folhadosudeste.com\/site\/index.php?rest_route=\/wp\/v2\/users\/6"}],"replies":[{"embeddable":true,"href":"http:\/\/folhadosudeste.com\/site\/index.php?rest_route=%2Fwp%2Fv2%2Fcomments&post=53139"}],"version-history":[{"count":1,"href":"http:\/\/folhadosudeste.com\/site\/index.php?rest_route=\/wp\/v2\/posts\/53139\/revisions"}],"predecessor-version":[{"id":53180,"href":"http:\/\/folhadosudeste.com\/site\/index.php?rest_route=\/wp\/v2\/posts\/53139\/revisions\/53180"}],"wp:featuredmedia":[{"embeddable":true,"href":"http:\/\/folhadosudeste.com\/site\/index.php?rest_route=\/wp\/v2\/media\/53141"}],"wp:attachment":[{"href":"http:\/\/folhadosudeste.com\/site\/index.php?rest_route=%2Fwp%2Fv2%2Fmedia&parent=53139"}],"wp:term":[{"taxonomy":"category","embeddable":true,"href":"http:\/\/folhadosudeste.com\/site\/index.php?rest_route=%2Fwp%2Fv2%2Fcategories&post=53139"},{"taxonomy":"post_tag","embeddable":true,"href":"http:\/\/folhadosudeste.com\/site\/index.php?rest_route=%2Fwp%2Fv2%2Ftags&post=53139"}],"curies":[{"name":"wp","href":"https:\/\/api.w.org\/{rel}","templated":true}]}}