{"id":53186,"date":"2018-04-20T19:52:00","date_gmt":"2018-04-20T19:52:00","guid":{"rendered":"http:\/\/folhadosudeste.com\/site\/?p=53186"},"modified":"2018-04-25T12:08:13","modified_gmt":"2018-04-25T12:08:13","slug":"concurso-vai-premiar-melhores-redacoes-de-alunos-da-rede-municipal","status":"publish","type":"post","link":"http:\/\/folhadosudeste.com\/site\/?p=53186","title":{"rendered":"Concurso vai premiar melhores reda\u00e7\u00f5es de alunos da rede municipal"},"content":{"rendered":"<div style=\"text-align: center;\">\n<p><a href=\"http:\/\/folhadosudeste.com\/site\/wp-content\/uploads\/2018\/04\/Concurso-de-Reda\u00e7\u00e3o.jpg\"><img loading=\"lazy\" decoding=\"async\" class=\"wp-image-53187 size-full aligncenter\" src=\"http:\/\/folhadosudeste.com\/site\/wp-content\/uploads\/2018\/04\/Concurso-de-Reda\u00e7\u00e3o.jpg\" alt=\"\" width=\"900\" height=\"600\" srcset=\"http:\/\/folhadosudeste.com\/site\/wp-content\/uploads\/2018\/04\/Concurso-de-Reda\u00e7\u00e3o.jpg 900w, http:\/\/folhadosudeste.com\/site\/wp-content\/uploads\/2018\/04\/Concurso-de-Reda\u00e7\u00e3o-300x200.jpg 300w, http:\/\/folhadosudeste.com\/site\/wp-content\/uploads\/2018\/04\/Concurso-de-Reda\u00e7\u00e3o-768x512.jpg 768w\" sizes=\"auto, (max-width: 900px) 100vw, 900px\" \/><\/a><i>Segunda edi\u00e7\u00e3o da competi\u00e7\u00e3o desenvolvida pela Prefeitura foi lan\u00e7ada nesta sexta em Muria\u00e9; iniciativa incentiva leitura e escrita entre estudantes<\/i>&nbsp;<\/p>\n<\/div>\n<div style=\"text-align: justify;\">Com o tema &#8220;Nossa Torcida \u00e9 Pela Paz&#8221;, a segunda edi\u00e7\u00e3o do Concurso de Reda\u00e7\u00e3o de Muria\u00e9 foi lan\u00e7ada nesta sexta-feira (20), durante reuni\u00e3o de diretores escolares realizada no Teatro Zaccaria Marques. A competi\u00e7\u00e3o, desenvolvida pela Prefeitura para estimular a leitura e a escrita entre os estudantes, ser\u00e1 aberta a todos os alunos matriculados entre o quarto e o nono ano do Ensino Fundamental nas escolas da rede p\u00fablica municipal.<\/div>\n<div style=\"text-align: justify;\">&nbsp;<\/div>\n<div style=\"text-align: justify;\">O concurso come\u00e7a a valer j\u00e1 na pr\u00f3xima segunda-feira, quando se inicia o per\u00edodo de estudo do tema e produ\u00e7\u00e3o dos textos nos tr\u00eas diferentes n\u00edveis &#8211; I para quarto e quinto ano; II para sexto e s\u00e9timo; e III para oitavo e nono, cada um com crit\u00e9rios espec\u00edficos. &#8220;As reda\u00e7\u00f5es ser\u00e3o feitas dentro das salas de aula at\u00e9 o dia 1 de junho, sempre com acompanhamento e orienta\u00e7\u00e3o dos professores&#8221;, explica a assessora pedag\u00f3gica da Secretaria Municipal de Educa\u00e7\u00e3o, Esporte e Lazer, Vilma Gomes. &#8220;A partir da\u00ed, teremos a sele\u00e7\u00e3o das melhores produ\u00e7\u00f5es de cada escola e a avalia\u00e7\u00e3o pela comiss\u00e3o julgadora. A divulga\u00e7\u00e3o do resultado final ser\u00e1 em 21 de junho&#8221;, informa.<\/div>\n<div style=\"text-align: justify;\">&nbsp;<\/div>\n<div style=\"text-align: justify;\">O julgamento das reda\u00e7\u00f5es levar\u00e1 em conta crit\u00e9rios como adequa\u00e7\u00e3o ao tema, compreens\u00e3o da proposta, criatividade, coer\u00eancia, coes\u00e3o e dom\u00ednio da norma culta. A premia\u00e7\u00e3o ser\u00e1 de bicicletas, smartphones e tablets para os primeiros, segundos e terceiros colocados de cada n\u00edvel, respectivamente.<\/div>\n<div style=\"text-align: justify;\">&nbsp;<\/div>\n<div style=\"text-align: justify;\"><b>Para prefeito, maior pr\u00eamio \u00e9 preparar alunos para o futuro<\/b><\/div>\n<div style=\"text-align: justify;\">Com as reda\u00e7\u00f5es tendo papel cada vez mais importante em exames classificat\u00f3rios, como o Enem e vestibulares, o concurso tamb\u00e9m tem a fun\u00e7\u00e3o de iniciar a prepara\u00e7\u00e3o dos estudantes para tais provas. &#8220;A principal premia\u00e7\u00e3o que podemos oferecer \u00e9 a boa forma\u00e7\u00e3o dos alunos para o futuro. Estamos sempre buscando melhorar a qualidade do ensino nas nossas escolas, pois \u00e9 assim que conseguiremos construir um novo caminho com mais oportunidades e qualidade de vida para todos&#8221;, destaca o prefeito Grego.<\/div>\n<div style=\"text-align: justify;\">&nbsp;<\/div>\n<div style=\"text-align: justify;\">Desde 2017, a Prefeitura de Muria\u00e9 vem investindo no desenvolvimento da educa\u00e7\u00e3o na rede p\u00fablica municipal. Dentre as iniciativas j\u00e1 adotadas, al\u00e9m do Concurso de Reda\u00e7\u00e3o, destacam-se tamb\u00e9m a parceria com o Sistema Etapa P\u00fablico de Ensino (que fornece materiais de conte\u00fado interativo e din\u00e2mico para mais de 2 mil crian\u00e7as das escolas de Educa\u00e7\u00e3o Infantil) e a aplica\u00e7\u00e3o da prova Inova Muria\u00e9 (que faz o diagn\u00f3stico do n\u00edvel de aprendizagem dos alunos em cada sala de aula, possibilitando a ado\u00e7\u00e3o de estrat\u00e9gias espec\u00edficas para cada caso).<\/div>\n","protected":false},"excerpt":{"rendered":"<p>Segunda edi\u00e7\u00e3o da competi\u00e7\u00e3o desenvolvida pela Prefeitura foi lan\u00e7ada nesta sexta em Muria\u00e9; iniciativa incentiva leitura e escrita entre estudantes&nbsp; Com o tema &#8220;Nossa Torcida \u00e9 Pela Paz&#8221;, a segunda edi\u00e7\u00e3o do Concurso de Reda\u00e7\u00e3o de Muria\u00e9 foi lan\u00e7ada nesta sexta-feira (20), durante reuni\u00e3o de diretores escolares realizada no Teatro Zaccaria Marques. A competi\u00e7\u00e3o, desenvolvida [&hellip;]<\/p>\n","protected":false},"author":6,"featured_media":53187,"comment_status":"open","ping_status":"closed","sticky":false,"template":"","format":"standard","meta":{"_joinchat":[],"footnotes":""},"categories":[1],"tags":[],"class_list":["post-53186","post","type-post","status-publish","format-standard","has-post-thumbnail","hentry","category-sem-categoria"],"_links":{"self":[{"href":"http:\/\/folhadosudeste.com\/site\/index.php?rest_route=\/wp\/v2\/posts\/53186","targetHints":{"allow":["GET"]}}],"collection":[{"href":"http:\/\/folhadosudeste.com\/site\/index.php?rest_route=\/wp\/v2\/posts"}],"about":[{"href":"http:\/\/folhadosudeste.com\/site\/index.php?rest_route=\/wp\/v2\/types\/post"}],"author":[{"embeddable":true,"href":"http:\/\/folhadosudeste.com\/site\/index.php?rest_route=\/wp\/v2\/users\/6"}],"replies":[{"embeddable":true,"href":"http:\/\/folhadosudeste.com\/site\/index.php?rest_route=%2Fwp%2Fv2%2Fcomments&post=53186"}],"version-history":[{"count":3,"href":"http:\/\/folhadosudeste.com\/site\/index.php?rest_route=\/wp\/v2\/posts\/53186\/revisions"}],"predecessor-version":[{"id":53274,"href":"http:\/\/folhadosudeste.com\/site\/index.php?rest_route=\/wp\/v2\/posts\/53186\/revisions\/53274"}],"wp:featuredmedia":[{"embeddable":true,"href":"http:\/\/folhadosudeste.com\/site\/index.php?rest_route=\/wp\/v2\/media\/53187"}],"wp:attachment":[{"href":"http:\/\/folhadosudeste.com\/site\/index.php?rest_route=%2Fwp%2Fv2%2Fmedia&parent=53186"}],"wp:term":[{"taxonomy":"category","embeddable":true,"href":"http:\/\/folhadosudeste.com\/site\/index.php?rest_route=%2Fwp%2Fv2%2Fcategories&post=53186"},{"taxonomy":"post_tag","embeddable":true,"href":"http:\/\/folhadosudeste.com\/site\/index.php?rest_route=%2Fwp%2Fv2%2Ftags&post=53186"}],"curies":[{"name":"wp","href":"https:\/\/api.w.org\/{rel}","templated":true}]}}