{"id":53190,"date":"2018-04-23T12:57:04","date_gmt":"2018-04-23T12:57:04","guid":{"rendered":"http:\/\/folhadosudeste.com\/site\/?p=53190"},"modified":"2018-04-25T12:07:46","modified_gmt":"2018-04-25T12:07:46","slug":"muriae-inicia-campanha-de-vacinacao-contra-influenza-nesta-segunda","status":"publish","type":"post","link":"http:\/\/folhadosudeste.com\/site\/?p=53190","title":{"rendered":"Muria\u00e9 inicia Campanha de Vacina\u00e7\u00e3o contra Influenza nesta segunda"},"content":{"rendered":"<p style=\"text-align: center;\"><a href=\"http:\/\/folhadosudeste.com\/site\/wp-content\/uploads\/2018\/04\/Mat\u00e9ria-Vacina\u00e7\u00e3o.jpg\"><br \/>\n<img loading=\"lazy\" decoding=\"async\" class=\"aligncenter wp-image-53191 size-full\" src=\"http:\/\/folhadosudeste.com\/site\/wp-content\/uploads\/2018\/04\/Mat\u00e9ria-Vacina\u00e7\u00e3o.jpg\" alt=\"\" width=\"800\" height=\"533\" srcset=\"http:\/\/folhadosudeste.com\/site\/wp-content\/uploads\/2018\/04\/Mat\u00e9ria-Vacina\u00e7\u00e3o.jpg 800w, http:\/\/folhadosudeste.com\/site\/wp-content\/uploads\/2018\/04\/Mat\u00e9ria-Vacina\u00e7\u00e3o-300x200.jpg 300w, http:\/\/folhadosudeste.com\/site\/wp-content\/uploads\/2018\/04\/Mat\u00e9ria-Vacina\u00e7\u00e3o-768x512.jpg 768w\" sizes=\"auto, (max-width: 800px) 100vw, 800px\" \/><\/a><i>Objetivo \u00e9 reduzir n\u00famero de casos na cidade; Prefeitura pretende vacinar 90% dos grupos priorit\u00e1rios<\/i><\/p>\n<p style=\"text-align: justify;\">A Campanha de Vacina\u00e7\u00e3o contra a Influenza inicia hoje (23) em Muria\u00e9, ap\u00f3s meio dia, e prosseguir\u00e1 at\u00e9 junho (1), em todas as Unidades B\u00e1sicas de Sa\u00fade (UBS\u2019s). A meta da Prefeitura \u00e9 vacinar 90% de cada grupo que tenha prioridade, inibindo a presen\u00e7a da H1N1 e H3N2 e Inluenza B no munic\u00edpio.&nbsp;A gripe \u00e9 uma infec\u00e7\u00e3o das vias respirat\u00f3rias que provoca surtos praticamente todos os anos na \u00e9poca do inverno.&nbsp;O&nbsp;objetivo da campanha \u00e9 reduzir o n\u00famero de casos na cidade, ampliando a qualidade de vida dos muriaeenses.<\/p>\n<p style=\"text-align: justify;\">Qualquer um com mais de seis meses de idade pode receber a vacina contra a gripe. Por\u00e9m, h\u00e1 certos grupos que devem receber prioridade nas campanhas, pois apresentam maior risco de desenvolver complica\u00e7\u00f5es. O p\u00fablico \u00e9 formado por crian\u00e7as menores que cinco anos (todas as que receberam uma ou duas doses da vacina em 2017, dever\u00e3o receber uma dose em 2018). Deve ser considerado o esquema de duas doses para crian\u00e7as de seis meses a nove anos de idade que ser\u00e3o vacinadas pela primeira vez, devendo agendar a segunda dose 30 dias ap\u00f3s a primeira.<\/p>\n<p style=\"text-align: justify;\">Tamb\u00e9m t\u00eam prioridade na campanha os seguintes grupos: gestantes e pu\u00e9rperas (mulheres no per\u00edodo de 45 dias ap\u00f3s o parto); profissionais de sa\u00fade; professores de escolas p\u00fablicas e particulares; indiv\u00edduos com mais de 60 anos; ind\u00edgenas; presos; adolescentes e jovens na faixa et\u00e1ria de 12 a 21 anos, que cumprem medidas socioeducativas; portadores de problemas cr\u00f4nicos n\u00e3o transmiss\u00edveis como doen\u00e7as respirat\u00f3rias, card\u00edacas, renais, neurol\u00f3gicas, diabetes e transplantados; al\u00e9m de portadores de defici\u00eancias. Para pessoas com doen\u00e7as cr\u00f4nicas, \u00e9 necess\u00e1rio apresentar receita m\u00e9dica.&nbsp;A vacina\u00e7\u00e3o imuniza a pessoa por nove meses e leva&nbsp;duas semanas, a partir da aplica\u00e7\u00e3o, para surtir efeito.<\/p>\n<p style=\"text-align: justify;\"><strong>Doses ficar\u00e3o dispon\u00edveis por 37 dias nas Unidades de Sa\u00fade de Muria\u00e9<\/strong><\/p>\n<p style=\"text-align: justify;\">O Dia D da Vacina\u00e7\u00e3o contra a Gripe Influenza ser\u00e1 no dia 12 de maio. Neste dia, o Centro Municipal de Vacina\u00e7\u00e3o e todas as UBS\u2019s da cidade funcionar\u00e3o em sistema de plant\u00e3o, atendendo das 8h \u00e0s 16:30h. \u201cA gripe \u00e9 uma infec\u00e7\u00e3o das vias respirat\u00f3rias perigosa. Precisamos imunizar o maior n\u00famero de pessoas poss\u00edvel, para que n\u00e3o tenhamos maiores complica\u00e7\u00f5es em Muria\u00e9. Estaremos realizando a vacina\u00e7\u00e3o por 37 dias, para que todos tenham a oportunidade de receber a dose. Se voc\u00ea est\u00e1 inserido em um dos grupos que s\u00e3o priorit\u00e1rios para vacinar, procure os postos de sa\u00fade da cidade, e vacine-se. A sa\u00fade \u00e9 uma prioridade para n\u00f3s\u201d, declarou o prefeito Grego.<\/p>\n<p style=\"text-align: justify;\"><strong>Campanha de Vacina\u00e7\u00e3o Conta a Influenza<\/strong><\/p>\n<p style=\"text-align: justify;\"><strong>Dia:&nbsp;<\/strong>Inicio em 23 de maio<\/p>\n<p style=\"text-align: justify;\"><strong>&nbsp;&nbsp;&nbsp;&nbsp;&nbsp;&nbsp;&nbsp;&nbsp;<\/strong>T\u00e9rmino<strong>:&nbsp;<\/strong>01 de junho<\/p>\n<p style=\"text-align: justify;\"><strong>Hor\u00e1rio<\/strong>: Atendimento nas UBS &#8211; de 7:30 \u00e0s 16 horas<\/p>\n<p style=\"text-align: justify;\"><strong>Dia D<\/strong>: S\u00e1bado, dia 12 \u2013&nbsp;&nbsp;&nbsp;8 \u00e0s 16:30 horas<\/p>\n<p style=\"text-align: justify;\"><strong>Local<\/strong>: Todas as Unidades B\u00e1sicas de Sa\u00fade (UBS) e no Centro Municipal de Vacina\u00e7\u00e3o \u2013 Av. Maestro Sans\u00e3o (ao lado do Terminal Rodovi\u00e1rio)<\/p>\n","protected":false},"excerpt":{"rendered":"<p>Objetivo \u00e9 reduzir n\u00famero de casos na cidade; Prefeitura pretende vacinar 90% dos grupos priorit\u00e1rios A Campanha de Vacina\u00e7\u00e3o contra a Influenza inicia hoje (23) em Muria\u00e9, ap\u00f3s meio dia, e prosseguir\u00e1 at\u00e9 junho (1), em todas as Unidades B\u00e1sicas de Sa\u00fade (UBS\u2019s). A meta da Prefeitura \u00e9 vacinar 90% de cada grupo que tenha [&hellip;]<\/p>\n","protected":false},"author":6,"featured_media":53191,"comment_status":"open","ping_status":"closed","sticky":false,"template":"","format":"standard","meta":{"_joinchat":[],"footnotes":""},"categories":[1],"tags":[],"class_list":["post-53190","post","type-post","status-publish","format-standard","has-post-thumbnail","hentry","category-sem-categoria"],"_links":{"self":[{"href":"http:\/\/folhadosudeste.com\/site\/index.php?rest_route=\/wp\/v2\/posts\/53190","targetHints":{"allow":["GET"]}}],"collection":[{"href":"http:\/\/folhadosudeste.com\/site\/index.php?rest_route=\/wp\/v2\/posts"}],"about":[{"href":"http:\/\/folhadosudeste.com\/site\/index.php?rest_route=\/wp\/v2\/types\/post"}],"author":[{"embeddable":true,"href":"http:\/\/folhadosudeste.com\/site\/index.php?rest_route=\/wp\/v2\/users\/6"}],"replies":[{"embeddable":true,"href":"http:\/\/folhadosudeste.com\/site\/index.php?rest_route=%2Fwp%2Fv2%2Fcomments&post=53190"}],"version-history":[{"count":2,"href":"http:\/\/folhadosudeste.com\/site\/index.php?rest_route=\/wp\/v2\/posts\/53190\/revisions"}],"predecessor-version":[{"id":53273,"href":"http:\/\/folhadosudeste.com\/site\/index.php?rest_route=\/wp\/v2\/posts\/53190\/revisions\/53273"}],"wp:featuredmedia":[{"embeddable":true,"href":"http:\/\/folhadosudeste.com\/site\/index.php?rest_route=\/wp\/v2\/media\/53191"}],"wp:attachment":[{"href":"http:\/\/folhadosudeste.com\/site\/index.php?rest_route=%2Fwp%2Fv2%2Fmedia&parent=53190"}],"wp:term":[{"taxonomy":"category","embeddable":true,"href":"http:\/\/folhadosudeste.com\/site\/index.php?rest_route=%2Fwp%2Fv2%2Fcategories&post=53190"},{"taxonomy":"post_tag","embeddable":true,"href":"http:\/\/folhadosudeste.com\/site\/index.php?rest_route=%2Fwp%2Fv2%2Ftags&post=53190"}],"curies":[{"name":"wp","href":"https:\/\/api.w.org\/{rel}","templated":true}]}}