{"id":53202,"date":"2018-04-24T16:37:35","date_gmt":"2018-04-24T16:37:35","guid":{"rendered":"http:\/\/folhadosudeste.com\/site\/?p=53202"},"modified":"2018-04-24T16:38:10","modified_gmt":"2018-04-24T16:38:10","slug":"entrevista-com-a-desenhista-michelle-braga","status":"publish","type":"post","link":"http:\/\/folhadosudeste.com\/site\/?p=53202","title":{"rendered":"Entrevista com a desenhista Michelle Braga"},"content":{"rendered":"<p style=\"text-align: justify;\">Em comemora\u00e7\u00e3o ao Dia do Desenhista, comemorado no domingo (15), a ilustradora Michelle Siqueira Braga, 28 anos, concedeu uma entrevista \u00e0 nossa reda\u00e7\u00e3o detalhando como se descobriu na profiss\u00e3o e p\u00f4de participar da produ\u00e7\u00e3o de livros de autores da regi\u00e3o. Ela tamb\u00e9m falou sobre seu processo de inspira\u00e7\u00e3o e deixou uma mensagem de incentivo para aqueles que querem ingressar neste ramo.<\/p>\n<p style=\"text-align: justify;\"><a href=\"http:\/\/folhadosudeste.com\/site\/wp-content\/uploads\/2018\/04\/Foto-Michele.jpeg\"><img loading=\"lazy\" decoding=\"async\" class=\"size-medium wp-image-53203 aligncenter\" src=\"http:\/\/folhadosudeste.com\/site\/wp-content\/uploads\/2018\/04\/Foto-Michele-175x300.jpeg\" alt=\"\" width=\"175\" height=\"300\" srcset=\"http:\/\/folhadosudeste.com\/site\/wp-content\/uploads\/2018\/04\/Foto-Michele-175x300.jpeg 175w, http:\/\/folhadosudeste.com\/site\/wp-content\/uploads\/2018\/04\/Foto-Michele-598x1024.jpeg 598w, http:\/\/folhadosudeste.com\/site\/wp-content\/uploads\/2018\/04\/Foto-Michele.jpeg 748w\" sizes=\"auto, (max-width: 175px) 100vw, 175px\" \/><\/a><\/p>\n<p style=\"text-align: justify;\"><strong>JFdS: Como surgiu sua rela\u00e7\u00e3o com o desenho? Voc\u00ea j\u00e1 desenha desde crian\u00e7a?<\/strong><\/p>\n<p style=\"text-align: justify;\">MSB: Trabalho como designer gr\u00e1fica h\u00e1 mais de dez anos. Fa\u00e7o cria\u00e7\u00f5es e desenvolvimento de artes como logomarcas,&nbsp; cart\u00f5es, convites, banners, panfletos, tags, livros, etc. Sempre gostei de desenhar no computador pelo programa em que trabalho. J\u00e1 fiz desenhos para estamparias e hoje fa\u00e7o diagrama\u00e7\u00e3o e, algumas vezes, ilustra\u00e7\u00f5es de livros.<\/p>\n<p style=\"text-align: justify;\"><strong>JFdS: Voc\u00ea foi a respons\u00e1vel pelos desenhos do livro \u201cO Mundo Ploc de Pedro\u201d, de Val\u00e9ria Fernandes, certo? Como voc\u00ea percebeu que seu dom era bom a ponto de conseguir capitaliz\u00e1-lo como um investimento e uma fonte de renda? Foi um convite da pr\u00f3pria Val\u00e9ria?<\/strong><\/p>\n<p style=\"text-align: justify;\">MSB: Tive o grande prazer de ilustrar e diagramar o livro \u201cO Mundo Ploc de Pedro\u201d, de Val\u00e9ria Fernandes, atrav\u00e9s do convite da autora. Al\u00e9m disso, participei tamb\u00e9m do desenvolvimento de outros trabalhos de mais alguns escritores da cidade e regi\u00e3o.<\/p>\n<p style=\"text-align: justify;\"><strong>JFdS: Voc\u00ea pretende seguir trabalhando e investindo nessa \u00e1rea?<\/strong><\/p>\n<p style=\"text-align: justify;\">MSB: Com certeza pretendo continuar com esse trabalho, al\u00e9m de outros que j\u00e1 desenvolvo na minha \u00e1rea de designer. Tamb\u00e9m trabalho com fotografia, que \u00e9 outro trabalho que amo.<\/p>\n<p style=\"text-align: justify;\"><strong>JFdS: Quais s\u00e3o suas principais fontes de inspira\u00e7\u00e3o para a realiza\u00e7\u00e3o do seu trabalho?<\/strong><\/p>\n<p style=\"text-align: justify;\">MSB: A inspira\u00e7\u00e3o surge com a vontade de criar um trabalho que possa satisfazer meu cliente, procurando chegar aonde ele quer, atingindo o seu objetivo.<\/p>\n<p style=\"text-align: justify;\"><strong>JFdS: Deixe uma mensagem para os aspirantes a desenhista, que tamb\u00e9m podem enxergar no seu trabalho uma fonte de inspira\u00e7\u00e3o.<\/strong><\/p>\n<p style=\"text-align: justify;\">MSB: Fa\u00e7a sempre um com amor,&nbsp; seja criativo, ou\u00e7a seu cliente e procure imaginar antes de criar seu trabalho. Seja paciente e, acima de tudo, humilde.<\/p>\n","protected":false},"excerpt":{"rendered":"<p>Em comemora\u00e7\u00e3o ao Dia do Desenhista, comemorado no domingo (15), a ilustradora Michelle Siqueira Braga, 28 anos, concedeu uma entrevista \u00e0 nossa reda\u00e7\u00e3o detalhando como se descobriu na profiss\u00e3o e p\u00f4de participar da produ\u00e7\u00e3o de livros de autores da regi\u00e3o. Ela tamb\u00e9m falou sobre seu processo de inspira\u00e7\u00e3o e deixou uma mensagem de incentivo para [&hellip;]<\/p>\n","protected":false},"author":6,"featured_media":53203,"comment_status":"open","ping_status":"closed","sticky":false,"template":"","format":"standard","meta":{"_joinchat":[],"footnotes":""},"categories":[1],"tags":[],"class_list":["post-53202","post","type-post","status-publish","format-standard","has-post-thumbnail","hentry","category-sem-categoria"],"_links":{"self":[{"href":"http:\/\/folhadosudeste.com\/site\/index.php?rest_route=\/wp\/v2\/posts\/53202","targetHints":{"allow":["GET"]}}],"collection":[{"href":"http:\/\/folhadosudeste.com\/site\/index.php?rest_route=\/wp\/v2\/posts"}],"about":[{"href":"http:\/\/folhadosudeste.com\/site\/index.php?rest_route=\/wp\/v2\/types\/post"}],"author":[{"embeddable":true,"href":"http:\/\/folhadosudeste.com\/site\/index.php?rest_route=\/wp\/v2\/users\/6"}],"replies":[{"embeddable":true,"href":"http:\/\/folhadosudeste.com\/site\/index.php?rest_route=%2Fwp%2Fv2%2Fcomments&post=53202"}],"version-history":[{"count":4,"href":"http:\/\/folhadosudeste.com\/site\/index.php?rest_route=\/wp\/v2\/posts\/53202\/revisions"}],"predecessor-version":[{"id":53207,"href":"http:\/\/folhadosudeste.com\/site\/index.php?rest_route=\/wp\/v2\/posts\/53202\/revisions\/53207"}],"wp:featuredmedia":[{"embeddable":true,"href":"http:\/\/folhadosudeste.com\/site\/index.php?rest_route=\/wp\/v2\/media\/53203"}],"wp:attachment":[{"href":"http:\/\/folhadosudeste.com\/site\/index.php?rest_route=%2Fwp%2Fv2%2Fmedia&parent=53202"}],"wp:term":[{"taxonomy":"category","embeddable":true,"href":"http:\/\/folhadosudeste.com\/site\/index.php?rest_route=%2Fwp%2Fv2%2Fcategories&post=53202"},{"taxonomy":"post_tag","embeddable":true,"href":"http:\/\/folhadosudeste.com\/site\/index.php?rest_route=%2Fwp%2Fv2%2Ftags&post=53202"}],"curies":[{"name":"wp","href":"https:\/\/api.w.org\/{rel}","templated":true}]}}