{"id":53263,"date":"2018-04-25T12:03:44","date_gmt":"2018-04-25T12:03:44","guid":{"rendered":"http:\/\/folhadosudeste.com\/site\/?p=53263"},"modified":"2018-04-25T12:06:22","modified_gmt":"2018-04-25T12:06:22","slug":"palestra-vai-capacitar-profissionais-para-melhorar-atendimento-a-idosos","status":"publish","type":"post","link":"http:\/\/folhadosudeste.com\/site\/?p=53263","title":{"rendered":"Palestra vai capacitar profissionais para melhorar atendimento a idosos"},"content":{"rendered":"<p style=\"text-align: center;\"><em><a href=\"http:\/\/folhadosudeste.com\/site\/wp-content\/uploads\/2018\/04\/Cartaz.jpg\"><img loading=\"lazy\" decoding=\"async\" class=\"aligncenter wp-image-53266 size-full\" src=\"http:\/\/folhadosudeste.com\/site\/wp-content\/uploads\/2018\/04\/Cartaz.jpg\" alt=\"\" width=\"932\" height=\"1280\" srcset=\"http:\/\/folhadosudeste.com\/site\/wp-content\/uploads\/2018\/04\/Cartaz.jpg 932w, http:\/\/folhadosudeste.com\/site\/wp-content\/uploads\/2018\/04\/Cartaz-218x300.jpg 218w, http:\/\/folhadosudeste.com\/site\/wp-content\/uploads\/2018\/04\/Cartaz-768x1055.jpg 768w, http:\/\/folhadosudeste.com\/site\/wp-content\/uploads\/2018\/04\/Cartaz-746x1024.jpg 746w\" sizes=\"auto, (max-width: 932px) 100vw, 932px\" \/><\/a>Evento acontecer\u00e1 dia 10 de maio, no Centro Administrativo; inscri\u00e7\u00f5es est\u00e3o abertas<\/em><\/p>\n<p style=\"text-align: justify;\">Profissionais da rede socioassistencial de Muria\u00e9 est\u00e3o convidados a participar de capacita\u00e7\u00e3o sobre pol\u00edticas p\u00fablicas para a pessoa idosa. Promovido pela Prefeitura de Muria\u00e9 em conjunto com o Conselho Municipal do Idoso de Muria\u00e9 (Comimu), o evento gratuito acontecer\u00e1 no dia 10 de maio, na Sala de Reuni\u00f5es, localizada no primeiro andar do Centro Administrativo. Das 8h \u00e0s 11h30min, haver\u00e1 palestra sobre melhor atendimento a pessoas da terceira idade. No per\u00edodo da tarde ser\u00e1 promovido curso de capacita\u00e7\u00e3o para conselheiros.<\/p>\n<p style=\"text-align: justify;\">As inscri\u00e7\u00f5es podem ser feitas at\u00e9 dia 9 de maio pelo link: https:\/\/tinyurl.com\/ybbb62m4. O encontro contar\u00e1 com a palestra do presidente do Conselho Estadual do Idoso de Minas Gerais, Dilson de Oliveira, que tamb\u00e9m \u00e9 coordenador especial de pol\u00edticas para o idoso e integrante da Secretaria de Estado de Direitos Humanos, Participa\u00e7\u00e3o Social e Cidadania.<\/p>\n<p style=\"text-align: justify;\">No mesmo dia, das 14h \u00e0s 17h, o encontro ser\u00e1 voltado aos integrantes do Comimu, que v\u00e3o participar do curso de forma\u00e7\u00e3o de conselheiros. O evento contar\u00e1 com emiss\u00e3o de certificados aos participantes.<\/p>\n<p>&nbsp;<\/p>\n<p><strong>Servi\u00e7o: <\/strong><\/p>\n<p><strong>Palestra \u201cPol\u00edticas p\u00fablicas para a pessoa idosa\u201d:<\/strong><\/p>\n<p><strong>Data:<\/strong> 10 de maio (quinta-feira)<\/p>\n<p><strong>Hor\u00e1rio:<\/strong> das 8h \u00e0s 11h30min<\/p>\n<p><strong>Local:<\/strong> Sala de Reuni\u00f5es do Centro Administrativo, localizada no primeiro andar do pr\u00e9dio<\/p>\n<p><strong>Telefone:<\/strong> 3696-3392<\/p>\n<p><strong>Link para inscri\u00e7\u00f5es:<\/strong> https:\/\/tinyurl.com\/ybbb62m4<\/p>\n<p><strong>Prazo para fazer inscri\u00e7\u00f5es:<\/strong> at\u00e9 dia 9 de maio<\/p>\n<p><strong>Inscri\u00e7\u00f5es gratuitas<\/strong><\/p>\n<p><strong>Evento gratuito<\/strong><\/p>\n<p>&nbsp;<\/p>\n<p><strong>Curso de forma\u00e7\u00e3o para Conselheiros:<\/strong><\/p>\n<p><strong>Data: <\/strong>10 de maio (quinta-feira)<\/p>\n<p><strong>Hor\u00e1rio:<\/strong> das 14h \u00e0s 17h<\/p>\n<p><strong>Local:<\/strong> Sala de Reuni\u00f5es do Centro Administrativo, localizada no primeiro andar do pr\u00e9dio<\/p>\n<p><strong>Evento gratuito<\/strong><\/p>\n","protected":false},"excerpt":{"rendered":"<p>Evento acontecer\u00e1 dia 10 de maio, no Centro Administrativo; inscri\u00e7\u00f5es est\u00e3o abertas Profissionais da rede socioassistencial de Muria\u00e9 est\u00e3o convidados a participar de capacita\u00e7\u00e3o sobre pol\u00edticas p\u00fablicas para a pessoa idosa. Promovido pela Prefeitura de Muria\u00e9 em conjunto com o Conselho Municipal do Idoso de Muria\u00e9 (Comimu), o evento gratuito acontecer\u00e1 no dia 10 de [&hellip;]<\/p>\n","protected":false},"author":6,"featured_media":53266,"comment_status":"open","ping_status":"closed","sticky":false,"template":"","format":"standard","meta":{"_joinchat":[],"footnotes":""},"categories":[1],"tags":[],"class_list":["post-53263","post","type-post","status-publish","format-standard","has-post-thumbnail","hentry","category-sem-categoria"],"_links":{"self":[{"href":"http:\/\/folhadosudeste.com\/site\/index.php?rest_route=\/wp\/v2\/posts\/53263","targetHints":{"allow":["GET"]}}],"collection":[{"href":"http:\/\/folhadosudeste.com\/site\/index.php?rest_route=\/wp\/v2\/posts"}],"about":[{"href":"http:\/\/folhadosudeste.com\/site\/index.php?rest_route=\/wp\/v2\/types\/post"}],"author":[{"embeddable":true,"href":"http:\/\/folhadosudeste.com\/site\/index.php?rest_route=\/wp\/v2\/users\/6"}],"replies":[{"embeddable":true,"href":"http:\/\/folhadosudeste.com\/site\/index.php?rest_route=%2Fwp%2Fv2%2Fcomments&post=53263"}],"version-history":[{"count":2,"href":"http:\/\/folhadosudeste.com\/site\/index.php?rest_route=\/wp\/v2\/posts\/53263\/revisions"}],"predecessor-version":[{"id":53271,"href":"http:\/\/folhadosudeste.com\/site\/index.php?rest_route=\/wp\/v2\/posts\/53263\/revisions\/53271"}],"wp:featuredmedia":[{"embeddable":true,"href":"http:\/\/folhadosudeste.com\/site\/index.php?rest_route=\/wp\/v2\/media\/53266"}],"wp:attachment":[{"href":"http:\/\/folhadosudeste.com\/site\/index.php?rest_route=%2Fwp%2Fv2%2Fmedia&parent=53263"}],"wp:term":[{"taxonomy":"category","embeddable":true,"href":"http:\/\/folhadosudeste.com\/site\/index.php?rest_route=%2Fwp%2Fv2%2Fcategories&post=53263"},{"taxonomy":"post_tag","embeddable":true,"href":"http:\/\/folhadosudeste.com\/site\/index.php?rest_route=%2Fwp%2Fv2%2Ftags&post=53263"}],"curies":[{"name":"wp","href":"https:\/\/api.w.org\/{rel}","templated":true}]}}