{"id":53268,"date":"2018-04-25T12:05:36","date_gmt":"2018-04-25T12:05:36","guid":{"rendered":"http:\/\/folhadosudeste.com\/site\/?p=53268"},"modified":"2018-04-25T12:09:31","modified_gmt":"2018-04-25T12:09:31","slug":"projeto-incentiva-alimentacao-saudavel-e-seguranca-nutricional-em-escolas-de-muriae","status":"publish","type":"post","link":"http:\/\/folhadosudeste.com\/site\/?p=53268","title":{"rendered":"Projeto incentiva alimenta\u00e7\u00e3o saud\u00e1vel e seguran\u00e7a nutricional em escolas de Muria\u00e9"},"content":{"rendered":"<p style=\"text-align: center;\"><a href=\"http:\/\/folhadosudeste.com\/site\/wp-content\/uploads\/2018\/04\/IMG_0377.jpg\"><img loading=\"lazy\" decoding=\"async\" class=\"wp-image-53264 size-full aligncenter\" src=\"http:\/\/folhadosudeste.com\/site\/wp-content\/uploads\/2018\/04\/IMG_0377.jpg\" alt=\"\" width=\"1500\" height=\"1078\" srcset=\"http:\/\/folhadosudeste.com\/site\/wp-content\/uploads\/2018\/04\/IMG_0377.jpg 1500w, http:\/\/folhadosudeste.com\/site\/wp-content\/uploads\/2018\/04\/IMG_0377-300x216.jpg 300w, http:\/\/folhadosudeste.com\/site\/wp-content\/uploads\/2018\/04\/IMG_0377-768x552.jpg 768w, http:\/\/folhadosudeste.com\/site\/wp-content\/uploads\/2018\/04\/IMG_0377-1024x736.jpg 1024w\" sizes=\"auto, (max-width: 1500px) 100vw, 1500px\" \/><\/a><em>Parceria entre Prefeitura, Comsam, Unifaminas e IF Sudeste beneficia cerca de 120 crian\u00e7as da rede municipal, orientando para boas pr\u00e1ticas alimentares<\/em><\/p>\n<p style=\"text-align: justify;\">Um novo projeto est\u00e1 levando para alunos de escolas municipais orienta\u00e7\u00f5es sobre alimenta\u00e7\u00e3o saud\u00e1vel e boas pr\u00e1ticas de seguran\u00e7a alimentar e nutricional. A parceria foi firmada durante reuni\u00e3o do Conselho, realizada na segunda-feira (23), no Centro Administrativo, entre Prefeitura, Conselho Municipal de Seguran\u00e7a Alimentar (Comsam), Centro Universit\u00e1rio Unifaminas e IF Sudeste.<\/p>\n<p style=\"text-align: justify;\">A iniciativa, que come\u00e7ou no in\u00edcio de abril e deve acontecer at\u00e9 o final do ano, est\u00e1 beneficiando cerca de 120 crian\u00e7as de 6 e 7 anos, das escolas municipais Joaquim Ribeiro de Carvalho (Caic), no Encoberta; Ionyr Bastos Dias, no Padre Tiago; Professora Elza Rog\u00e9ria, no Gaspar; e Ermyro Teixeira de Siqueira, no distrito de Vermelho. A inten\u00e7\u00e3o \u00e9, posteriormente, estender o projeto para outras escolas da rede municipal.<\/p>\n<p style=\"text-align: justify;\"><strong>\u201cAs crian\u00e7as levam o que aprendem para os pais, demais familiares e amigos\u201d, explica nutricionista<\/strong><\/p>\n<p style=\"text-align: justify;\">\u201cA escola \u00e9 terreno f\u00e9rtil para implantarmos essa tem\u00e1tica sobre a seguran\u00e7a e educa\u00e7\u00e3o alimentar e nutricional, al\u00e9m da forma\u00e7\u00e3o de h\u00e1bitos saud\u00e1veis. Essa \u00e9 uma a\u00e7\u00e3o abrangente, que busca trabalhar toda a comunidade, j\u00e1 que as crian\u00e7as levam o que aprendem para os pais, demais familiares e amigos\u201d, afirma a nutricionista respons\u00e1vel pela alimenta\u00e7\u00e3o escolar da Secretaria Municipal de Educa\u00e7\u00e3o, Esporte e Lazer, Dayana Simon.<\/p>\n<p style=\"text-align: justify;\">As atividades incluem visitas de acad\u00eamicos do curso de Nutri\u00e7\u00e3o do Unifaminas \u00e0s escolas, que organizam brincadeiras com as crian\u00e7as, levam frutas para degusta\u00e7\u00e3o, apresentam e v\u00eddeos e teatros de forma l\u00fadica para chamar a aten\u00e7\u00e3o para a tem\u00e1tica. J\u00e1 integrantes do N\u00facleo de Estudo em Agroecologia Puri do IF Sudeste participam com orienta\u00e7\u00f5es sobre o cuidado da terra e da \u00e1gua e levantamentos de constru\u00e7\u00e3o de hortas horizontais e verticais, para melhor aproveitamento de espa\u00e7os existentes nas institui\u00e7\u00f5es. \u201cLevar esse debate para as crian\u00e7as \u00e9 importante, pois elas podem ser multiplicadoras de informa\u00e7\u00f5es e conscientiza\u00e7\u00e3o de h\u00e1bitos alimentares mais saud\u00e1veis\u201d, frisa a presidente do Comsam, Adriana Ribeiro.<\/p>\n","protected":false},"excerpt":{"rendered":"<p>Parceria entre Prefeitura, Comsam, Unifaminas e IF Sudeste beneficia cerca de 120 crian\u00e7as da rede municipal, orientando para boas pr\u00e1ticas alimentares Um novo projeto est\u00e1 levando para alunos de escolas municipais orienta\u00e7\u00f5es sobre alimenta\u00e7\u00e3o saud\u00e1vel e boas pr\u00e1ticas de seguran\u00e7a alimentar e nutricional. A parceria foi firmada durante reuni\u00e3o do Conselho, realizada na segunda-feira (23), [&hellip;]<\/p>\n","protected":false},"author":6,"featured_media":53264,"comment_status":"open","ping_status":"closed","sticky":false,"template":"","format":"standard","meta":{"_joinchat":[],"footnotes":""},"categories":[1],"tags":[],"class_list":["post-53268","post","type-post","status-publish","format-standard","has-post-thumbnail","hentry","category-sem-categoria"],"_links":{"self":[{"href":"http:\/\/folhadosudeste.com\/site\/index.php?rest_route=\/wp\/v2\/posts\/53268","targetHints":{"allow":["GET"]}}],"collection":[{"href":"http:\/\/folhadosudeste.com\/site\/index.php?rest_route=\/wp\/v2\/posts"}],"about":[{"href":"http:\/\/folhadosudeste.com\/site\/index.php?rest_route=\/wp\/v2\/types\/post"}],"author":[{"embeddable":true,"href":"http:\/\/folhadosudeste.com\/site\/index.php?rest_route=\/wp\/v2\/users\/6"}],"replies":[{"embeddable":true,"href":"http:\/\/folhadosudeste.com\/site\/index.php?rest_route=%2Fwp%2Fv2%2Fcomments&post=53268"}],"version-history":[{"count":2,"href":"http:\/\/folhadosudeste.com\/site\/index.php?rest_route=\/wp\/v2\/posts\/53268\/revisions"}],"predecessor-version":[{"id":53270,"href":"http:\/\/folhadosudeste.com\/site\/index.php?rest_route=\/wp\/v2\/posts\/53268\/revisions\/53270"}],"wp:featuredmedia":[{"embeddable":true,"href":"http:\/\/folhadosudeste.com\/site\/index.php?rest_route=\/wp\/v2\/media\/53264"}],"wp:attachment":[{"href":"http:\/\/folhadosudeste.com\/site\/index.php?rest_route=%2Fwp%2Fv2%2Fmedia&parent=53268"}],"wp:term":[{"taxonomy":"category","embeddable":true,"href":"http:\/\/folhadosudeste.com\/site\/index.php?rest_route=%2Fwp%2Fv2%2Fcategories&post=53268"},{"taxonomy":"post_tag","embeddable":true,"href":"http:\/\/folhadosudeste.com\/site\/index.php?rest_route=%2Fwp%2Fv2%2Ftags&post=53268"}],"curies":[{"name":"wp","href":"https:\/\/api.w.org\/{rel}","templated":true}]}}