{"id":53354,"date":"2018-04-27T19:59:28","date_gmt":"2018-04-27T19:59:28","guid":{"rendered":"http:\/\/folhadosudeste.com\/site\/?p=53354"},"modified":"2018-04-27T20:28:35","modified_gmt":"2018-04-27T20:28:35","slug":"noite-de-caldos-e-bingao-da-casa-lar-e-sucesso-de-publico","status":"publish","type":"post","link":"http:\/\/folhadosudeste.com\/site\/?p=53354","title":{"rendered":"Noite de Caldos e Bing\u00e3o da Casa Lar \u00e9 sucesso de p\u00fablico"},"content":{"rendered":"<p style=\"text-align: center;\"><a href=\"http:\/\/folhadosudeste.com\/site\/wp-content\/uploads\/2018\/04\/DSC_0043-2.jpg\"><img loading=\"lazy\" decoding=\"async\" class=\"wp-image-53365 size-full aligncenter\" src=\"http:\/\/folhadosudeste.com\/site\/wp-content\/uploads\/2018\/04\/DSC_0043-2.jpg\" alt=\"\" width=\"800\" height=\"533\" srcset=\"http:\/\/folhadosudeste.com\/site\/wp-content\/uploads\/2018\/04\/DSC_0043-2.jpg 800w, http:\/\/folhadosudeste.com\/site\/wp-content\/uploads\/2018\/04\/DSC_0043-2-300x200.jpg 300w, http:\/\/folhadosudeste.com\/site\/wp-content\/uploads\/2018\/04\/DSC_0043-2-768x512.jpg 768w\" sizes=\"auto, (max-width: 800px) 100vw, 800px\" \/><\/a>Um grande p\u00fablico compareceu ao evento<\/p>\n<p style=\"text-align: justify;\">Foi realizada com grande sucesso, na noite de sexta-feira (20), a sexta edi\u00e7\u00e3o da Noite de Caldos e Bing\u00e3o da Casa Lar no Sal\u00e3o de Festas da Matriz S\u00e3o Paulo. A cerim\u00f4nia foi realizada em prol das crian\u00e7as beneficiadas pela Institui\u00e7\u00e3o e contou com um grande p\u00fablico.<\/p>\n<p style=\"text-align: justify;\">Daniela Maria Veiga Sigiliano, coordenadora da Casa Lar, elogiou o trabalho da Prefeitura com a Institui\u00e7\u00e3o e frisou o crescente p\u00fablico em cada edi\u00e7\u00e3o do evento. \u201cA Prefeitura mant\u00e9m a Casa Lar com : alimenta\u00e7\u00e3o, medica\u00e7\u00e3o, funcion\u00e1rios, transporte, etc. Contudo, para cobrir as despesas de algumas atividades de lazer das crian\u00e7as, tivemos a ideia de fazer esse evento, que sempre tem o apoio de muitas pessoas da comunidade. \u00c9 sempre um sucesso. Inicialmente, o evento era realizado no sal\u00e3o paroquial da Comunidade S\u00e3o Vicente de Paulo, no Bairro Bico Doce. Como o p\u00fablico ficava cada vez maior, viemos para a Par\u00f3quia S\u00e3o Paulo h\u00e1 tr\u00eas anos\u201d, relatou.<\/p>\n<p style=\"text-align: justify;\">Para Cristiane Cruz Teixeira, coordenadora da Prote\u00e7\u00e3o Especial do munic\u00edpio de Muria\u00e9 e Assistente Social, o evento superou as expectativas. \u201cPara n\u00f3s, \u00e9 sempre uma alegria saber que as pessoas se sensibilizam e nos ajudam com o trabalho de arrecada\u00e7\u00e3o de fundos para a Casa Lar para que possamos dar melhor qualidade de vida \u00e0s crian\u00e7as que est\u00e3o no servi\u00e7o de acolhimento. \u00c9 muito bom tamb\u00e9m poder contar com o apoio da Matriz S\u00e3o Paulo, cujo espa\u00e7o j\u00e1 vem se tornando pequeno para a grande quantidade de pessoas presentes\u201d, disse.<\/p>\n<p style=\"text-align: justify;\">Carlos Magno de Oliveira, Secret\u00e1rio Interino de Desenvolvimento Social, disse: <em>\u201c\u00c9 muito importante a sociedade abra\u00e7ar a causa das crian\u00e7as acolhidas na Casa Lar. O empenho da Prefeitura e da institui\u00e7\u00e3o teria sido em v\u00e3o sem a participa\u00e7\u00e3o social. \u00c9 prova de que o trabalho vem sendo bem feito. Existe uma equipe comprometida com o apoio a essas crian\u00e7as que foram afastadas dos seus lares por motivos diversos. \u00c9 um trabalho de longa data. Parabenizo o prefeito Grego pela iniciativa de apoiar sempre a Casa Lar e tomar as causas sociais como prioridade em seu governo.\u201d<\/em><\/p>\n<p style=\"text-align: justify;\">A Casa Lar atualmente atende 52 crian\u00e7as e adolescentes de 0 a 18 anos e aceita doa\u00e7\u00f5es diretamente em sua sede, na antiga Casa da Menina, na Barra. A institui\u00e7\u00e3o conta tamb\u00e9m com um novo projeto chamado \u201cApadrinhamento\u201d, com maiores informa\u00e7\u00f5es e inscri\u00e7\u00f5es a serem feitas no F\u00f3rum.<\/p>\n<p><a href=\"http:\/\/folhadosudeste.com\/site\/wp-content\/uploads\/2018\/04\/DSC_0072-1.jpg\"><img loading=\"lazy\" decoding=\"async\" class=\"alignnone size-medium wp-image-53373\" src=\"http:\/\/folhadosudeste.com\/site\/wp-content\/uploads\/2018\/04\/DSC_0072-1-300x200.jpg\" alt=\"\" width=\"300\" height=\"200\" srcset=\"http:\/\/folhadosudeste.com\/site\/wp-content\/uploads\/2018\/04\/DSC_0072-1-300x200.jpg 300w, http:\/\/folhadosudeste.com\/site\/wp-content\/uploads\/2018\/04\/DSC_0072-1-768x512.jpg 768w, http:\/\/folhadosudeste.com\/site\/wp-content\/uploads\/2018\/04\/DSC_0072-1.jpg 800w\" sizes=\"auto, (max-width: 300px) 100vw, 300px\" \/><\/a> <a href=\"http:\/\/folhadosudeste.com\/site\/wp-content\/uploads\/2018\/04\/DSC_0060.jpg\"><img loading=\"lazy\" decoding=\"async\" class=\"alignnone size-medium wp-image-53372\" src=\"http:\/\/folhadosudeste.com\/site\/wp-content\/uploads\/2018\/04\/DSC_0060-300x200.jpg\" alt=\"\" width=\"300\" height=\"200\" srcset=\"http:\/\/folhadosudeste.com\/site\/wp-content\/uploads\/2018\/04\/DSC_0060-300x200.jpg 300w, http:\/\/folhadosudeste.com\/site\/wp-content\/uploads\/2018\/04\/DSC_0060-768x512.jpg 768w, http:\/\/folhadosudeste.com\/site\/wp-content\/uploads\/2018\/04\/DSC_0060.jpg 800w\" sizes=\"auto, (max-width: 300px) 100vw, 300px\" \/><\/a> <a href=\"http:\/\/folhadosudeste.com\/site\/wp-content\/uploads\/2018\/04\/DSC_0054-1.jpg\"><img loading=\"lazy\" decoding=\"async\" class=\"alignnone size-medium wp-image-53371\" src=\"http:\/\/folhadosudeste.com\/site\/wp-content\/uploads\/2018\/04\/DSC_0054-1-300x200.jpg\" alt=\"\" width=\"300\" height=\"200\" srcset=\"http:\/\/folhadosudeste.com\/site\/wp-content\/uploads\/2018\/04\/DSC_0054-1-300x200.jpg 300w, http:\/\/folhadosudeste.com\/site\/wp-content\/uploads\/2018\/04\/DSC_0054-1-768x512.jpg 768w, http:\/\/folhadosudeste.com\/site\/wp-content\/uploads\/2018\/04\/DSC_0054-1.jpg 800w\" sizes=\"auto, (max-width: 300px) 100vw, 300px\" \/><\/a> <a href=\"http:\/\/folhadosudeste.com\/site\/wp-content\/uploads\/2018\/04\/DSC_0050-2.jpg\"><img loading=\"lazy\" decoding=\"async\" class=\"alignnone size-medium wp-image-53370\" src=\"http:\/\/folhadosudeste.com\/site\/wp-content\/uploads\/2018\/04\/DSC_0050-2-300x200.jpg\" alt=\"\" width=\"300\" height=\"200\" srcset=\"http:\/\/folhadosudeste.com\/site\/wp-content\/uploads\/2018\/04\/DSC_0050-2-300x200.jpg 300w, http:\/\/folhadosudeste.com\/site\/wp-content\/uploads\/2018\/04\/DSC_0050-2-768x512.jpg 768w, http:\/\/folhadosudeste.com\/site\/wp-content\/uploads\/2018\/04\/DSC_0050-2.jpg 800w\" sizes=\"auto, (max-width: 300px) 100vw, 300px\" \/><\/a> <a href=\"http:\/\/folhadosudeste.com\/site\/wp-content\/uploads\/2018\/04\/DSC_0049.jpg\"><img loading=\"lazy\" decoding=\"async\" class=\"alignnone size-medium wp-image-53369\" src=\"http:\/\/folhadosudeste.com\/site\/wp-content\/uploads\/2018\/04\/DSC_0049-300x200.jpg\" alt=\"\" width=\"300\" height=\"200\" srcset=\"http:\/\/folhadosudeste.com\/site\/wp-content\/uploads\/2018\/04\/DSC_0049-300x200.jpg 300w, http:\/\/folhadosudeste.com\/site\/wp-content\/uploads\/2018\/04\/DSC_0049-768x512.jpg 768w, http:\/\/folhadosudeste.com\/site\/wp-content\/uploads\/2018\/04\/DSC_0049.jpg 800w\" sizes=\"auto, (max-width: 300px) 100vw, 300px\" \/><\/a> <a href=\"http:\/\/folhadosudeste.com\/site\/wp-content\/uploads\/2018\/04\/DSC_0036.jpg\"><img loading=\"lazy\" decoding=\"async\" class=\"alignnone size-medium wp-image-53362\" src=\"http:\/\/folhadosudeste.com\/site\/wp-content\/uploads\/2018\/04\/DSC_0036-300x200.jpg\" alt=\"\" width=\"300\" height=\"200\" srcset=\"http:\/\/folhadosudeste.com\/site\/wp-content\/uploads\/2018\/04\/DSC_0036-300x200.jpg 300w, http:\/\/folhadosudeste.com\/site\/wp-content\/uploads\/2018\/04\/DSC_0036-768x512.jpg 768w, http:\/\/folhadosudeste.com\/site\/wp-content\/uploads\/2018\/04\/DSC_0036.jpg 800w\" sizes=\"auto, (max-width: 300px) 100vw, 300px\" \/><\/a> <a href=\"http:\/\/folhadosudeste.com\/site\/wp-content\/uploads\/2018\/04\/DSC_0046-1.jpg\"><img loading=\"lazy\" decoding=\"async\" class=\"alignnone size-medium wp-image-53367\" src=\"http:\/\/folhadosudeste.com\/site\/wp-content\/uploads\/2018\/04\/DSC_0046-1-300x200.jpg\" alt=\"\" width=\"300\" height=\"200\" srcset=\"http:\/\/folhadosudeste.com\/site\/wp-content\/uploads\/2018\/04\/DSC_0046-1-300x200.jpg 300w, http:\/\/folhadosudeste.com\/site\/wp-content\/uploads\/2018\/04\/DSC_0046-1-768x512.jpg 768w, http:\/\/folhadosudeste.com\/site\/wp-content\/uploads\/2018\/04\/DSC_0046-1.jpg 800w\" sizes=\"auto, (max-width: 300px) 100vw, 300px\" \/><\/a> &nbsp;<a href=\"http:\/\/folhadosudeste.com\/site\/wp-content\/uploads\/2018\/04\/DSC_0044-1.jpg\"><img loading=\"lazy\" decoding=\"async\" class=\"alignnone size-medium wp-image-53366\" src=\"http:\/\/folhadosudeste.com\/site\/wp-content\/uploads\/2018\/04\/DSC_0044-1-300x200.jpg\" alt=\"\" width=\"300\" height=\"200\" srcset=\"http:\/\/folhadosudeste.com\/site\/wp-content\/uploads\/2018\/04\/DSC_0044-1-300x200.jpg 300w, http:\/\/folhadosudeste.com\/site\/wp-content\/uploads\/2018\/04\/DSC_0044-1-768x512.jpg 768w, http:\/\/folhadosudeste.com\/site\/wp-content\/uploads\/2018\/04\/DSC_0044-1.jpg 800w\" sizes=\"auto, (max-width: 300px) 100vw, 300px\" \/><\/a> <a href=\"http:\/\/folhadosudeste.com\/site\/wp-content\/uploads\/2018\/04\/DSC_0047.jpg\"><img loading=\"lazy\" decoding=\"async\" class=\"alignnone size-medium wp-image-53368\" src=\"http:\/\/folhadosudeste.com\/site\/wp-content\/uploads\/2018\/04\/DSC_0047-300x200.jpg\" alt=\"\" width=\"300\" height=\"200\" srcset=\"http:\/\/folhadosudeste.com\/site\/wp-content\/uploads\/2018\/04\/DSC_0047-300x200.jpg 300w, http:\/\/folhadosudeste.com\/site\/wp-content\/uploads\/2018\/04\/DSC_0047-768x512.jpg 768w, http:\/\/folhadosudeste.com\/site\/wp-content\/uploads\/2018\/04\/DSC_0047.jpg 800w\" sizes=\"auto, (max-width: 300px) 100vw, 300px\" \/><\/a><\/p>\n","protected":false},"excerpt":{"rendered":"<p>Um grande p\u00fablico compareceu ao evento Foi realizada com grande sucesso, na noite de sexta-feira (20), a sexta edi\u00e7\u00e3o da Noite de Caldos e Bing\u00e3o da Casa Lar no Sal\u00e3o de Festas da Matriz S\u00e3o Paulo. A cerim\u00f4nia foi realizada em prol das crian\u00e7as beneficiadas pela Institui\u00e7\u00e3o e contou com um grande p\u00fablico. Daniela Maria [&hellip;]<\/p>\n","protected":false},"author":6,"featured_media":53365,"comment_status":"open","ping_status":"closed","sticky":false,"template":"","format":"standard","meta":{"_joinchat":[],"footnotes":""},"categories":[1],"tags":[],"class_list":["post-53354","post","type-post","status-publish","format-standard","has-post-thumbnail","hentry","category-sem-categoria"],"_links":{"self":[{"href":"http:\/\/folhadosudeste.com\/site\/index.php?rest_route=\/wp\/v2\/posts\/53354","targetHints":{"allow":["GET"]}}],"collection":[{"href":"http:\/\/folhadosudeste.com\/site\/index.php?rest_route=\/wp\/v2\/posts"}],"about":[{"href":"http:\/\/folhadosudeste.com\/site\/index.php?rest_route=\/wp\/v2\/types\/post"}],"author":[{"embeddable":true,"href":"http:\/\/folhadosudeste.com\/site\/index.php?rest_route=\/wp\/v2\/users\/6"}],"replies":[{"embeddable":true,"href":"http:\/\/folhadosudeste.com\/site\/index.php?rest_route=%2Fwp%2Fv2%2Fcomments&post=53354"}],"version-history":[{"count":2,"href":"http:\/\/folhadosudeste.com\/site\/index.php?rest_route=\/wp\/v2\/posts\/53354\/revisions"}],"predecessor-version":[{"id":53406,"href":"http:\/\/folhadosudeste.com\/site\/index.php?rest_route=\/wp\/v2\/posts\/53354\/revisions\/53406"}],"wp:featuredmedia":[{"embeddable":true,"href":"http:\/\/folhadosudeste.com\/site\/index.php?rest_route=\/wp\/v2\/media\/53365"}],"wp:attachment":[{"href":"http:\/\/folhadosudeste.com\/site\/index.php?rest_route=%2Fwp%2Fv2%2Fmedia&parent=53354"}],"wp:term":[{"taxonomy":"category","embeddable":true,"href":"http:\/\/folhadosudeste.com\/site\/index.php?rest_route=%2Fwp%2Fv2%2Fcategories&post=53354"},{"taxonomy":"post_tag","embeddable":true,"href":"http:\/\/folhadosudeste.com\/site\/index.php?rest_route=%2Fwp%2Fv2%2Ftags&post=53354"}],"curies":[{"name":"wp","href":"https:\/\/api.w.org\/{rel}","templated":true}]}}