{"id":53460,"date":"2018-05-03T20:18:29","date_gmt":"2018-05-03T20:18:29","guid":{"rendered":"http:\/\/folhadosudeste.com\/site\/?p=53460"},"modified":"2018-05-03T22:24:54","modified_gmt":"2018-05-03T22:24:54","slug":"gl-marchador-realiza-1a-copa-de-marcha-da-agroboi","status":"publish","type":"post","link":"http:\/\/folhadosudeste.com\/site\/?p=53460","title":{"rendered":"GL Marchador realiza 1\u00aa Copa de Marcha da Agroboi"},"content":{"rendered":"<p><a href=\"http:\/\/folhadosudeste.com\/site\/wp-content\/uploads\/2018\/05\/DSC_0170.jpg\"><img loading=\"lazy\" decoding=\"async\" class=\"aligncenter wp-image-53484 size-full\" src=\"http:\/\/folhadosudeste.com\/site\/wp-content\/uploads\/2018\/05\/DSC_0170.jpg\" alt=\"\" width=\"800\" height=\"533\" srcset=\"http:\/\/folhadosudeste.com\/site\/wp-content\/uploads\/2018\/05\/DSC_0170.jpg 800w, http:\/\/folhadosudeste.com\/site\/wp-content\/uploads\/2018\/05\/DSC_0170-300x200.jpg 300w, http:\/\/folhadosudeste.com\/site\/wp-content\/uploads\/2018\/05\/DSC_0170-768x512.jpg 768w\" sizes=\"auto, (max-width: 800px) 100vw, 800px\" \/><\/a><\/p>\n<p style=\"text-align: justify;\">A GL Marchador realizou, no domingo (29), sua 1\u00aa Copa de Marcha da Agroboi. As premia\u00e7\u00f5es ocorreram logo ap\u00f3s cada prova realizada e tiveram como categorias: Marcha Picada (macho e f\u00eamea), Cavalo sem Registro, \u00c9gua sem Registro, Cavalo Registrado, \u00c9gua Registrada, Mirim e Amazonas.<\/p>\n<p style=\"text-align: justify;\">Deiziele da Silva Teixeira Carvalho, esposa de Cristiano Levate de Carvalho, um dos propriet\u00e1rios do S\u00edtio Agroboi, falou sobre um pouco sobre a primeira Copa de Marcha da Agroboi. <em>\u201cO evento superou as nossas expectativas, porque um bom p\u00fablico compareceu. \u00c9 um s\u00edtio familiar. Esperamos que venham outras edi\u00e7\u00f5es\u201d<\/em>, disse.<\/p>\n<p style=\"text-align: justify;\">A equipe administrativa da GL Marchador deu detalhes quanto \u00e0 organiza\u00e7\u00e3o do evento. <em>\u201cTemos um grande legado na fam\u00edlia, e hoje buscamos trazer essa paix\u00e3o pelo Mangalarga Marchador atrav\u00e9s da Copa de Marcha, com a parceria do Jos\u00e9 Geraldo da Agroboi. Gra\u00e7as a Deus, foi um sucesso. Houve premia\u00e7\u00f5es em dinheiro, trof\u00e9us, faixas e sacos de ra\u00e7\u00e3o. S\u00e3o v\u00e1rios brindes que estamos entregando aos criadores. Agradecemos a Darlan Santos (Tr\u00eas Barras Promo\u00e7\u00f5es) e Daniel Borja (Presidente Nacional Mangalarga Marchador)\u201d<\/em>, relatou.<\/p>\n<p>&nbsp;<\/p>\n<p><a href=\"http:\/\/folhadosudeste.com\/site\/wp-content\/uploads\/2018\/05\/DSC_0079.jpg\"><img loading=\"lazy\" decoding=\"async\" class=\"alignnone size-medium wp-image-53469\" src=\"http:\/\/folhadosudeste.com\/site\/wp-content\/uploads\/2018\/05\/DSC_0079-300x200.jpg\" alt=\"\" width=\"300\" height=\"200\" srcset=\"http:\/\/folhadosudeste.com\/site\/wp-content\/uploads\/2018\/05\/DSC_0079-300x200.jpg 300w, http:\/\/folhadosudeste.com\/site\/wp-content\/uploads\/2018\/05\/DSC_0079-768x512.jpg 768w, http:\/\/folhadosudeste.com\/site\/wp-content\/uploads\/2018\/05\/DSC_0079.jpg 800w\" sizes=\"auto, (max-width: 300px) 100vw, 300px\" \/><\/a> <a href=\"http:\/\/folhadosudeste.com\/site\/wp-content\/uploads\/2018\/05\/DSC_0087.jpg\"><img loading=\"lazy\" decoding=\"async\" class=\"alignnone size-medium wp-image-53471\" src=\"http:\/\/folhadosudeste.com\/site\/wp-content\/uploads\/2018\/05\/DSC_0087-300x200.jpg\" alt=\"\" width=\"300\" height=\"200\" srcset=\"http:\/\/folhadosudeste.com\/site\/wp-content\/uploads\/2018\/05\/DSC_0087-300x200.jpg 300w, http:\/\/folhadosudeste.com\/site\/wp-content\/uploads\/2018\/05\/DSC_0087-768x512.jpg 768w, http:\/\/folhadosudeste.com\/site\/wp-content\/uploads\/2018\/05\/DSC_0087.jpg 800w\" sizes=\"auto, (max-width: 300px) 100vw, 300px\" \/><\/a> <a href=\"http:\/\/folhadosudeste.com\/site\/wp-content\/uploads\/2018\/05\/DSC_0091.jpg\"><img loading=\"lazy\" decoding=\"async\" class=\"alignnone size-medium wp-image-53474\" src=\"http:\/\/folhadosudeste.com\/site\/wp-content\/uploads\/2018\/05\/DSC_0091-300x200.jpg\" alt=\"\" width=\"300\" height=\"200\" srcset=\"http:\/\/folhadosudeste.com\/site\/wp-content\/uploads\/2018\/05\/DSC_0091-300x200.jpg 300w, http:\/\/folhadosudeste.com\/site\/wp-content\/uploads\/2018\/05\/DSC_0091-768x512.jpg 768w, http:\/\/folhadosudeste.com\/site\/wp-content\/uploads\/2018\/05\/DSC_0091.jpg 800w\" sizes=\"auto, (max-width: 300px) 100vw, 300px\" \/><\/a> <a href=\"http:\/\/folhadosudeste.com\/site\/wp-content\/uploads\/2018\/05\/DSC_0115.jpg\"><img loading=\"lazy\" decoding=\"async\" class=\"alignnone size-medium wp-image-53477\" src=\"http:\/\/folhadosudeste.com\/site\/wp-content\/uploads\/2018\/05\/DSC_0115-300x200.jpg\" alt=\"\" width=\"300\" height=\"200\" srcset=\"http:\/\/folhadosudeste.com\/site\/wp-content\/uploads\/2018\/05\/DSC_0115-300x200.jpg 300w, http:\/\/folhadosudeste.com\/site\/wp-content\/uploads\/2018\/05\/DSC_0115-768x512.jpg 768w, http:\/\/folhadosudeste.com\/site\/wp-content\/uploads\/2018\/05\/DSC_0115.jpg 800w\" sizes=\"auto, (max-width: 300px) 100vw, 300px\" \/><\/a> <a href=\"http:\/\/folhadosudeste.com\/site\/wp-content\/uploads\/2018\/05\/DSC_0118.jpg\"><img loading=\"lazy\" decoding=\"async\" class=\"alignnone size-medium wp-image-53479\" src=\"http:\/\/folhadosudeste.com\/site\/wp-content\/uploads\/2018\/05\/DSC_0118-300x200.jpg\" alt=\"\" width=\"300\" height=\"200\" srcset=\"http:\/\/folhadosudeste.com\/site\/wp-content\/uploads\/2018\/05\/DSC_0118-300x200.jpg 300w, http:\/\/folhadosudeste.com\/site\/wp-content\/uploads\/2018\/05\/DSC_0118-768x512.jpg 768w, http:\/\/folhadosudeste.com\/site\/wp-content\/uploads\/2018\/05\/DSC_0118.jpg 800w\" sizes=\"auto, (max-width: 300px) 100vw, 300px\" \/><\/a> <a href=\"http:\/\/folhadosudeste.com\/site\/wp-content\/uploads\/2018\/05\/DSC_0142.jpg\"><img loading=\"lazy\" decoding=\"async\" class=\"alignnone size-medium wp-image-53481\" src=\"http:\/\/folhadosudeste.com\/site\/wp-content\/uploads\/2018\/05\/DSC_0142-300x200.jpg\" alt=\"\" width=\"300\" height=\"200\" srcset=\"http:\/\/folhadosudeste.com\/site\/wp-content\/uploads\/2018\/05\/DSC_0142-300x200.jpg 300w, http:\/\/folhadosudeste.com\/site\/wp-content\/uploads\/2018\/05\/DSC_0142-768x512.jpg 768w, http:\/\/folhadosudeste.com\/site\/wp-content\/uploads\/2018\/05\/DSC_0142.jpg 800w\" sizes=\"auto, (max-width: 300px) 100vw, 300px\" \/><\/a> <a href=\"http:\/\/folhadosudeste.com\/site\/wp-content\/uploads\/2018\/05\/DSC_0151.jpg\"><img loading=\"lazy\" decoding=\"async\" class=\"alignnone size-medium wp-image-53482\" src=\"http:\/\/folhadosudeste.com\/site\/wp-content\/uploads\/2018\/05\/DSC_0151-300x200.jpg\" alt=\"\" width=\"300\" height=\"200\" srcset=\"http:\/\/folhadosudeste.com\/site\/wp-content\/uploads\/2018\/05\/DSC_0151-300x200.jpg 300w, http:\/\/folhadosudeste.com\/site\/wp-content\/uploads\/2018\/05\/DSC_0151-768x512.jpg 768w, http:\/\/folhadosudeste.com\/site\/wp-content\/uploads\/2018\/05\/DSC_0151.jpg 800w\" sizes=\"auto, (max-width: 300px) 100vw, 300px\" \/><\/a> <a href=\"http:\/\/folhadosudeste.com\/site\/wp-content\/uploads\/2018\/05\/DSC_0166.jpg\"><img loading=\"lazy\" decoding=\"async\" class=\"alignnone size-medium wp-image-53483\" src=\"http:\/\/folhadosudeste.com\/site\/wp-content\/uploads\/2018\/05\/DSC_0166-300x200.jpg\" alt=\"\" width=\"300\" height=\"200\" srcset=\"http:\/\/folhadosudeste.com\/site\/wp-content\/uploads\/2018\/05\/DSC_0166-300x200.jpg 300w, http:\/\/folhadosudeste.com\/site\/wp-content\/uploads\/2018\/05\/DSC_0166-768x512.jpg 768w, http:\/\/folhadosudeste.com\/site\/wp-content\/uploads\/2018\/05\/DSC_0166.jpg 800w\" sizes=\"auto, (max-width: 300px) 100vw, 300px\" \/><\/a>&nbsp;<\/p>\n","protected":false},"excerpt":{"rendered":"<p>A GL Marchador realizou, no domingo (29), sua 1\u00aa Copa de Marcha da Agroboi. As premia\u00e7\u00f5es ocorreram logo ap\u00f3s cada prova realizada e tiveram como categorias: Marcha Picada (macho e f\u00eamea), Cavalo sem Registro, \u00c9gua sem Registro, Cavalo Registrado, \u00c9gua Registrada, Mirim e Amazonas. Deiziele da Silva Teixeira Carvalho, esposa de Cristiano Levate de Carvalho, [&hellip;]<\/p>\n","protected":false},"author":6,"featured_media":53484,"comment_status":"open","ping_status":"closed","sticky":false,"template":"","format":"standard","meta":{"_joinchat":[],"footnotes":""},"categories":[1],"tags":[],"class_list":["post-53460","post","type-post","status-publish","format-standard","has-post-thumbnail","hentry","category-sem-categoria"],"_links":{"self":[{"href":"http:\/\/folhadosudeste.com\/site\/index.php?rest_route=\/wp\/v2\/posts\/53460","targetHints":{"allow":["GET"]}}],"collection":[{"href":"http:\/\/folhadosudeste.com\/site\/index.php?rest_route=\/wp\/v2\/posts"}],"about":[{"href":"http:\/\/folhadosudeste.com\/site\/index.php?rest_route=\/wp\/v2\/types\/post"}],"author":[{"embeddable":true,"href":"http:\/\/folhadosudeste.com\/site\/index.php?rest_route=\/wp\/v2\/users\/6"}],"replies":[{"embeddable":true,"href":"http:\/\/folhadosudeste.com\/site\/index.php?rest_route=%2Fwp%2Fv2%2Fcomments&post=53460"}],"version-history":[{"count":2,"href":"http:\/\/folhadosudeste.com\/site\/index.php?rest_route=\/wp\/v2\/posts\/53460\/revisions"}],"predecessor-version":[{"id":53539,"href":"http:\/\/folhadosudeste.com\/site\/index.php?rest_route=\/wp\/v2\/posts\/53460\/revisions\/53539"}],"wp:featuredmedia":[{"embeddable":true,"href":"http:\/\/folhadosudeste.com\/site\/index.php?rest_route=\/wp\/v2\/media\/53484"}],"wp:attachment":[{"href":"http:\/\/folhadosudeste.com\/site\/index.php?rest_route=%2Fwp%2Fv2%2Fmedia&parent=53460"}],"wp:term":[{"taxonomy":"category","embeddable":true,"href":"http:\/\/folhadosudeste.com\/site\/index.php?rest_route=%2Fwp%2Fv2%2Fcategories&post=53460"},{"taxonomy":"post_tag","embeddable":true,"href":"http:\/\/folhadosudeste.com\/site\/index.php?rest_route=%2Fwp%2Fv2%2Ftags&post=53460"}],"curies":[{"name":"wp","href":"https:\/\/api.w.org\/{rel}","templated":true}]}}