{"id":53476,"date":"2018-05-03T20:28:39","date_gmt":"2018-05-03T20:28:39","guid":{"rendered":"http:\/\/folhadosudeste.com\/site\/?p=53476"},"modified":"2018-05-03T22:23:53","modified_gmt":"2018-05-03T22:23:53","slug":"escola-e-cel-francisco-gama-de-laranjal-sedia-lancamento-do-livro-o-mundo-ploc-de-pedro-da-escritora-valeria-fernandes","status":"publish","type":"post","link":"http:\/\/folhadosudeste.com\/site\/?p=53476","title":{"rendered":"Escola E. Cel Francisco Gama de Laranjal sedia lan\u00e7amento do Livro \u201cO Mundo Ploc de Pedro\u201d da escritora Val\u00e9ria Fernandes"},"content":{"rendered":"<p><a href=\"http:\/\/folhadosudeste.com\/site\/wp-content\/uploads\/2018\/05\/DSC_0202.jpg\"><img loading=\"lazy\" decoding=\"async\" class=\"aligncenter wp-image-53499 size-full\" src=\"http:\/\/folhadosudeste.com\/site\/wp-content\/uploads\/2018\/05\/DSC_0202.jpg\" alt=\"\" width=\"800\" height=\"530\" srcset=\"http:\/\/folhadosudeste.com\/site\/wp-content\/uploads\/2018\/05\/DSC_0202.jpg 800w, http:\/\/folhadosudeste.com\/site\/wp-content\/uploads\/2018\/05\/DSC_0202-300x199.jpg 300w, http:\/\/folhadosudeste.com\/site\/wp-content\/uploads\/2018\/05\/DSC_0202-768x509.jpg 768w\" sizes=\"auto, (max-width: 800px) 100vw, 800px\" \/><\/a><\/p>\n<p style=\"text-align: justify;\">A Escola Estadual Cel. Francisco Gama, de Laranjal, recebeu, na noite de sexta-feira (27), a pedagoga e escritora Val\u00e9ria Fernandes para o lan\u00e7amento de seu livro \u201cO Mundo Ploc de Pedro\u201d. O evento contou com a presen\u00e7a da fam\u00edlia e amigos de Val\u00e9ria, autoridades laranjalenses e a diretoria da escola, m\u00fasica ao vivo com a banda formada por alunos que cursam o 2\u00ba e 3\u00ba anos do Ensino M\u00e9dio, al\u00e9m de um buffet preparado carinhosamente pelos funcion\u00e1rios da escola. \u00c9 a quarta cidade em que Val\u00e9ria lan\u00e7a sua obra, que j\u00e1 foi promovida em Gurupi (TO), Muria\u00e9 e Juiz de Fora (MG), respectivamente. A renda arrecadada ser\u00e1 destinada \u00e0 compra de livros para a Biblioteca Rosa Silva de Castro, localizada no interior da escola.<\/p>\n<p style=\"text-align: justify;\">A homenageada do evento, Val\u00e9ria Fernandes, mostrou-se bastante grata com a recep\u00e7\u00e3o positiva do livro. <em>\u201c\u00c9 uma alegria muito grande. Em quatro cidades e inst\u00e2ncias diferentes, houve toda essa repercuss\u00e3o. Eu me sinto muito feliz e extremamente privilegiada. Todos os presentes foram pessoas que foram meus professores, vizinhos, trabalharam comigo, etc. \u00c9 uma satisfa\u00e7\u00e3o muito grande v\u00ea-las virem me prestigiar e comungar desse momento. Houve tamb\u00e9m o Poder P\u00fablico, como os vereadores e secret\u00e1rios; pessoas que eu n\u00e3o conhe\u00e7o, mas que se fizeram presentes. N\u00e3o h\u00e1 presente maior do que ter esse reconhecimento, tanto no campo profissional como no campo pessoal. Meu livro chegou, inclusive, ao exterior, atrav\u00e9s de uma m\u00e3e que esteve presente no lan\u00e7amento em Gurupi e entregou um exemplar \u00e0 sua filha, que estava no Chile. A literatura infanto-juvenil \u00e9 a minha preferida, porque falar para a crian\u00e7a \u00e9 muito bom, apesar de esse livro ser destinado a adultos tamb\u00e9m\u201d<\/em>, disse.<\/p>\n<p style=\"text-align: justify;\">Val\u00e9ria tamb\u00e9m adiantou o lan\u00e7amento de outras obras ainda para este ano. \u201c<em>A obra vem crescendo de uma forma que eu n\u00e3o esperava. J\u00e1 estou at\u00e9 pensando em \u2018O Mundo Ploc de Pedro 2\u2019, para avan\u00e7ar mais nessa quest\u00e3o. Em agosto, teremos o lan\u00e7amento de \u2018Clarinha, Um Anjo de Asa Azul\u2019, sobre uma crian\u00e7a com S\u00edndrome de Down, tamb\u00e9m nessa linha de conscientiza\u00e7\u00e3o. H\u00e1 tamb\u00e9m \u2018P\u00e9talas\u2019, um livro de suspiros po\u00e9ticos, s\u00f3 com versos curtos. Agora, ao me aposentar, posso retomar minha produ\u00e7\u00e3o<\/em>\u201d, relatou.<\/p>\n<p style=\"text-align: justify;\">Val\u00e9ria tamb\u00e9m comentou sobre como tomou a iniciativa de escrever o livro. <em>\u201c\u00c9 um sonho muito antigo. Durante toda a minha vida, eu fiz poesia, mas, ao entrar no esquema de casar, trabalhar, etc., eu n\u00e3o tinha muito tempo para a produ\u00e7\u00e3o liter\u00e1ria. Quando entrei para a Academia Muriaeense de Letras, percebi que tinha muita produ\u00e7\u00e3o, mas ningu\u00e9m a conhecia. Com isso, criei uma p\u00e1gina no Facebook, onde posso compartilh\u00e1-la e ter um retorno, pois, ao ver que tem credibilidade e aceitabilidade, percebo que posso investir. Ele foi feito atrav\u00e9s de a\u00e7\u00e3o social. Quem quiser, pode adquiri-lo aqui na escola. Em Muria\u00e9, j\u00e1 est\u00e1 esgotado. Agora, eu pretendo registr\u00e1-lo na Academia Brasileira de Letras e melhor\u00e1-lo um pouco mais para a segunda edi\u00e7\u00e3o. Eu gostaria de agradecer a toda a minha fam\u00edlia: \u00e0 minha m\u00e3e, minha parceira que est\u00e1 sempre envolvida em todos os meus projetos; aos meus filhos, que me acompanham e fazem a venda; ao meu marido, que, mesmo distante, sempre me incentiva; e a Deus, pois n\u00e3o conseguimos fazer nada sem Sua presen\u00e7a em nossa vida\u201d<\/em>, concluiu.<\/p>\n<p style=\"text-align: justify;\">Angelica M\u00e1rcia Silveira Reginnette, anfitri\u00e3 do evento, diretora da Escola Estadual Cel. Francisco Gama na gest\u00e3o 2016\/2018 e professora de L\u00edngua Portuguesa e Artes, explicou como surgiu a iniciativa de promover o lan\u00e7amento na cidade. <em>\u201cEncontrei a Val\u00e9ria na rua por acaso e ela me comunicou sua vontade de lan\u00e7ar seu livro em Laranjal, sua terra natal. Ent\u00e3o, eu me senti feliz, porque olhava os lan\u00e7amentos dela em outras cidades e pensava \u2018poderia ser na escola em que hoje eu atuo como diretora\u2019. Portanto, estamos muito honrados. Tudo aqui foi feito com muito carinho para receber essa grande escritora da nossa terra. Eu tenho muito a agradecer a ela por confiar nessa institui\u00e7\u00e3o\u201d<\/em>, relatou.<\/p>\n<p style=\"text-align: justify;\">A m\u00e3e de Val\u00e9ria, Aparecida Dalva Fernandes, esteve presente prestigiando o lan\u00e7amento e expressou seu orgulho com a realiza\u00e7\u00e3o da filha. <em>\u201cEla sempre me surpreendeu, porque \u00e9 muito expansiva. O que vale para mim \u00e9 isso: o reconhecimento dos valores de cada pessoa. Agrade\u00e7o a todos aqueles que deram valor \u00e0 Val\u00e9ria. \u00c9 uma ben\u00e7\u00e3o. Que Nossa Senhora a continue iluminando, para que ela possa fazer cada vez mais, seja muito feliz e siga no meio em que ela est\u00e1. \u00c9 o meu sonho: que os meus filhos possam sempre fazer o bem para os outros. Agrade\u00e7o muito a todos\u201d<\/em>, contou.<\/p>\n<p style=\"text-align: justify;\">Os filhos de Val\u00e9ria, T\u00falio e S\u00e1vio Fernandes Moreira, tamb\u00e9m deram seu ponto de vista. <em>\u201cLaranjal \u00e9 uma cidade muito importante para a nossa m\u00e3e, pois foi onde ela come\u00e7ou sua carreira acad\u00eamica como professora. O lan\u00e7amento deste livro \u00e9 uma forma de ela retribuir toda a felicidade que o povo daqui trouxe para ela. Estamos muito orgulhosos\u201d<\/em>, afirmaram.<\/p>\n<p style=\"text-align: justify;\">O prefeito de Laranjal, Sud\u00e1rio Amorim Carneiro, tamb\u00e9m prestigiou o evento e detalhou a import\u00e2ncia do lan\u00e7amento para Laranjal. <em>\u201cEu me sinto orgulhoso e honrado em ver que uma pessoa do munic\u00edpio tem essa capacidade. Tudo hoje depende da educa\u00e7\u00e3o. Sem a educa\u00e7\u00e3o, n\u00f3s n\u00e3o vamos a lugar nenhum. Agrade\u00e7o pelo convite e a todos que vieram e desejo sucesso para a Val\u00e9ria, para que ela continue fazendo sempre mais pelo munic\u00edpio\u201d<\/em>, declarou.<\/p>\n<p style=\"text-align: justify;\">Caio de Castro Silva, Secret\u00e1rio de Administra\u00e7\u00e3o da Prefeitura de Laranjal, tamb\u00e9m deixou sua mensagem para a escritora. <em>\u201cGostaria de parabenizar a Val\u00e9ria e a escola pela iniciativa. Acho muito importante tratar desse assunto que est\u00e1 presente em uma grande quantidade de fam\u00edlias do pa\u00eds. Estou muito orgulhoso de ver uma laranjalense voltar \u00e0 nossa terra e fazer o lan\u00e7amento de um livro\u201d<\/em>, disse.<\/p>\n<p style=\"text-align: justify;\">O respons\u00e1vel pelos servi\u00e7os gerais da escola, Evanildo Luiz da Silva, tamb\u00e9m se mostrou orgulhoso pela realiza\u00e7\u00e3o de Val\u00e9ria. \u201c<em>J\u00e1 estudei aqui e hoje tenho a honra de trabalhar nessa escola. Laranjal \u00e9 uma cidade aben\u00e7oada. O povo se sente muito honrado com o lan\u00e7amento desse livro. Ela \u00e9 uma cidad\u00e3 da nossa terra de que gostamos muito\u201d<\/em>, relatou.<\/p>\n<p style=\"text-align: justify;\">O integrante da banda da escola, Ivo Pereira Camilo, manifestou seu ponto de vista sobre a import\u00e2ncia da leitura. <em>\u201c\u00c9 muito bom termos a oportunidade de ler um livro, porque assim podemos aprender coisas novas e incentivar outros jovens a lerem. Recomendo\u201d<\/em>, afirmou.<\/p>\n<p>&nbsp;<a href=\"http:\/\/folhadosudeste.com\/site\/wp-content\/uploads\/2018\/05\/DSC_0189.jpg\"><img loading=\"lazy\" decoding=\"async\" class=\"alignnone size-medium wp-image-53498\" src=\"http:\/\/folhadosudeste.com\/site\/wp-content\/uploads\/2018\/05\/DSC_0189-300x199.jpg\" alt=\"\" width=\"300\" height=\"199\" srcset=\"http:\/\/folhadosudeste.com\/site\/wp-content\/uploads\/2018\/05\/DSC_0189-300x199.jpg 300w, http:\/\/folhadosudeste.com\/site\/wp-content\/uploads\/2018\/05\/DSC_0189-768x509.jpg 768w, http:\/\/folhadosudeste.com\/site\/wp-content\/uploads\/2018\/05\/DSC_0189.jpg 800w\" sizes=\"auto, (max-width: 300px) 100vw, 300px\" \/><\/a> <a href=\"http:\/\/folhadosudeste.com\/site\/wp-content\/uploads\/2018\/05\/DSC_0181.jpg\"><img loading=\"lazy\" decoding=\"async\" class=\"alignnone size-medium wp-image-53497\" src=\"http:\/\/folhadosudeste.com\/site\/wp-content\/uploads\/2018\/05\/DSC_0181-300x199.jpg\" alt=\"\" width=\"300\" height=\"199\" srcset=\"http:\/\/folhadosudeste.com\/site\/wp-content\/uploads\/2018\/05\/DSC_0181-300x199.jpg 300w, http:\/\/folhadosudeste.com\/site\/wp-content\/uploads\/2018\/05\/DSC_0181-768x509.jpg 768w, http:\/\/folhadosudeste.com\/site\/wp-content\/uploads\/2018\/05\/DSC_0181.jpg 800w\" sizes=\"auto, (max-width: 300px) 100vw, 300px\" \/><\/a> <a href=\"http:\/\/folhadosudeste.com\/site\/wp-content\/uploads\/2018\/05\/DSC_0128.jpg\"><img loading=\"lazy\" decoding=\"async\" class=\"alignnone size-medium wp-image-53496\" src=\"http:\/\/folhadosudeste.com\/site\/wp-content\/uploads\/2018\/05\/DSC_0128-300x199.jpg\" alt=\"\" width=\"300\" height=\"199\" srcset=\"http:\/\/folhadosudeste.com\/site\/wp-content\/uploads\/2018\/05\/DSC_0128-300x199.jpg 300w, http:\/\/folhadosudeste.com\/site\/wp-content\/uploads\/2018\/05\/DSC_0128-768x509.jpg 768w, http:\/\/folhadosudeste.com\/site\/wp-content\/uploads\/2018\/05\/DSC_0128.jpg 800w\" sizes=\"auto, (max-width: 300px) 100vw, 300px\" \/><\/a> <a href=\"http:\/\/folhadosudeste.com\/site\/wp-content\/uploads\/2018\/05\/DSC_0127.jpg\"><img loading=\"lazy\" decoding=\"async\" class=\"alignnone size-medium wp-image-53495\" src=\"http:\/\/folhadosudeste.com\/site\/wp-content\/uploads\/2018\/05\/DSC_0127-300x199.jpg\" alt=\"\" width=\"300\" height=\"199\" srcset=\"http:\/\/folhadosudeste.com\/site\/wp-content\/uploads\/2018\/05\/DSC_0127-300x199.jpg 300w, http:\/\/folhadosudeste.com\/site\/wp-content\/uploads\/2018\/05\/DSC_0127-768x509.jpg 768w, http:\/\/folhadosudeste.com\/site\/wp-content\/uploads\/2018\/05\/DSC_0127.jpg 800w\" sizes=\"auto, (max-width: 300px) 100vw, 300px\" \/><\/a> <a href=\"http:\/\/folhadosudeste.com\/site\/wp-content\/uploads\/2018\/05\/DSC_0077.jpg\"><img loading=\"lazy\" decoding=\"async\" class=\"alignnone size-medium wp-image-53494\" src=\"http:\/\/folhadosudeste.com\/site\/wp-content\/uploads\/2018\/05\/DSC_0077-300x199.jpg\" alt=\"\" width=\"300\" height=\"199\" srcset=\"http:\/\/folhadosudeste.com\/site\/wp-content\/uploads\/2018\/05\/DSC_0077-300x199.jpg 300w, http:\/\/folhadosudeste.com\/site\/wp-content\/uploads\/2018\/05\/DSC_0077-768x509.jpg 768w, http:\/\/folhadosudeste.com\/site\/wp-content\/uploads\/2018\/05\/DSC_0077.jpg 800w\" sizes=\"auto, (max-width: 300px) 100vw, 300px\" \/><\/a> <a href=\"http:\/\/folhadosudeste.com\/site\/wp-content\/uploads\/2018\/05\/DSC_0065.jpg\"><img loading=\"lazy\" decoding=\"async\" class=\"alignnone size-medium wp-image-53493\" src=\"http:\/\/folhadosudeste.com\/site\/wp-content\/uploads\/2018\/05\/DSC_0065-300x199.jpg\" alt=\"\" width=\"300\" height=\"199\" srcset=\"http:\/\/folhadosudeste.com\/site\/wp-content\/uploads\/2018\/05\/DSC_0065-300x199.jpg 300w, http:\/\/folhadosudeste.com\/site\/wp-content\/uploads\/2018\/05\/DSC_0065-768x509.jpg 768w, http:\/\/folhadosudeste.com\/site\/wp-content\/uploads\/2018\/05\/DSC_0065.jpg 800w\" sizes=\"auto, (max-width: 300px) 100vw, 300px\" \/><\/a> <a href=\"http:\/\/folhadosudeste.com\/site\/wp-content\/uploads\/2018\/05\/DSC_0041.jpg\"><img loading=\"lazy\" decoding=\"async\" class=\"alignnone size-medium wp-image-53492\" src=\"http:\/\/folhadosudeste.com\/site\/wp-content\/uploads\/2018\/05\/DSC_0041-300x199.jpg\" alt=\"\" width=\"300\" height=\"199\" srcset=\"http:\/\/folhadosudeste.com\/site\/wp-content\/uploads\/2018\/05\/DSC_0041-300x199.jpg 300w, http:\/\/folhadosudeste.com\/site\/wp-content\/uploads\/2018\/05\/DSC_0041-768x509.jpg 768w, http:\/\/folhadosudeste.com\/site\/wp-content\/uploads\/2018\/05\/DSC_0041.jpg 800w\" sizes=\"auto, (max-width: 300px) 100vw, 300px\" \/><\/a> <a href=\"http:\/\/folhadosudeste.com\/site\/wp-content\/uploads\/2018\/05\/DSC_0036.jpg\"><img loading=\"lazy\" decoding=\"async\" class=\"alignnone size-medium wp-image-53490\" src=\"http:\/\/folhadosudeste.com\/site\/wp-content\/uploads\/2018\/05\/DSC_0036-300x199.jpg\" alt=\"\" width=\"300\" height=\"199\" srcset=\"http:\/\/folhadosudeste.com\/site\/wp-content\/uploads\/2018\/05\/DSC_0036-300x199.jpg 300w, http:\/\/folhadosudeste.com\/site\/wp-content\/uploads\/2018\/05\/DSC_0036-768x509.jpg 768w, http:\/\/folhadosudeste.com\/site\/wp-content\/uploads\/2018\/05\/DSC_0036.jpg 800w\" sizes=\"auto, (max-width: 300px) 100vw, 300px\" \/><\/a> <a href=\"http:\/\/folhadosudeste.com\/site\/wp-content\/uploads\/2018\/05\/DSC_0033.jpg\"><img loading=\"lazy\" decoding=\"async\" class=\"alignnone size-medium wp-image-53489\" src=\"http:\/\/folhadosudeste.com\/site\/wp-content\/uploads\/2018\/05\/DSC_0033-300x199.jpg\" alt=\"\" width=\"300\" height=\"199\" srcset=\"http:\/\/folhadosudeste.com\/site\/wp-content\/uploads\/2018\/05\/DSC_0033-300x199.jpg 300w, http:\/\/folhadosudeste.com\/site\/wp-content\/uploads\/2018\/05\/DSC_0033-768x509.jpg 768w, http:\/\/folhadosudeste.com\/site\/wp-content\/uploads\/2018\/05\/DSC_0033.jpg 800w\" sizes=\"auto, (max-width: 300px) 100vw, 300px\" \/><\/a> <a href=\"http:\/\/folhadosudeste.com\/site\/wp-content\/uploads\/2018\/05\/DSC_0022.jpg\"><img loading=\"lazy\" decoding=\"async\" class=\"alignnone size-medium wp-image-53488\" src=\"http:\/\/folhadosudeste.com\/site\/wp-content\/uploads\/2018\/05\/DSC_0022-300x199.jpg\" alt=\"\" width=\"300\" height=\"199\" srcset=\"http:\/\/folhadosudeste.com\/site\/wp-content\/uploads\/2018\/05\/DSC_0022-300x199.jpg 300w, http:\/\/folhadosudeste.com\/site\/wp-content\/uploads\/2018\/05\/DSC_0022-768x509.jpg 768w, http:\/\/folhadosudeste.com\/site\/wp-content\/uploads\/2018\/05\/DSC_0022.jpg 800w\" sizes=\"auto, (max-width: 300px) 100vw, 300px\" \/><\/a> <a href=\"http:\/\/folhadosudeste.com\/site\/wp-content\/uploads\/2018\/05\/DSC_0015.jpg\"><img loading=\"lazy\" decoding=\"async\" class=\"alignnone size-medium wp-image-53486\" src=\"http:\/\/folhadosudeste.com\/site\/wp-content\/uploads\/2018\/05\/DSC_0015-300x199.jpg\" alt=\"\" width=\"300\" height=\"199\" srcset=\"http:\/\/folhadosudeste.com\/site\/wp-content\/uploads\/2018\/05\/DSC_0015-300x199.jpg 300w, http:\/\/folhadosudeste.com\/site\/wp-content\/uploads\/2018\/05\/DSC_0015-768x509.jpg 768w, http:\/\/folhadosudeste.com\/site\/wp-content\/uploads\/2018\/05\/DSC_0015.jpg 800w\" sizes=\"auto, (max-width: 300px) 100vw, 300px\" \/><\/a><\/p>\n<p>&nbsp;<\/p>\n","protected":false},"excerpt":{"rendered":"<p>A Escola Estadual Cel. Francisco Gama, de Laranjal, recebeu, na noite de sexta-feira (27), a pedagoga e escritora Val\u00e9ria Fernandes para o lan\u00e7amento de seu livro \u201cO Mundo Ploc de Pedro\u201d. O evento contou com a presen\u00e7a da fam\u00edlia e amigos de Val\u00e9ria, autoridades laranjalenses e a diretoria da escola, m\u00fasica ao vivo com a [&hellip;]<\/p>\n","protected":false},"author":6,"featured_media":53499,"comment_status":"open","ping_status":"closed","sticky":false,"template":"","format":"standard","meta":{"_joinchat":[],"footnotes":""},"categories":[1],"tags":[],"class_list":["post-53476","post","type-post","status-publish","format-standard","has-post-thumbnail","hentry","category-sem-categoria"],"_links":{"self":[{"href":"http:\/\/folhadosudeste.com\/site\/index.php?rest_route=\/wp\/v2\/posts\/53476","targetHints":{"allow":["GET"]}}],"collection":[{"href":"http:\/\/folhadosudeste.com\/site\/index.php?rest_route=\/wp\/v2\/posts"}],"about":[{"href":"http:\/\/folhadosudeste.com\/site\/index.php?rest_route=\/wp\/v2\/types\/post"}],"author":[{"embeddable":true,"href":"http:\/\/folhadosudeste.com\/site\/index.php?rest_route=\/wp\/v2\/users\/6"}],"replies":[{"embeddable":true,"href":"http:\/\/folhadosudeste.com\/site\/index.php?rest_route=%2Fwp%2Fv2%2Fcomments&post=53476"}],"version-history":[{"count":4,"href":"http:\/\/folhadosudeste.com\/site\/index.php?rest_route=\/wp\/v2\/posts\/53476\/revisions"}],"predecessor-version":[{"id":53537,"href":"http:\/\/folhadosudeste.com\/site\/index.php?rest_route=\/wp\/v2\/posts\/53476\/revisions\/53537"}],"wp:featuredmedia":[{"embeddable":true,"href":"http:\/\/folhadosudeste.com\/site\/index.php?rest_route=\/wp\/v2\/media\/53499"}],"wp:attachment":[{"href":"http:\/\/folhadosudeste.com\/site\/index.php?rest_route=%2Fwp%2Fv2%2Fmedia&parent=53476"}],"wp:term":[{"taxonomy":"category","embeddable":true,"href":"http:\/\/folhadosudeste.com\/site\/index.php?rest_route=%2Fwp%2Fv2%2Fcategories&post=53476"},{"taxonomy":"post_tag","embeddable":true,"href":"http:\/\/folhadosudeste.com\/site\/index.php?rest_route=%2Fwp%2Fv2%2Ftags&post=53476"}],"curies":[{"name":"wp","href":"https:\/\/api.w.org\/{rel}","templated":true}]}}