{"id":53676,"date":"2018-05-10T12:19:51","date_gmt":"2018-05-10T12:19:51","guid":{"rendered":"http:\/\/folhadosudeste.com\/site\/?p=53676"},"modified":"2018-05-10T12:28:34","modified_gmt":"2018-05-10T12:28:34","slug":"vereador-julio-simbra-consegue-na-justica-repasse-de-recursos-devidos-ao-municipio","status":"publish","type":"post","link":"http:\/\/folhadosudeste.com\/site\/?p=53676","title":{"rendered":"Vereador Julio Simbra consegue na Justi\u00e7a repasse de recursos devidos ao Munic\u00edpio"},"content":{"rendered":"<p><a href=\"http:\/\/folhadosudeste.com\/site\/wp-content\/uploads\/2018\/05\/DSC_0639.jpg\"><img loading=\"lazy\" decoding=\"async\" class=\"aligncenter wp-image-53677 size-full\" src=\"http:\/\/folhadosudeste.com\/site\/wp-content\/uploads\/2018\/05\/DSC_0639-e1525954712941.jpg\" alt=\"\" width=\"896\" height=\"1157\" srcset=\"http:\/\/folhadosudeste.com\/site\/wp-content\/uploads\/2018\/05\/DSC_0639-e1525954712941.jpg 896w, http:\/\/folhadosudeste.com\/site\/wp-content\/uploads\/2018\/05\/DSC_0639-e1525954712941-232x300.jpg 232w, http:\/\/folhadosudeste.com\/site\/wp-content\/uploads\/2018\/05\/DSC_0639-e1525954712941-768x992.jpg 768w, http:\/\/folhadosudeste.com\/site\/wp-content\/uploads\/2018\/05\/DSC_0639-e1525954712941-793x1024.jpg 793w\" sizes=\"auto, (max-width: 896px) 100vw, 896px\" \/><\/a><\/p>\n<p style=\"text-align: justify;\">O vereador de Muria\u00e9, Prof. Julio Simbra (DEM), consegue liminar na Justi\u00e7a contra o Governo de Minas Gerais, obrigando o Estado a repassar o pagamento imediato de R$ 3 milh\u00f5es referentes a 50% do Imposto sobre a Propriedade de Ve\u00edculos Automotivos &#8211; IPVA do munic\u00edpio de Muria\u00e9, que estava em atraso.&nbsp; A a\u00e7\u00e3o popular foi ajuizada pelo vereador contra o Governo de Minas, bem como o chefe do executivo estadual, governador Fernando Pimentel e o secret\u00e1rio de Estado de Fazenda, Jos\u00e9 Afonso Bicalho, por consider\u00e1-los igualmente qualificados por declina les\u00e3o ao patrim\u00f4nio do Munic\u00edpio de Muria\u00e9.<\/p>\n<p style=\"text-align: justify;\">A decis\u00e3o judicial foi proferida na data de (08\/05) pela ju\u00edza Alinne Arquette Leite Novais, da 4\u00aa Vara Civil de Muria\u00e9. A magistrada n\u00e3o apenas determinou o urgente repasse dos recursos devidos ao munic\u00edpio de Muria\u00e9, referentes ao IPVA, como tamb\u00e9m exigiu a regulariza\u00e7\u00e3o no prazo legal dos repasses do Fundo de Manuten\u00e7\u00e3o e Desenvolvimento da Educa\u00e7\u00e3o B\u00e1sica e de Valoriza\u00e7\u00e3o dos Profissionais da Educa\u00e7\u00e3o \u2013 Fundeb, a fim de que o munic\u00edpio de Muria\u00e9 deixe de ter recursos retidos total ou parcialmente nos repasses futuros de parcela do IPVA , assim como das transfer\u00eancias do Fundeb. Segundo a liminar, caso o Estado n\u00e3o cumpra a determina\u00e7\u00e3o desta a\u00e7\u00e3o, ficar\u00e1 sujeito ao pagamento de multas estipuladas nesta decis\u00e3o.<\/p>\n<p style=\"text-align: justify;\">O vereador, que foi informado sobre a liminar no momento em que se encontrava em sess\u00e3o da C\u00e2mara de Muria\u00e9, disse que entende a situa\u00e7\u00e3o grave vivenciada pelo governo de Minas e dos demais governos estaduais, mas n\u00e3o pode assistir passivamente a reten\u00e7\u00e3o destes recursos gerando grandes preju\u00edzos aos munic\u00edpios, como vem acontecendo em Muria\u00e9. \u201cEntrei com esta a\u00e7\u00e3o ap\u00f3s me informar junto ao Executivo Municipal de que esses recursos representam muito para nossa cidade e o n\u00e3o repasse adequado do governo de Minas tem deixado a popula\u00e7\u00e3o carente de diversas a\u00e7\u00f5es nas \u00e1reas sociais, de sa\u00fade, de infraestrutura e n\u00e3o acho justo os cidad\u00e3os ficarem prejudicados pelo n\u00e3o cumprimento, por parte do Estado, de um direito que lhes cabe\u201d, disse o vereador Julio Simbra na tribuna da C\u00e2mara de Muria\u00e9.<\/p>\n<p>&nbsp;<\/p>\n","protected":false},"excerpt":{"rendered":"<p>O vereador de Muria\u00e9, Prof. Julio Simbra (DEM), consegue liminar na Justi\u00e7a contra o Governo de Minas Gerais, obrigando o Estado a repassar o pagamento imediato de R$ 3 milh\u00f5es referentes a 50% do Imposto sobre a Propriedade de Ve\u00edculos Automotivos &#8211; IPVA do munic\u00edpio de Muria\u00e9, que estava em atraso.&nbsp; A a\u00e7\u00e3o popular foi [&hellip;]<\/p>\n","protected":false},"author":6,"featured_media":53677,"comment_status":"open","ping_status":"closed","sticky":false,"template":"","format":"standard","meta":{"_joinchat":[],"footnotes":""},"categories":[1],"tags":[],"class_list":["post-53676","post","type-post","status-publish","format-standard","has-post-thumbnail","hentry","category-sem-categoria"],"_links":{"self":[{"href":"http:\/\/folhadosudeste.com\/site\/index.php?rest_route=\/wp\/v2\/posts\/53676","targetHints":{"allow":["GET"]}}],"collection":[{"href":"http:\/\/folhadosudeste.com\/site\/index.php?rest_route=\/wp\/v2\/posts"}],"about":[{"href":"http:\/\/folhadosudeste.com\/site\/index.php?rest_route=\/wp\/v2\/types\/post"}],"author":[{"embeddable":true,"href":"http:\/\/folhadosudeste.com\/site\/index.php?rest_route=\/wp\/v2\/users\/6"}],"replies":[{"embeddable":true,"href":"http:\/\/folhadosudeste.com\/site\/index.php?rest_route=%2Fwp%2Fv2%2Fcomments&post=53676"}],"version-history":[{"count":1,"href":"http:\/\/folhadosudeste.com\/site\/index.php?rest_route=\/wp\/v2\/posts\/53676\/revisions"}],"predecessor-version":[{"id":53678,"href":"http:\/\/folhadosudeste.com\/site\/index.php?rest_route=\/wp\/v2\/posts\/53676\/revisions\/53678"}],"wp:featuredmedia":[{"embeddable":true,"href":"http:\/\/folhadosudeste.com\/site\/index.php?rest_route=\/wp\/v2\/media\/53677"}],"wp:attachment":[{"href":"http:\/\/folhadosudeste.com\/site\/index.php?rest_route=%2Fwp%2Fv2%2Fmedia&parent=53676"}],"wp:term":[{"taxonomy":"category","embeddable":true,"href":"http:\/\/folhadosudeste.com\/site\/index.php?rest_route=%2Fwp%2Fv2%2Fcategories&post=53676"},{"taxonomy":"post_tag","embeddable":true,"href":"http:\/\/folhadosudeste.com\/site\/index.php?rest_route=%2Fwp%2Fv2%2Ftags&post=53676"}],"curies":[{"name":"wp","href":"https:\/\/api.w.org\/{rel}","templated":true}]}}