{"id":54112,"date":"2018-05-25T17:23:46","date_gmt":"2018-05-25T17:23:46","guid":{"rendered":"http:\/\/folhadosudeste.com\/site\/?p=54112"},"modified":"2018-05-25T17:24:34","modified_gmt":"2018-05-25T17:24:34","slug":"25-familias-limeirenses-serao-beneficiadas-com-o-programa-minha-casa-minha-vida-rural","status":"publish","type":"post","link":"http:\/\/folhadosudeste.com\/site\/?p=54112","title":{"rendered":"25 fam\u00edlias limeirenses ser\u00e3o beneficiadas com o programa Minha Casa Minha Vida Rural"},"content":{"rendered":"<p><a href=\"http:\/\/folhadosudeste.com\/site\/wp-content\/uploads\/2018\/05\/25-fam\u00edlias-limeirenses-ser\u00e3o-beneficiadas-com-o-programa-Minha-Casa-Minha-Vida-Rural-9-1.jpg\"><img loading=\"lazy\" decoding=\"async\" class=\"aligncenter wp-image-54132 size-full\" src=\"http:\/\/folhadosudeste.com\/site\/wp-content\/uploads\/2018\/05\/25-fam\u00edlias-limeirenses-ser\u00e3o-beneficiadas-com-o-programa-Minha-Casa-Minha-Vida-Rural-9-1.jpg\" alt=\"\" width=\"620\" height=\"465\" srcset=\"http:\/\/folhadosudeste.com\/site\/wp-content\/uploads\/2018\/05\/25-fam\u00edlias-limeirenses-ser\u00e3o-beneficiadas-com-o-programa-Minha-Casa-Minha-Vida-Rural-9-1.jpg 620w, http:\/\/folhadosudeste.com\/site\/wp-content\/uploads\/2018\/05\/25-fam\u00edlias-limeirenses-ser\u00e3o-beneficiadas-com-o-programa-Minha-Casa-Minha-Vida-Rural-9-1-300x225.jpg 300w\" sizes=\"auto, (max-width: 620px) 100vw, 620px\" \/><\/a><\/p>\n<p>A Prefeitura Municipal de Ros\u00e1rio da Limeira, administra\u00e7\u00e3o 2017-2020 \u201cConstruindo Uma Nova Hist\u00f3ria\u201d, entregou para 25 fam\u00edlias um contrato para concess\u00e3o de subs\u00eddios com recursos da Ouvidoria Geral da Uni\u00e3o \u2013 OGU, destinados \u00e0 produ\u00e7\u00e3o de unidade habitacional, vinculada ao Programa Nacional de Habita\u00e7\u00e3o Rural \u2013 PNHR, no \u00e2mbito do Programa Minha Casa, Minha Vida \u2013 PMCMV, firmado entre o Benefici\u00e1rio, Prefeitura Municipal e a Caixa Econ\u00f4mica Federal.<\/p>\n<p style=\"text-align: justify;\">Um dos principais objetivos do Prefeito Municipal, Jos\u00e9 Maria Pinto da Silva, foi de habilitar o munic\u00edpio de Ros\u00e1rio da Limeira a todos os crit\u00e9rios e exig\u00eancias do programa PMCMV, junto ao Minist\u00e9rio das Cidades e a Caixa Econ\u00f4mica Federal.<\/p>\n<p style=\"text-align: justify;\">A administra\u00e7\u00e3o de Jos\u00e9 Maria Pinto da Silva, contou com os esfor\u00e7os da equipe de funcion\u00e1rios administrativos para a elabora\u00e7\u00e3o e prepara\u00e7\u00e3o dos documentos necess\u00e1rios para a aprova\u00e7\u00e3o da proposta.<\/p>\n<p style=\"text-align: justify;\">V\u00e1rios mun\u00edcipios tentaram se habilitar ao programa, por\u00e9m nem todos conseguiram cumprir com as normas e exig\u00eancias, mas devidos aos esfor\u00e7os da equipe, o munic\u00edpio de Ros\u00e1rio da Limeira conseguiu \u00eaxito, sendo aprovado, com o n\u00famero de 25 unidades habitacionais.<\/p>\n<p style=\"text-align: justify;\">\u201c<em>Mediante ao empenho e dedica\u00e7\u00e3o, conseguimos realizar o sonho que d\u00e1 seguran\u00e7a a essas fam\u00edlias, para que permane\u00e7am no campo, atuem na agricultura familiar, valorizem o patrim\u00f4nio e a pr\u00f3pria for\u00e7a de trabalho que faz parte da mem\u00f3ria e tradi\u00e7\u00e3o do nosso munic\u00edpio<\/em>&#8220;, afirmou Jos\u00e9 Maria.<\/p>\n<p style=\"text-align: justify;\">Finalizando, o Prefeito destacou que o objetivo \u00e9 melhorar a qualidade de vida e proporcionar aos produtores rurais, acesso a moradia com mais dignidade.<\/p>\n<p style=\"text-align: justify;\">A solenidade de entrega foi realizada na quadra de esportes da Escola Municipal Maria Auxiliadora Guar\u00e7oniBeniniBonato e contou com a presen\u00e7a do vice-prefeito, vereadores da C\u00e2mara Municipal e diversos mun\u00edcipes.<\/p>\n<p style=\"text-align: justify;\"><strong>MINHA CASA, MINHA VIDA \u2013 HABITA\u00c7\u00c3O RURAL<\/strong><\/p>\n<p style=\"text-align: justify;\">O PNHR \u2013 Programa Nacional de Habita\u00e7\u00e3o Rural\u200b foi criado pelo Governo Federal no \u00e2mbito do Programa Minha Casa Minha Vida, atrav\u00e9s da Lei 11.977\/2009 e com a finalidade de possibilitar ao agricultor familiar, trabalhador rural e comunidades tradicionais o acesso \u00e0 moradia digna no campo, seja construindo uma nova casa ou reformando\/ampliando\/concluindo uma existente.<\/p>\n<p style=\"text-align: justify;\">Reda\u00e7\u00e3o\/Fotos: Wesley Luiz<\/p>\n<p>&nbsp;<\/p>\n<p><a href=\"http:\/\/folhadosudeste.com\/site\/wp-content\/uploads\/2018\/05\/25-fam\u00edlias-limeirenses-ser\u00e3o-beneficiadas-com-o-programa-Minha-Casa-Minha-Vida-Rural-1.jpg\"><img loading=\"lazy\" decoding=\"async\" class=\"alignnone size-medium wp-image-54114\" src=\"http:\/\/folhadosudeste.com\/site\/wp-content\/uploads\/2018\/05\/25-fam\u00edlias-limeirenses-ser\u00e3o-beneficiadas-com-o-programa-Minha-Casa-Minha-Vida-Rural-1-300x225.jpg\" alt=\"\" width=\"300\" height=\"225\" srcset=\"http:\/\/folhadosudeste.com\/site\/wp-content\/uploads\/2018\/05\/25-fam\u00edlias-limeirenses-ser\u00e3o-beneficiadas-com-o-programa-Minha-Casa-Minha-Vida-Rural-1-300x225.jpg 300w, http:\/\/folhadosudeste.com\/site\/wp-content\/uploads\/2018\/05\/25-fam\u00edlias-limeirenses-ser\u00e3o-beneficiadas-com-o-programa-Minha-Casa-Minha-Vida-Rural-1.jpg 620w\" sizes=\"auto, (max-width: 300px) 100vw, 300px\" \/><\/a> <a href=\"http:\/\/folhadosudeste.com\/site\/wp-content\/uploads\/2018\/05\/25-fam\u00edlias-limeirenses-ser\u00e3o-beneficiadas-com-o-programa-Minha-Casa-Minha-Vida-Rural-2.jpg\"><img loading=\"lazy\" decoding=\"async\" class=\"alignnone size-medium wp-image-54115\" src=\"http:\/\/folhadosudeste.com\/site\/wp-content\/uploads\/2018\/05\/25-fam\u00edlias-limeirenses-ser\u00e3o-beneficiadas-com-o-programa-Minha-Casa-Minha-Vida-Rural-2-300x225.jpg\" alt=\"\" width=\"300\" height=\"225\" srcset=\"http:\/\/folhadosudeste.com\/site\/wp-content\/uploads\/2018\/05\/25-fam\u00edlias-limeirenses-ser\u00e3o-beneficiadas-com-o-programa-Minha-Casa-Minha-Vida-Rural-2-300x225.jpg 300w, http:\/\/folhadosudeste.com\/site\/wp-content\/uploads\/2018\/05\/25-fam\u00edlias-limeirenses-ser\u00e3o-beneficiadas-com-o-programa-Minha-Casa-Minha-Vida-Rural-2.jpg 620w\" sizes=\"auto, (max-width: 300px) 100vw, 300px\" \/><\/a> <a href=\"http:\/\/folhadosudeste.com\/site\/wp-content\/uploads\/2018\/05\/25-fam\u00edlias-limeirenses-ser\u00e3o-beneficiadas-com-o-programa-Minha-Casa-Minha-Vida-Rural-3-1.jpg\"><img loading=\"lazy\" decoding=\"async\" class=\"alignnone size-medium wp-image-54116\" src=\"http:\/\/folhadosudeste.com\/site\/wp-content\/uploads\/2018\/05\/25-fam\u00edlias-limeirenses-ser\u00e3o-beneficiadas-com-o-programa-Minha-Casa-Minha-Vida-Rural-3-1-300x225.jpg\" alt=\"\" width=\"300\" height=\"225\" srcset=\"http:\/\/folhadosudeste.com\/site\/wp-content\/uploads\/2018\/05\/25-fam\u00edlias-limeirenses-ser\u00e3o-beneficiadas-com-o-programa-Minha-Casa-Minha-Vida-Rural-3-1-300x225.jpg 300w, http:\/\/folhadosudeste.com\/site\/wp-content\/uploads\/2018\/05\/25-fam\u00edlias-limeirenses-ser\u00e3o-beneficiadas-com-o-programa-Minha-Casa-Minha-Vida-Rural-3-1.jpg 620w\" sizes=\"auto, (max-width: 300px) 100vw, 300px\" \/><\/a> <a href=\"http:\/\/folhadosudeste.com\/site\/wp-content\/uploads\/2018\/05\/25-fam\u00edlias-limeirenses-ser\u00e3o-beneficiadas-com-o-programa-Minha-Casa-Minha-Vida-Rural-3.jpg\"><img loading=\"lazy\" decoding=\"async\" class=\"alignnone size-medium wp-image-54117\" src=\"http:\/\/folhadosudeste.com\/site\/wp-content\/uploads\/2018\/05\/25-fam\u00edlias-limeirenses-ser\u00e3o-beneficiadas-com-o-programa-Minha-Casa-Minha-Vida-Rural-3-300x225.jpg\" alt=\"\" width=\"300\" height=\"225\" srcset=\"http:\/\/folhadosudeste.com\/site\/wp-content\/uploads\/2018\/05\/25-fam\u00edlias-limeirenses-ser\u00e3o-beneficiadas-com-o-programa-Minha-Casa-Minha-Vida-Rural-3-300x225.jpg 300w, http:\/\/folhadosudeste.com\/site\/wp-content\/uploads\/2018\/05\/25-fam\u00edlias-limeirenses-ser\u00e3o-beneficiadas-com-o-programa-Minha-Casa-Minha-Vida-Rural-3.jpg 620w\" sizes=\"auto, (max-width: 300px) 100vw, 300px\" \/><\/a> <a href=\"http:\/\/folhadosudeste.com\/site\/wp-content\/uploads\/2018\/05\/25-fam\u00edlias-limeirenses-ser\u00e3o-beneficiadas-com-o-programa-Minha-Casa-Minha-Vida-Rural-4.jpg\"><img loading=\"lazy\" decoding=\"async\" class=\"alignnone size-medium wp-image-54118\" src=\"http:\/\/folhadosudeste.com\/site\/wp-content\/uploads\/2018\/05\/25-fam\u00edlias-limeirenses-ser\u00e3o-beneficiadas-com-o-programa-Minha-Casa-Minha-Vida-Rural-4-300x225.jpg\" alt=\"\" width=\"300\" height=\"225\" srcset=\"http:\/\/folhadosudeste.com\/site\/wp-content\/uploads\/2018\/05\/25-fam\u00edlias-limeirenses-ser\u00e3o-beneficiadas-com-o-programa-Minha-Casa-Minha-Vida-Rural-4-300x225.jpg 300w, http:\/\/folhadosudeste.com\/site\/wp-content\/uploads\/2018\/05\/25-fam\u00edlias-limeirenses-ser\u00e3o-beneficiadas-com-o-programa-Minha-Casa-Minha-Vida-Rural-4.jpg 620w\" sizes=\"auto, (max-width: 300px) 100vw, 300px\" \/><\/a> <a href=\"http:\/\/folhadosudeste.com\/site\/wp-content\/uploads\/2018\/05\/25-fam\u00edlias-limeirenses-ser\u00e3o-beneficiadas-com-o-programa-Minha-Casa-Minha-Vida-Rural-5.jpg\"><img loading=\"lazy\" decoding=\"async\" class=\"alignnone size-medium wp-image-54119\" src=\"http:\/\/folhadosudeste.com\/site\/wp-content\/uploads\/2018\/05\/25-fam\u00edlias-limeirenses-ser\u00e3o-beneficiadas-com-o-programa-Minha-Casa-Minha-Vida-Rural-5-300x225.jpg\" alt=\"\" width=\"300\" height=\"225\" srcset=\"http:\/\/folhadosudeste.com\/site\/wp-content\/uploads\/2018\/05\/25-fam\u00edlias-limeirenses-ser\u00e3o-beneficiadas-com-o-programa-Minha-Casa-Minha-Vida-Rural-5-300x225.jpg 300w, http:\/\/folhadosudeste.com\/site\/wp-content\/uploads\/2018\/05\/25-fam\u00edlias-limeirenses-ser\u00e3o-beneficiadas-com-o-programa-Minha-Casa-Minha-Vida-Rural-5.jpg 620w\" sizes=\"auto, (max-width: 300px) 100vw, 300px\" \/><\/a> <a href=\"http:\/\/folhadosudeste.com\/site\/wp-content\/uploads\/2018\/05\/25-fam\u00edlias-limeirenses-ser\u00e3o-beneficiadas-com-o-programa-Minha-Casa-Minha-Vida-Rural-6-1.jpg\"><img loading=\"lazy\" decoding=\"async\" class=\"alignnone size-medium wp-image-54122\" src=\"http:\/\/folhadosudeste.com\/site\/wp-content\/uploads\/2018\/05\/25-fam\u00edlias-limeirenses-ser\u00e3o-beneficiadas-com-o-programa-Minha-Casa-Minha-Vida-Rural-6-1-300x225.jpg\" alt=\"\" width=\"300\" height=\"225\" srcset=\"http:\/\/folhadosudeste.com\/site\/wp-content\/uploads\/2018\/05\/25-fam\u00edlias-limeirenses-ser\u00e3o-beneficiadas-com-o-programa-Minha-Casa-Minha-Vida-Rural-6-1-300x225.jpg 300w, http:\/\/folhadosudeste.com\/site\/wp-content\/uploads\/2018\/05\/25-fam\u00edlias-limeirenses-ser\u00e3o-beneficiadas-com-o-programa-Minha-Casa-Minha-Vida-Rural-6-1.jpg 620w\" sizes=\"auto, (max-width: 300px) 100vw, 300px\" \/><\/a> <a href=\"http:\/\/folhadosudeste.com\/site\/wp-content\/uploads\/2018\/05\/25-fam\u00edlias-limeirenses-ser\u00e3o-beneficiadas-com-o-programa-Minha-Casa-Minha-Vida-Rural-6.jpg\"><img loading=\"lazy\" decoding=\"async\" class=\"alignnone size-medium wp-image-54124\" src=\"http:\/\/folhadosudeste.com\/site\/wp-content\/uploads\/2018\/05\/25-fam\u00edlias-limeirenses-ser\u00e3o-beneficiadas-com-o-programa-Minha-Casa-Minha-Vida-Rural-6-300x225.jpg\" alt=\"\" width=\"300\" height=\"225\" srcset=\"http:\/\/folhadosudeste.com\/site\/wp-content\/uploads\/2018\/05\/25-fam\u00edlias-limeirenses-ser\u00e3o-beneficiadas-com-o-programa-Minha-Casa-Minha-Vida-Rural-6-300x225.jpg 300w, http:\/\/folhadosudeste.com\/site\/wp-content\/uploads\/2018\/05\/25-fam\u00edlias-limeirenses-ser\u00e3o-beneficiadas-com-o-programa-Minha-Casa-Minha-Vida-Rural-6.jpg 620w\" sizes=\"auto, (max-width: 300px) 100vw, 300px\" \/><\/a> <a href=\"http:\/\/folhadosudeste.com\/site\/wp-content\/uploads\/2018\/05\/25-fam\u00edlias-limeirenses-ser\u00e3o-beneficiadas-com-o-programa-Minha-Casa-Minha-Vida-Rural-7-1.jpg\"><img loading=\"lazy\" decoding=\"async\" class=\"alignnone size-medium wp-image-54126\" src=\"http:\/\/folhadosudeste.com\/site\/wp-content\/uploads\/2018\/05\/25-fam\u00edlias-limeirenses-ser\u00e3o-beneficiadas-com-o-programa-Minha-Casa-Minha-Vida-Rural-7-1-300x225.jpg\" alt=\"\" width=\"300\" height=\"225\" srcset=\"http:\/\/folhadosudeste.com\/site\/wp-content\/uploads\/2018\/05\/25-fam\u00edlias-limeirenses-ser\u00e3o-beneficiadas-com-o-programa-Minha-Casa-Minha-Vida-Rural-7-1-300x225.jpg 300w, http:\/\/folhadosudeste.com\/site\/wp-content\/uploads\/2018\/05\/25-fam\u00edlias-limeirenses-ser\u00e3o-beneficiadas-com-o-programa-Minha-Casa-Minha-Vida-Rural-7-1.jpg 620w\" sizes=\"auto, (max-width: 300px) 100vw, 300px\" \/><\/a> <a href=\"http:\/\/folhadosudeste.com\/site\/wp-content\/uploads\/2018\/05\/25-fam\u00edlias-limeirenses-ser\u00e3o-beneficiadas-com-o-programa-Minha-Casa-Minha-Vida-Rural-7.jpg\"><img loading=\"lazy\" decoding=\"async\" class=\"alignnone size-medium wp-image-54128\" src=\"http:\/\/folhadosudeste.com\/site\/wp-content\/uploads\/2018\/05\/25-fam\u00edlias-limeirenses-ser\u00e3o-beneficiadas-com-o-programa-Minha-Casa-Minha-Vida-Rural-7-300x225.jpg\" alt=\"\" width=\"300\" height=\"225\" srcset=\"http:\/\/folhadosudeste.com\/site\/wp-content\/uploads\/2018\/05\/25-fam\u00edlias-limeirenses-ser\u00e3o-beneficiadas-com-o-programa-Minha-Casa-Minha-Vida-Rural-7-300x225.jpg 300w, http:\/\/folhadosudeste.com\/site\/wp-content\/uploads\/2018\/05\/25-fam\u00edlias-limeirenses-ser\u00e3o-beneficiadas-com-o-programa-Minha-Casa-Minha-Vida-Rural-7.jpg 620w\" sizes=\"auto, (max-width: 300px) 100vw, 300px\" \/><\/a> <a href=\"http:\/\/folhadosudeste.com\/site\/wp-content\/uploads\/2018\/05\/25-fam\u00edlias-limeirenses-ser\u00e3o-beneficiadas-com-o-programa-Minha-Casa-Minha-Vida-Rural-8.jpg\"><img loading=\"lazy\" decoding=\"async\" class=\"alignnone size-medium wp-image-54130\" src=\"http:\/\/folhadosudeste.com\/site\/wp-content\/uploads\/2018\/05\/25-fam\u00edlias-limeirenses-ser\u00e3o-beneficiadas-com-o-programa-Minha-Casa-Minha-Vida-Rural-8-300x225.jpg\" alt=\"\" width=\"300\" height=\"225\" srcset=\"http:\/\/folhadosudeste.com\/site\/wp-content\/uploads\/2018\/05\/25-fam\u00edlias-limeirenses-ser\u00e3o-beneficiadas-com-o-programa-Minha-Casa-Minha-Vida-Rural-8-300x225.jpg 300w, http:\/\/folhadosudeste.com\/site\/wp-content\/uploads\/2018\/05\/25-fam\u00edlias-limeirenses-ser\u00e3o-beneficiadas-com-o-programa-Minha-Casa-Minha-Vida-Rural-8.jpg 620w\" sizes=\"auto, (max-width: 300px) 100vw, 300px\" \/><\/a> &nbsp;<a href=\"http:\/\/folhadosudeste.com\/site\/wp-content\/uploads\/2018\/05\/25-fam\u00edlias-limeirenses-ser\u00e3o-beneficiadas-com-o-programa-Minha-Casa-Minha-Vida-Rural-9.jpg\"><img loading=\"lazy\" decoding=\"async\" class=\"alignnone size-medium wp-image-54134\" src=\"http:\/\/folhadosudeste.com\/site\/wp-content\/uploads\/2018\/05\/25-fam\u00edlias-limeirenses-ser\u00e3o-beneficiadas-com-o-programa-Minha-Casa-Minha-Vida-Rural-9-300x225.jpg\" alt=\"\" width=\"300\" height=\"225\" srcset=\"http:\/\/folhadosudeste.com\/site\/wp-content\/uploads\/2018\/05\/25-fam\u00edlias-limeirenses-ser\u00e3o-beneficiadas-com-o-programa-Minha-Casa-Minha-Vida-Rural-9-300x225.jpg 300w, http:\/\/folhadosudeste.com\/site\/wp-content\/uploads\/2018\/05\/25-fam\u00edlias-limeirenses-ser\u00e3o-beneficiadas-com-o-programa-Minha-Casa-Minha-Vida-Rural-9.jpg 620w\" sizes=\"auto, (max-width: 300px) 100vw, 300px\" \/><\/a> <a href=\"http:\/\/folhadosudeste.com\/site\/wp-content\/uploads\/2018\/05\/25-fam\u00edlias-limeirenses-ser\u00e3o-beneficiadas-com-o-programa-Minha-Casa-Minha-Vida-Rural-10.jpg\"><img loading=\"lazy\" decoding=\"async\" class=\"alignnone size-medium wp-image-54135\" src=\"http:\/\/folhadosudeste.com\/site\/wp-content\/uploads\/2018\/05\/25-fam\u00edlias-limeirenses-ser\u00e3o-beneficiadas-com-o-programa-Minha-Casa-Minha-Vida-Rural-10-300x225.jpg\" alt=\"\" width=\"300\" height=\"225\" srcset=\"http:\/\/folhadosudeste.com\/site\/wp-content\/uploads\/2018\/05\/25-fam\u00edlias-limeirenses-ser\u00e3o-beneficiadas-com-o-programa-Minha-Casa-Minha-Vida-Rural-10-300x225.jpg 300w, http:\/\/folhadosudeste.com\/site\/wp-content\/uploads\/2018\/05\/25-fam\u00edlias-limeirenses-ser\u00e3o-beneficiadas-com-o-programa-Minha-Casa-Minha-Vida-Rural-10.jpg 620w\" sizes=\"auto, (max-width: 300px) 100vw, 300px\" \/><\/a> <a href=\"http:\/\/folhadosudeste.com\/site\/wp-content\/uploads\/2018\/05\/25-fam\u00edlias-limeirenses-ser\u00e3o-beneficiadas-com-o-programa-Minha-Casa-Minha-Vida-Rural-11.jpg\"><img loading=\"lazy\" decoding=\"async\" class=\"alignnone size-medium wp-image-54137\" src=\"http:\/\/folhadosudeste.com\/site\/wp-content\/uploads\/2018\/05\/25-fam\u00edlias-limeirenses-ser\u00e3o-beneficiadas-com-o-programa-Minha-Casa-Minha-Vida-Rural-11-300x225.jpg\" alt=\"\" width=\"300\" height=\"225\" srcset=\"http:\/\/folhadosudeste.com\/site\/wp-content\/uploads\/2018\/05\/25-fam\u00edlias-limeirenses-ser\u00e3o-beneficiadas-com-o-programa-Minha-Casa-Minha-Vida-Rural-11-300x225.jpg 300w, http:\/\/folhadosudeste.com\/site\/wp-content\/uploads\/2018\/05\/25-fam\u00edlias-limeirenses-ser\u00e3o-beneficiadas-com-o-programa-Minha-Casa-Minha-Vida-Rural-11.jpg 620w\" sizes=\"auto, (max-width: 300px) 100vw, 300px\" \/><\/a> <a href=\"http:\/\/folhadosudeste.com\/site\/wp-content\/uploads\/2018\/05\/25-fam\u00edlias-limeirenses-ser\u00e3o-beneficiadas-com-o-programa-Minha-Casa-Minha-Vida-Rural-12.jpg\"><img loading=\"lazy\" decoding=\"async\" class=\"alignnone size-medium wp-image-54139\" src=\"http:\/\/folhadosudeste.com\/site\/wp-content\/uploads\/2018\/05\/25-fam\u00edlias-limeirenses-ser\u00e3o-beneficiadas-com-o-programa-Minha-Casa-Minha-Vida-Rural-12-300x225.jpg\" alt=\"\" width=\"300\" height=\"225\" srcset=\"http:\/\/folhadosudeste.com\/site\/wp-content\/uploads\/2018\/05\/25-fam\u00edlias-limeirenses-ser\u00e3o-beneficiadas-com-o-programa-Minha-Casa-Minha-Vida-Rural-12-300x225.jpg 300w, http:\/\/folhadosudeste.com\/site\/wp-content\/uploads\/2018\/05\/25-fam\u00edlias-limeirenses-ser\u00e3o-beneficiadas-com-o-programa-Minha-Casa-Minha-Vida-Rural-12.jpg 620w\" sizes=\"auto, (max-width: 300px) 100vw, 300px\" \/><\/a> <a href=\"http:\/\/folhadosudeste.com\/site\/wp-content\/uploads\/2018\/05\/25-fam\u00edlias-limeirenses-ser\u00e3o-beneficiadas-com-o-programa-Minha-Casa-Minha-Vida-Rural-13.jpg\"><img loading=\"lazy\" decoding=\"async\" class=\"alignnone size-medium wp-image-54141\" src=\"http:\/\/folhadosudeste.com\/site\/wp-content\/uploads\/2018\/05\/25-fam\u00edlias-limeirenses-ser\u00e3o-beneficiadas-com-o-programa-Minha-Casa-Minha-Vida-Rural-13-300x225.jpg\" alt=\"\" width=\"300\" height=\"225\" srcset=\"http:\/\/folhadosudeste.com\/site\/wp-content\/uploads\/2018\/05\/25-fam\u00edlias-limeirenses-ser\u00e3o-beneficiadas-com-o-programa-Minha-Casa-Minha-Vida-Rural-13-300x225.jpg 300w, http:\/\/folhadosudeste.com\/site\/wp-content\/uploads\/2018\/05\/25-fam\u00edlias-limeirenses-ser\u00e3o-beneficiadas-com-o-programa-Minha-Casa-Minha-Vida-Rural-13.jpg 620w\" sizes=\"auto, (max-width: 300px) 100vw, 300px\" \/><\/a> <a href=\"http:\/\/folhadosudeste.com\/site\/wp-content\/uploads\/2018\/05\/25-fam\u00edlias-limeirenses-ser\u00e3o-beneficiadas-com-o-programa-Minha-Casa-Minha-Vida-Rural-14.jpg\"><img loading=\"lazy\" decoding=\"async\" class=\"alignnone size-medium wp-image-54143\" src=\"http:\/\/folhadosudeste.com\/site\/wp-content\/uploads\/2018\/05\/25-fam\u00edlias-limeirenses-ser\u00e3o-beneficiadas-com-o-programa-Minha-Casa-Minha-Vida-Rural-14-300x225.jpg\" alt=\"\" width=\"300\" height=\"225\" srcset=\"http:\/\/folhadosudeste.com\/site\/wp-content\/uploads\/2018\/05\/25-fam\u00edlias-limeirenses-ser\u00e3o-beneficiadas-com-o-programa-Minha-Casa-Minha-Vida-Rural-14-300x225.jpg 300w, http:\/\/folhadosudeste.com\/site\/wp-content\/uploads\/2018\/05\/25-fam\u00edlias-limeirenses-ser\u00e3o-beneficiadas-com-o-programa-Minha-Casa-Minha-Vida-Rural-14.jpg 620w\" sizes=\"auto, (max-width: 300px) 100vw, 300px\" \/><\/a> <a href=\"http:\/\/folhadosudeste.com\/site\/wp-content\/uploads\/2018\/05\/25-fam\u00edlias-limeirenses-ser\u00e3o-beneficiadas-com-o-programa-Minha-Casa-Minha-Vida-Rural-15.jpg\"><img loading=\"lazy\" decoding=\"async\" class=\"alignnone size-medium wp-image-54145\" src=\"http:\/\/folhadosudeste.com\/site\/wp-content\/uploads\/2018\/05\/25-fam\u00edlias-limeirenses-ser\u00e3o-beneficiadas-com-o-programa-Minha-Casa-Minha-Vida-Rural-15-300x225.jpg\" alt=\"\" width=\"300\" height=\"225\" srcset=\"http:\/\/folhadosudeste.com\/site\/wp-content\/uploads\/2018\/05\/25-fam\u00edlias-limeirenses-ser\u00e3o-beneficiadas-com-o-programa-Minha-Casa-Minha-Vida-Rural-15-300x225.jpg 300w, http:\/\/folhadosudeste.com\/site\/wp-content\/uploads\/2018\/05\/25-fam\u00edlias-limeirenses-ser\u00e3o-beneficiadas-com-o-programa-Minha-Casa-Minha-Vida-Rural-15.jpg 620w\" sizes=\"auto, (max-width: 300px) 100vw, 300px\" \/><\/a> <a href=\"http:\/\/folhadosudeste.com\/site\/wp-content\/uploads\/2018\/05\/25-fam\u00edlias-limeirenses-ser\u00e3o-beneficiadas-com-o-programa-Minha-Casa-Minha-Vida-Rural-16.jpg\"><img loading=\"lazy\" decoding=\"async\" class=\"alignnone size-medium wp-image-54147\" src=\"http:\/\/folhadosudeste.com\/site\/wp-content\/uploads\/2018\/05\/25-fam\u00edlias-limeirenses-ser\u00e3o-beneficiadas-com-o-programa-Minha-Casa-Minha-Vida-Rural-16-300x225.jpg\" alt=\"\" width=\"300\" height=\"225\" srcset=\"http:\/\/folhadosudeste.com\/site\/wp-content\/uploads\/2018\/05\/25-fam\u00edlias-limeirenses-ser\u00e3o-beneficiadas-com-o-programa-Minha-Casa-Minha-Vida-Rural-16-300x225.jpg 300w, http:\/\/folhadosudeste.com\/site\/wp-content\/uploads\/2018\/05\/25-fam\u00edlias-limeirenses-ser\u00e3o-beneficiadas-com-o-programa-Minha-Casa-Minha-Vida-Rural-16.jpg 620w\" sizes=\"auto, (max-width: 300px) 100vw, 300px\" \/><\/a> <a href=\"http:\/\/folhadosudeste.com\/site\/wp-content\/uploads\/2018\/05\/25-fam\u00edlias-limeirenses-ser\u00e3o-beneficiadas-com-o-programa-Minha-Casa-Minha-Vida-Rural-17.jpg\"><img loading=\"lazy\" decoding=\"async\" class=\"alignnone size-medium wp-image-54151\" src=\"http:\/\/folhadosudeste.com\/site\/wp-content\/uploads\/2018\/05\/25-fam\u00edlias-limeirenses-ser\u00e3o-beneficiadas-com-o-programa-Minha-Casa-Minha-Vida-Rural-17-300x225.jpg\" alt=\"\" width=\"300\" height=\"225\" srcset=\"http:\/\/folhadosudeste.com\/site\/wp-content\/uploads\/2018\/05\/25-fam\u00edlias-limeirenses-ser\u00e3o-beneficiadas-com-o-programa-Minha-Casa-Minha-Vida-Rural-17-300x225.jpg 300w, http:\/\/folhadosudeste.com\/site\/wp-content\/uploads\/2018\/05\/25-fam\u00edlias-limeirenses-ser\u00e3o-beneficiadas-com-o-programa-Minha-Casa-Minha-Vida-Rural-17.jpg 620w\" sizes=\"auto, (max-width: 300px) 100vw, 300px\" \/><\/a> <a href=\"http:\/\/folhadosudeste.com\/site\/wp-content\/uploads\/2018\/05\/25-fam\u00edlias-limeirenses-ser\u00e3o-beneficiadas-com-o-programa-Minha-Casa-Minha-Vida-Rural-18.jpg\"><img loading=\"lazy\" decoding=\"async\" class=\"alignnone size-medium wp-image-54154\" src=\"http:\/\/folhadosudeste.com\/site\/wp-content\/uploads\/2018\/05\/25-fam\u00edlias-limeirenses-ser\u00e3o-beneficiadas-com-o-programa-Minha-Casa-Minha-Vida-Rural-18-300x225.jpg\" alt=\"\" width=\"300\" height=\"225\" srcset=\"http:\/\/folhadosudeste.com\/site\/wp-content\/uploads\/2018\/05\/25-fam\u00edlias-limeirenses-ser\u00e3o-beneficiadas-com-o-programa-Minha-Casa-Minha-Vida-Rural-18-300x225.jpg 300w, http:\/\/folhadosudeste.com\/site\/wp-content\/uploads\/2018\/05\/25-fam\u00edlias-limeirenses-ser\u00e3o-beneficiadas-com-o-programa-Minha-Casa-Minha-Vida-Rural-18.jpg 620w\" sizes=\"auto, (max-width: 300px) 100vw, 300px\" \/><\/a> <a href=\"http:\/\/folhadosudeste.com\/site\/wp-content\/uploads\/2018\/05\/25-fam\u00edlias-limeirenses-ser\u00e3o-beneficiadas-com-o-programa-Minha-Casa-Minha-Vida-Rural-19.jpg\"><img loading=\"lazy\" decoding=\"async\" class=\"alignnone size-medium wp-image-54157\" src=\"http:\/\/folhadosudeste.com\/site\/wp-content\/uploads\/2018\/05\/25-fam\u00edlias-limeirenses-ser\u00e3o-beneficiadas-com-o-programa-Minha-Casa-Minha-Vida-Rural-19-300x225.jpg\" alt=\"\" width=\"300\" height=\"225\" srcset=\"http:\/\/folhadosudeste.com\/site\/wp-content\/uploads\/2018\/05\/25-fam\u00edlias-limeirenses-ser\u00e3o-beneficiadas-com-o-programa-Minha-Casa-Minha-Vida-Rural-19-300x225.jpg 300w, http:\/\/folhadosudeste.com\/site\/wp-content\/uploads\/2018\/05\/25-fam\u00edlias-limeirenses-ser\u00e3o-beneficiadas-com-o-programa-Minha-Casa-Minha-Vida-Rural-19.jpg 620w\" sizes=\"auto, (max-width: 300px) 100vw, 300px\" \/><\/a> <a href=\"http:\/\/folhadosudeste.com\/site\/wp-content\/uploads\/2018\/05\/25-fam\u00edlias-limeirenses-ser\u00e3o-beneficiadas-com-o-programa-Minha-Casa-Minha-Vida-Rural-20.jpg\"><img loading=\"lazy\" decoding=\"async\" class=\"alignnone size-medium wp-image-54160\" src=\"http:\/\/folhadosudeste.com\/site\/wp-content\/uploads\/2018\/05\/25-fam\u00edlias-limeirenses-ser\u00e3o-beneficiadas-com-o-programa-Minha-Casa-Minha-Vida-Rural-20-300x225.jpg\" alt=\"\" width=\"300\" height=\"225\" srcset=\"http:\/\/folhadosudeste.com\/site\/wp-content\/uploads\/2018\/05\/25-fam\u00edlias-limeirenses-ser\u00e3o-beneficiadas-com-o-programa-Minha-Casa-Minha-Vida-Rural-20-300x225.jpg 300w, http:\/\/folhadosudeste.com\/site\/wp-content\/uploads\/2018\/05\/25-fam\u00edlias-limeirenses-ser\u00e3o-beneficiadas-com-o-programa-Minha-Casa-Minha-Vida-Rural-20.jpg 620w\" sizes=\"auto, (max-width: 300px) 100vw, 300px\" \/><\/a> <a href=\"http:\/\/folhadosudeste.com\/site\/wp-content\/uploads\/2018\/05\/25-fam\u00edlias-limeirenses-ser\u00e3o-beneficiadas-com-o-programa-Minha-Casa-Minha-Vida-Rural-21.jpg\"><img loading=\"lazy\" decoding=\"async\" class=\"alignnone size-medium wp-image-54163\" src=\"http:\/\/folhadosudeste.com\/site\/wp-content\/uploads\/2018\/05\/25-fam\u00edlias-limeirenses-ser\u00e3o-beneficiadas-com-o-programa-Minha-Casa-Minha-Vida-Rural-21-300x225.jpg\" alt=\"\" width=\"300\" height=\"225\" srcset=\"http:\/\/folhadosudeste.com\/site\/wp-content\/uploads\/2018\/05\/25-fam\u00edlias-limeirenses-ser\u00e3o-beneficiadas-com-o-programa-Minha-Casa-Minha-Vida-Rural-21-300x225.jpg 300w, http:\/\/folhadosudeste.com\/site\/wp-content\/uploads\/2018\/05\/25-fam\u00edlias-limeirenses-ser\u00e3o-beneficiadas-com-o-programa-Minha-Casa-Minha-Vida-Rural-21.jpg 620w\" sizes=\"auto, (max-width: 300px) 100vw, 300px\" \/><\/a> <a href=\"http:\/\/folhadosudeste.com\/site\/wp-content\/uploads\/2018\/05\/25-fam\u00edlias-limeirenses-ser\u00e3o-beneficiadas-com-o-programa-Minha-Casa-Minha-Vida-Rural-22.jpg\"><img loading=\"lazy\" decoding=\"async\" class=\"alignnone size-medium wp-image-54166\" src=\"http:\/\/folhadosudeste.com\/site\/wp-content\/uploads\/2018\/05\/25-fam\u00edlias-limeirenses-ser\u00e3o-beneficiadas-com-o-programa-Minha-Casa-Minha-Vida-Rural-22-300x225.jpg\" alt=\"\" width=\"300\" height=\"225\" srcset=\"http:\/\/folhadosudeste.com\/site\/wp-content\/uploads\/2018\/05\/25-fam\u00edlias-limeirenses-ser\u00e3o-beneficiadas-com-o-programa-Minha-Casa-Minha-Vida-Rural-22-300x225.jpg 300w, http:\/\/folhadosudeste.com\/site\/wp-content\/uploads\/2018\/05\/25-fam\u00edlias-limeirenses-ser\u00e3o-beneficiadas-com-o-programa-Minha-Casa-Minha-Vida-Rural-22.jpg 620w\" sizes=\"auto, (max-width: 300px) 100vw, 300px\" \/><\/a> <a href=\"http:\/\/folhadosudeste.com\/site\/wp-content\/uploads\/2018\/05\/25-fam\u00edlias-limeirenses-ser\u00e3o-beneficiadas-com-o-programa-Minha-Casa-Minha-Vida-Rural-23.jpg\"><img loading=\"lazy\" decoding=\"async\" class=\"alignnone size-medium wp-image-54168\" src=\"http:\/\/folhadosudeste.com\/site\/wp-content\/uploads\/2018\/05\/25-fam\u00edlias-limeirenses-ser\u00e3o-beneficiadas-com-o-programa-Minha-Casa-Minha-Vida-Rural-23-300x225.jpg\" alt=\"\" width=\"300\" height=\"225\" srcset=\"http:\/\/folhadosudeste.com\/site\/wp-content\/uploads\/2018\/05\/25-fam\u00edlias-limeirenses-ser\u00e3o-beneficiadas-com-o-programa-Minha-Casa-Minha-Vida-Rural-23-300x225.jpg 300w, http:\/\/folhadosudeste.com\/site\/wp-content\/uploads\/2018\/05\/25-fam\u00edlias-limeirenses-ser\u00e3o-beneficiadas-com-o-programa-Minha-Casa-Minha-Vida-Rural-23.jpg 620w\" sizes=\"auto, (max-width: 300px) 100vw, 300px\" \/><\/a><\/p>\n","protected":false},"excerpt":{"rendered":"<p>A Prefeitura Municipal de Ros\u00e1rio da Limeira, administra\u00e7\u00e3o 2017-2020 \u201cConstruindo Uma Nova Hist\u00f3ria\u201d, entregou para 25 fam\u00edlias um contrato para concess\u00e3o de subs\u00eddios com recursos da Ouvidoria Geral da Uni\u00e3o \u2013 OGU, destinados \u00e0 produ\u00e7\u00e3o de unidade habitacional, vinculada ao Programa Nacional de Habita\u00e7\u00e3o Rural \u2013 PNHR, no \u00e2mbito do Programa Minha Casa, Minha Vida [&hellip;]<\/p>\n","protected":false},"author":6,"featured_media":54132,"comment_status":"open","ping_status":"closed","sticky":false,"template":"","format":"standard","meta":{"_joinchat":[],"footnotes":""},"categories":[1],"tags":[],"class_list":["post-54112","post","type-post","status-publish","format-standard","has-post-thumbnail","hentry","category-sem-categoria"],"_links":{"self":[{"href":"http:\/\/folhadosudeste.com\/site\/index.php?rest_route=\/wp\/v2\/posts\/54112","targetHints":{"allow":["GET"]}}],"collection":[{"href":"http:\/\/folhadosudeste.com\/site\/index.php?rest_route=\/wp\/v2\/posts"}],"about":[{"href":"http:\/\/folhadosudeste.com\/site\/index.php?rest_route=\/wp\/v2\/types\/post"}],"author":[{"embeddable":true,"href":"http:\/\/folhadosudeste.com\/site\/index.php?rest_route=\/wp\/v2\/users\/6"}],"replies":[{"embeddable":true,"href":"http:\/\/folhadosudeste.com\/site\/index.php?rest_route=%2Fwp%2Fv2%2Fcomments&post=54112"}],"version-history":[{"count":2,"href":"http:\/\/folhadosudeste.com\/site\/index.php?rest_route=\/wp\/v2\/posts\/54112\/revisions"}],"predecessor-version":[{"id":54194,"href":"http:\/\/folhadosudeste.com\/site\/index.php?rest_route=\/wp\/v2\/posts\/54112\/revisions\/54194"}],"wp:featuredmedia":[{"embeddable":true,"href":"http:\/\/folhadosudeste.com\/site\/index.php?rest_route=\/wp\/v2\/media\/54132"}],"wp:attachment":[{"href":"http:\/\/folhadosudeste.com\/site\/index.php?rest_route=%2Fwp%2Fv2%2Fmedia&parent=54112"}],"wp:term":[{"taxonomy":"category","embeddable":true,"href":"http:\/\/folhadosudeste.com\/site\/index.php?rest_route=%2Fwp%2Fv2%2Fcategories&post=54112"},{"taxonomy":"post_tag","embeddable":true,"href":"http:\/\/folhadosudeste.com\/site\/index.php?rest_route=%2Fwp%2Fv2%2Ftags&post=54112"}],"curies":[{"name":"wp","href":"https:\/\/api.w.org\/{rel}","templated":true}]}}