{"id":54121,"date":"2018-05-25T17:29:08","date_gmt":"2018-05-25T17:29:08","guid":{"rendered":"http:\/\/folhadosudeste.com\/site\/?p=54121"},"modified":"2018-05-25T17:29:08","modified_gmt":"2018-05-25T17:29:08","slug":"consep-de-rosario-de-limeira-recebe-visita-de-grupo-de-guiricema","status":"publish","type":"post","link":"http:\/\/folhadosudeste.com\/site\/?p=54121","title":{"rendered":"Consep de Ros\u00e1rio de Limeira recebe visita de grupo de Guiricema"},"content":{"rendered":"<p><a href=\"http:\/\/folhadosudeste.com\/site\/wp-content\/uploads\/2018\/05\/DSC_0956.jpg\"><img loading=\"lazy\" decoding=\"async\" class=\"aligncenter wp-image-54153 size-full\" src=\"http:\/\/folhadosudeste.com\/site\/wp-content\/uploads\/2018\/05\/DSC_0956.jpg\" alt=\"\" width=\"800\" height=\"533\" srcset=\"http:\/\/folhadosudeste.com\/site\/wp-content\/uploads\/2018\/05\/DSC_0956.jpg 800w, http:\/\/folhadosudeste.com\/site\/wp-content\/uploads\/2018\/05\/DSC_0956-300x200.jpg 300w, http:\/\/folhadosudeste.com\/site\/wp-content\/uploads\/2018\/05\/DSC_0956-768x512.jpg 768w\" sizes=\"auto, (max-width: 800px) 100vw, 800px\" \/><\/a><\/p>\n<p style=\"text-align: justify;\">O Consep (Conselho Comunit\u00e1rio de Seguran\u00e7a P\u00fablica) de Ros\u00e1rio da Limeira, realizou na noite de sexta-feira (18) na C\u00e2mara Municipal, um encontro com autoridades militares e civis, vereadores da cidade e funcion\u00e1rios p\u00fablicos, onde receberam a visita de um grupo de amigos de Guiricema. O evento teve como objetivo demonstrar aos guiricemenses a efici\u00eancia do projeto em solucionar problemas comunit\u00e1rios de seguran\u00e7a, desenvolver campanhas educativas e estreitar la\u00e7os de entendimento e coopera\u00e7\u00e3o entre as v\u00e1rias lideran\u00e7as locais, de modo a possibilitar a implanta\u00e7\u00e3o do Consep em Guiricema.<\/p>\n<p style=\"text-align: justify;\">O vice-prefeito de Ros\u00e1rio da Limeira, Davi Dias Maciel, esteve presente e explicou os prop\u00f3sitos do projeto. <em>\u201cA ideia do Consep \u00e9 ser um grupo de apoio para a pol\u00edcia e a comunidade e um elo entre elas. Al\u00e9m disso, \u00e9 um trabalho social, pois quebra a imagem da pol\u00edcia de ruim e bruta, aproximando-a da comunidade. Hoje, em Ros\u00e1rio da Limeira, estamos colhendo os frutos dessa realiza\u00e7\u00e3o. A inten\u00e7\u00e3o \u00e9 ir a Guiricema trocar ideias e testemunhos, al\u00e9m de demonstrar as dificuldades que tivemos, para que a popula\u00e7\u00e3o acredite na pol\u00edcia. Al\u00e9m de acatar as demandas da comunidade, \u00e9 tamb\u00e9m realizado um trabalho social com pessoas carentes em datas comemorativas, em \u00e9poca de frio, etc.\u201d<\/em>, relatou.<\/p>\n<p style=\"text-align: justify;\">Catarina Aparecida de F\u00e1tima Gon\u00e7alves Maciel, foi a primeira presidente do Consep de Ros\u00e1rio da Limeira, detalhou os desafios do Conselho \u00e0 \u00e9poca de sua cria\u00e7\u00e3o. <em>\u201cQuando o Consep foi criado, houve uma grande dificuldade de aceita\u00e7\u00e3o da popula\u00e7\u00e3o, porque h\u00e1 uma barreira em ajudar a pol\u00edcia, mas eu considero que houve uma evolu\u00e7\u00e3o muito grande. \u00c9 um passo muito importante, uma vez que somos exemplo para outras cidades. O Consep existe e funciona, pois tem sua fun\u00e7\u00e3o social e \u00e9 reconhecido pela popula\u00e7\u00e3o\u201d<\/em>, explicou.<\/p>\n<p style=\"text-align: justify;\">Luiz dos Santos, presidente da Associa\u00e7\u00e3o dos Moradores do distrito de Vilas Boas, em Guiricema MG e ex-vice-presidente do Conselho de Seguran\u00e7a de Volta Redonda, demonstrou suas boas inten\u00e7\u00f5es quanto \u00e0 implanta\u00e7\u00e3o do projeto em seu munic\u00edpio. <em>\u201cEu busco fazer algo que beneficie todos. Essa aproxima\u00e7\u00e3o da popula\u00e7\u00e3o com a pol\u00edcia \u00e9 muito importante para ambos, porque \u00e9 uma forma eficiente de recolher e repassar informa\u00e7\u00f5es\u201d<\/em>, disse.<\/p>\n<p style=\"text-align: justify;\">O vereador e presidente da C\u00e2mara Municipal de Ros\u00e1rio da Limeira, Valdecir Pereira Braga, aproveitou o momento para agradecer aos envolvidos na iniciativa. <em>\u201cParabenizo as pessoas que est\u00e3o no comando do Consep hoje, sempre id\u00f4neas, honestas e que prezam por um trabalho transparente; os amigos vindos de Guiricema que buscam se espelhar no Consep de Ros\u00e1rio da Limeira, por se importarem com a seguran\u00e7a da cidade; e os fundadores do Consep, que lutaram pela realiza\u00e7\u00e3o do projeto\u201d<\/em>, afirmou.<\/p>\n<p style=\"text-align: justify;\">O Aspirante Benevides destacou a import\u00e2ncia da intera\u00e7\u00e3o do povo no setor de seguran\u00e7a. <em>\u201cA reuni\u00e3o que traz a popula\u00e7\u00e3o junto \u00e0 Pol\u00edcia Militar \u00e9 o principal foco do nosso servi\u00e7o. Cada dia mais vinculamos o servi\u00e7o do policial com a atitude cidad\u00e3. Com essa aproxima\u00e7\u00e3o, a nossa presta\u00e7\u00e3o de servi\u00e7os tende a melhorar e o cidad\u00e3o tende a ficar mais satisfeito. \u00c9 um exemplo para todas as cidades do nosso Batalh\u00e3o e at\u00e9 mesmo em \u00e2mbito estadual\u201d<\/em>, frisou.<\/p>\n<p style=\"text-align: justify;\">A atual presidente do Consep de Ros\u00e1rio da Limeira, Leni Rodrigues da Silva Viena Costa, explicou sobre como surgiu a ideia de implantar o projeto em Guiricema. <em>\u201cEu conheci o M\u00e1rcio Goulart, da R\u00e1dio Colina, atrav\u00e9s de um amigo e ele entrou em contato comigo pedindo orienta\u00e7\u00e3o porque desejava fundar o Consep na cidade de Guiricema, pois sempre teve boas refer\u00eancias do projeto em Limeira. Ent\u00e3o, o presidente da C\u00e2mara, Valdecir Pereira Braga cedeu o espa\u00e7o para realizarmos essa reuni\u00e3o aqui. Com isso, foi realizada a troca de experi\u00eancias de ambas as prefeituras e ficou decidido que vamos prosseguir com as conversas e visitar Guiricema para cativar a popula\u00e7\u00e3o, para que eles possam realizar esse trabalho com muito sucesso tamb\u00e9m na cidade deles\u201d<\/em>, relatou.<\/p>\n<p style=\"text-align: justify;\">Reda\u00e7\u00e3o \/ Fotos: Jornal Folha do Sudeste<\/p>\n<p><a href=\"http:\/\/folhadosudeste.com\/site\/wp-content\/uploads\/2018\/05\/DSC_0965.jpg\"><img loading=\"lazy\" decoding=\"async\" class=\"alignnone size-medium wp-image-54162\" src=\"http:\/\/folhadosudeste.com\/site\/wp-content\/uploads\/2018\/05\/DSC_0965-300x200.jpg\" alt=\"\" width=\"300\" height=\"200\" srcset=\"http:\/\/folhadosudeste.com\/site\/wp-content\/uploads\/2018\/05\/DSC_0965-300x200.jpg 300w, http:\/\/folhadosudeste.com\/site\/wp-content\/uploads\/2018\/05\/DSC_0965-768x512.jpg 768w, http:\/\/folhadosudeste.com\/site\/wp-content\/uploads\/2018\/05\/DSC_0965.jpg 800w\" sizes=\"auto, (max-width: 300px) 100vw, 300px\" \/><\/a> <a href=\"http:\/\/folhadosudeste.com\/site\/wp-content\/uploads\/2018\/05\/DSC_0962.jpg\"><img loading=\"lazy\" decoding=\"async\" class=\"alignnone size-medium wp-image-54159\" src=\"http:\/\/folhadosudeste.com\/site\/wp-content\/uploads\/2018\/05\/DSC_0962-300x200.jpg\" alt=\"\" width=\"300\" height=\"200\" srcset=\"http:\/\/folhadosudeste.com\/site\/wp-content\/uploads\/2018\/05\/DSC_0962-300x200.jpg 300w, http:\/\/folhadosudeste.com\/site\/wp-content\/uploads\/2018\/05\/DSC_0962-768x512.jpg 768w, http:\/\/folhadosudeste.com\/site\/wp-content\/uploads\/2018\/05\/DSC_0962.jpg 800w\" sizes=\"auto, (max-width: 300px) 100vw, 300px\" \/><\/a> <a href=\"http:\/\/folhadosudeste.com\/site\/wp-content\/uploads\/2018\/05\/DSC_0957.jpg\"><img loading=\"lazy\" decoding=\"async\" class=\"alignnone size-medium wp-image-54156\" src=\"http:\/\/folhadosudeste.com\/site\/wp-content\/uploads\/2018\/05\/DSC_0957-300x200.jpg\" alt=\"\" width=\"300\" height=\"200\" srcset=\"http:\/\/folhadosudeste.com\/site\/wp-content\/uploads\/2018\/05\/DSC_0957-300x200.jpg 300w, http:\/\/folhadosudeste.com\/site\/wp-content\/uploads\/2018\/05\/DSC_0957-768x512.jpg 768w, http:\/\/folhadosudeste.com\/site\/wp-content\/uploads\/2018\/05\/DSC_0957.jpg 800w\" sizes=\"auto, (max-width: 300px) 100vw, 300px\" \/><\/a> &nbsp;<a href=\"http:\/\/folhadosudeste.com\/site\/wp-content\/uploads\/2018\/05\/DSC_0971.jpg\"><img loading=\"lazy\" decoding=\"async\" class=\"alignnone size-medium wp-image-54167\" src=\"http:\/\/folhadosudeste.com\/site\/wp-content\/uploads\/2018\/05\/DSC_0971-300x200.jpg\" alt=\"\" width=\"300\" height=\"200\" srcset=\"http:\/\/folhadosudeste.com\/site\/wp-content\/uploads\/2018\/05\/DSC_0971-300x200.jpg 300w, http:\/\/folhadosudeste.com\/site\/wp-content\/uploads\/2018\/05\/DSC_0971-768x512.jpg 768w, http:\/\/folhadosudeste.com\/site\/wp-content\/uploads\/2018\/05\/DSC_0971.jpg 800w\" sizes=\"auto, (max-width: 300px) 100vw, 300px\" \/><\/a><a href=\"http:\/\/folhadosudeste.com\/site\/wp-content\/uploads\/2018\/05\/DSC_0933.jpg\"><img loading=\"lazy\" decoding=\"async\" class=\"alignnone size-medium wp-image-54149\" src=\"http:\/\/folhadosudeste.com\/site\/wp-content\/uploads\/2018\/05\/DSC_0933-300x200.jpg\" alt=\"\" width=\"300\" height=\"200\" srcset=\"http:\/\/folhadosudeste.com\/site\/wp-content\/uploads\/2018\/05\/DSC_0933-300x200.jpg 300w, http:\/\/folhadosudeste.com\/site\/wp-content\/uploads\/2018\/05\/DSC_0933-768x512.jpg 768w, http:\/\/folhadosudeste.com\/site\/wp-content\/uploads\/2018\/05\/DSC_0933.jpg 800w\" sizes=\"auto, (max-width: 300px) 100vw, 300px\" \/><\/a><\/p>\n<p style=\"text-align: left;\">&nbsp;<\/p>\n<p>&nbsp;<\/p>\n","protected":false},"excerpt":{"rendered":"<p>O Consep (Conselho Comunit\u00e1rio de Seguran\u00e7a P\u00fablica) de Ros\u00e1rio da Limeira, realizou na noite de sexta-feira (18) na C\u00e2mara Municipal, um encontro com autoridades militares e civis, vereadores da cidade e funcion\u00e1rios p\u00fablicos, onde receberam a visita de um grupo de amigos de Guiricema. O evento teve como objetivo demonstrar aos guiricemenses a efici\u00eancia do [&hellip;]<\/p>\n","protected":false},"author":6,"featured_media":54153,"comment_status":"open","ping_status":"closed","sticky":false,"template":"","format":"standard","meta":{"_joinchat":[],"footnotes":""},"categories":[1],"tags":[],"class_list":["post-54121","post","type-post","status-publish","format-standard","has-post-thumbnail","hentry","category-sem-categoria"],"_links":{"self":[{"href":"http:\/\/folhadosudeste.com\/site\/index.php?rest_route=\/wp\/v2\/posts\/54121","targetHints":{"allow":["GET"]}}],"collection":[{"href":"http:\/\/folhadosudeste.com\/site\/index.php?rest_route=\/wp\/v2\/posts"}],"about":[{"href":"http:\/\/folhadosudeste.com\/site\/index.php?rest_route=\/wp\/v2\/types\/post"}],"author":[{"embeddable":true,"href":"http:\/\/folhadosudeste.com\/site\/index.php?rest_route=\/wp\/v2\/users\/6"}],"replies":[{"embeddable":true,"href":"http:\/\/folhadosudeste.com\/site\/index.php?rest_route=%2Fwp%2Fv2%2Fcomments&post=54121"}],"version-history":[{"count":1,"href":"http:\/\/folhadosudeste.com\/site\/index.php?rest_route=\/wp\/v2\/posts\/54121\/revisions"}],"predecessor-version":[{"id":54206,"href":"http:\/\/folhadosudeste.com\/site\/index.php?rest_route=\/wp\/v2\/posts\/54121\/revisions\/54206"}],"wp:featuredmedia":[{"embeddable":true,"href":"http:\/\/folhadosudeste.com\/site\/index.php?rest_route=\/wp\/v2\/media\/54153"}],"wp:attachment":[{"href":"http:\/\/folhadosudeste.com\/site\/index.php?rest_route=%2Fwp%2Fv2%2Fmedia&parent=54121"}],"wp:term":[{"taxonomy":"category","embeddable":true,"href":"http:\/\/folhadosudeste.com\/site\/index.php?rest_route=%2Fwp%2Fv2%2Fcategories&post=54121"},{"taxonomy":"post_tag","embeddable":true,"href":"http:\/\/folhadosudeste.com\/site\/index.php?rest_route=%2Fwp%2Fv2%2Ftags&post=54121"}],"curies":[{"name":"wp","href":"https:\/\/api.w.org\/{rel}","templated":true}]}}