{"id":54237,"date":"2018-05-28T17:14:42","date_gmt":"2018-05-28T17:14:42","guid":{"rendered":"http:\/\/folhadosudeste.com\/site\/?p=54237"},"modified":"2018-05-28T17:14:42","modified_gmt":"2018-05-28T17:14:42","slug":"prefeito-declara-situacao-de-emergencia-em-muriae","status":"publish","type":"post","link":"http:\/\/folhadosudeste.com\/site\/?p=54237","title":{"rendered":"Prefeito declara Situa\u00e7\u00e3o de Emerg\u00eancia em Muria\u00e9"},"content":{"rendered":"<div><a href=\"http:\/\/folhadosudeste.com\/site\/wp-content\/uploads\/2018\/05\/Prefeitura.png\"><img loading=\"lazy\" decoding=\"async\" class=\"aligncenter wp-image-54238 size-full\" src=\"http:\/\/folhadosudeste.com\/site\/wp-content\/uploads\/2018\/05\/Prefeitura.png\" alt=\"\" width=\"316\" height=\"124\" srcset=\"http:\/\/folhadosudeste.com\/site\/wp-content\/uploads\/2018\/05\/Prefeitura.png 316w, http:\/\/folhadosudeste.com\/site\/wp-content\/uploads\/2018\/05\/Prefeitura-300x118.png 300w\" sizes=\"auto, (max-width: 316px) 100vw, 316px\" \/><\/a><\/div>\n<div style=\"text-align: center;\"><i>Decreto publicado nesta sexta prioriza servi\u00e7os emergenciais de sa\u00fade, abastecimento de \u00e1gua e limpeza urbana durante greve dos caminhoneiros<\/i><\/div>\n<div>&nbsp;<\/div>\n<div style=\"text-align: justify;\">Em decorr\u00eancia do desabastecimento de bens e da escassez de combust\u00edveis em Muria\u00e9, provocados pela greve dos caminhoneiros, o munic\u00edpio est\u00e1 oficialmente em Situa\u00e7\u00e3o de Emerg\u00eancia a partir desta sexta-feira (25).&nbsp;<\/div>\n<div>&nbsp;<\/div>\n<div style=\"text-align: justify;\">O decreto assinado pelo prefeito Grego torna priorit\u00e1rio o atendimento \u00e0s atividades de&nbsp;<b>sa\u00fade<\/b>, de&nbsp;<b>abastecimento de \u00e1gua<\/b>&nbsp;e de&nbsp;<b>limpeza urbana<\/b>&nbsp;em detrimento a todas as demais. Al\u00e9m disso, a Administra\u00e7\u00e3o fica autorizada a adquirir itens necess\u00e1rios para amparar situa\u00e7\u00f5es emergenciais relativas \u00e0 presta\u00e7\u00e3o dos tr\u00eas tipos de servi\u00e7os classificados como essenciais.<\/div>\n<div style=\"text-align: justify;\">&nbsp;<\/div>\n<div style=\"text-align: justify;\">O documento ter\u00e1 validade at\u00e9 que a quest\u00e3o seja normalizada. Confira como ficam os servi\u00e7os p\u00fablicos municipais no per\u00edodo em que a Situa\u00e7\u00e3o de Emerg\u00eancia permanecer em vigor:<\/div>\n<div style=\"text-align: justify;\">&nbsp;<\/div>\n<div style=\"text-align: justify;\"><b>SA\u00daDE<\/b><\/div>\n<div style=\"text-align: justify;\">Os servi\u00e7os emergenciais de transporte (ambul\u00e2ncias, SAMU, apoio \u00e0 hemodi\u00e1lise, entre outros) permanecem ativos enquanto durar o combust\u00edvel dos ve\u00edculos. Todos as demais atividades que incluam transporte est\u00e3o suspensas.<\/div>\n<div style=\"text-align: justify;\">&nbsp;<\/div>\n<div style=\"text-align: justify;\"><b>ABASTECIMENTO DE \u00c1GUA<\/b><\/div>\n<div style=\"text-align: justify;\">Reparos emergenciais que forem necess\u00e1rios na rede de \u00e1gua pot\u00e1vel est\u00e3o inclu\u00eddos nas prioridades e continuar\u00e3o sendo realizados dentro das possibilidades.<\/div>\n<div style=\"text-align: justify;\">&nbsp;<\/div>\n<div style=\"text-align: justify;\"><b>LIMPEZA URBANA<\/b><\/div>\n<div style=\"text-align: justify;\">A coleta de lixo na cidade e nos distritos continua funcionando de acordo com a escala divulgada na quinta-feira (24), ou seja: bairros que recebiam o servi\u00e7o tr\u00eas vezes por semana passam a receb\u00ea-lo duas vezes (segundas\/sextas ou ter\u00e7as\/s\u00e1bados, de acordo com cada caso); j\u00e1 nos locais em que a coleta acontecia diariamente, houve redu\u00e7\u00e3o para tr\u00eas dias por semana (\u00e0s segundas, quartas e sextas).<\/div>\n<div style=\"text-align: justify;\">&nbsp;<\/div>\n<div style=\"text-align: justify;\"><b>EDUCA\u00c7\u00c3O<\/b><\/div>\n<div style=\"text-align: justify;\">O transporte escolar de alunos da zona rural e a distribui\u00e7\u00e3o de merenda em todas as escolas da rede p\u00fablica municipal est\u00e3o garantidos at\u00e9 a pr\u00f3xima segunda-feira (28).<\/div>\n<div style=\"text-align: justify;\">&nbsp;<\/div>\n<div style=\"text-align: justify;\"><b>DESENVOLVIMENTO SOCIAL<\/b><\/div>\n<div style=\"text-align: justify;\">Caso a greve persista, a Cozinha Comunit\u00e1ria do bairro Aeroporto funcionar\u00e1 somente at\u00e9 segunda-feira (28). Os servi\u00e7os desenvolvidos nos CRAS, CREAS, Casa Acolhedora, Centro Pop, Casa Lar e em outros dispositivos de atendimento permanecem ativos, por\u00e9m sem disponibilidade de transporte.<\/div>\n<div style=\"text-align: justify;\">&nbsp;<\/div>\n<div style=\"text-align: justify;\"><b>OBRAS E AGRICULTURA<\/b><\/div>\n<div style=\"text-align: justify;\">Todas as atividades que dependem de deslocamentos, como opera\u00e7\u00e3o tapa-buracos e manuten\u00e7\u00e3o de estradas rurais, por exemplo, est\u00e3o suspensas.<\/div>\n<div style=\"text-align: justify;\">&nbsp;<\/div>\n<div style=\"text-align: justify;\"><b>SERVI\u00c7OS ADMINISTRATIVOS<\/b><\/div>\n<div style=\"text-align: justify;\">O atendimento ao p\u00fablico no Centro Administrativo continua acontecendo normalmente. Poder\u00e1 haver adiamento de licita\u00e7\u00f5es, em virtude da escassez de combust\u00edveis.<\/div>\n","protected":false},"excerpt":{"rendered":"<p>Decreto publicado nesta sexta prioriza servi\u00e7os emergenciais de sa\u00fade, abastecimento de \u00e1gua e limpeza urbana durante greve dos caminhoneiros &nbsp; Em decorr\u00eancia do desabastecimento de bens e da escassez de combust\u00edveis em Muria\u00e9, provocados pela greve dos caminhoneiros, o munic\u00edpio est\u00e1 oficialmente em Situa\u00e7\u00e3o de Emerg\u00eancia a partir desta sexta-feira (25).&nbsp; &nbsp; O decreto assinado [&hellip;]<\/p>\n","protected":false},"author":6,"featured_media":54238,"comment_status":"open","ping_status":"closed","sticky":false,"template":"","format":"standard","meta":{"_joinchat":[],"footnotes":""},"categories":[1],"tags":[],"class_list":["post-54237","post","type-post","status-publish","format-standard","has-post-thumbnail","hentry","category-sem-categoria"],"_links":{"self":[{"href":"http:\/\/folhadosudeste.com\/site\/index.php?rest_route=\/wp\/v2\/posts\/54237","targetHints":{"allow":["GET"]}}],"collection":[{"href":"http:\/\/folhadosudeste.com\/site\/index.php?rest_route=\/wp\/v2\/posts"}],"about":[{"href":"http:\/\/folhadosudeste.com\/site\/index.php?rest_route=\/wp\/v2\/types\/post"}],"author":[{"embeddable":true,"href":"http:\/\/folhadosudeste.com\/site\/index.php?rest_route=\/wp\/v2\/users\/6"}],"replies":[{"embeddable":true,"href":"http:\/\/folhadosudeste.com\/site\/index.php?rest_route=%2Fwp%2Fv2%2Fcomments&post=54237"}],"version-history":[{"count":1,"href":"http:\/\/folhadosudeste.com\/site\/index.php?rest_route=\/wp\/v2\/posts\/54237\/revisions"}],"predecessor-version":[{"id":54239,"href":"http:\/\/folhadosudeste.com\/site\/index.php?rest_route=\/wp\/v2\/posts\/54237\/revisions\/54239"}],"wp:featuredmedia":[{"embeddable":true,"href":"http:\/\/folhadosudeste.com\/site\/index.php?rest_route=\/wp\/v2\/media\/54238"}],"wp:attachment":[{"href":"http:\/\/folhadosudeste.com\/site\/index.php?rest_route=%2Fwp%2Fv2%2Fmedia&parent=54237"}],"wp:term":[{"taxonomy":"category","embeddable":true,"href":"http:\/\/folhadosudeste.com\/site\/index.php?rest_route=%2Fwp%2Fv2%2Fcategories&post=54237"},{"taxonomy":"post_tag","embeddable":true,"href":"http:\/\/folhadosudeste.com\/site\/index.php?rest_route=%2Fwp%2Fv2%2Ftags&post=54237"}],"curies":[{"name":"wp","href":"https:\/\/api.w.org\/{rel}","templated":true}]}}