{"id":54246,"date":"2018-05-28T18:49:21","date_gmt":"2018-05-28T18:49:21","guid":{"rendered":"http:\/\/folhadosudeste.com\/site\/?p=54246"},"modified":"2018-05-28T18:49:21","modified_gmt":"2018-05-28T18:49:21","slug":"campanha-do-agasalho-2018-e-lancada-em-muriae","status":"publish","type":"post","link":"http:\/\/folhadosudeste.com\/site\/?p=54246","title":{"rendered":"Campanha do Agasalho 2018 \u00e9 lan\u00e7ada em Muria\u00e9"},"content":{"rendered":"<p style=\"text-align: center;\"><a href=\"http:\/\/folhadosudeste.com\/site\/wp-content\/uploads\/2018\/05\/IMG_1461.jpg\"><img loading=\"lazy\" decoding=\"async\" class=\"aligncenter wp-image-54248 size-full\" src=\"http:\/\/folhadosudeste.com\/site\/wp-content\/uploads\/2018\/05\/IMG_1461.jpg\" alt=\"\" width=\"1500\" height=\"1078\" srcset=\"http:\/\/folhadosudeste.com\/site\/wp-content\/uploads\/2018\/05\/IMG_1461.jpg 1500w, http:\/\/folhadosudeste.com\/site\/wp-content\/uploads\/2018\/05\/IMG_1461-300x216.jpg 300w, http:\/\/folhadosudeste.com\/site\/wp-content\/uploads\/2018\/05\/IMG_1461-768x552.jpg 768w, http:\/\/folhadosudeste.com\/site\/wp-content\/uploads\/2018\/05\/IMG_1461-1024x736.jpg 1024w\" sizes=\"auto, (max-width: 1500px) 100vw, 1500px\" \/><\/a><em>A\u00e7\u00e3o promovida pela Prefeitura vai arrecadar roupas e sapatos para pessoas em situa\u00e7\u00e3o de rua e fam\u00edlias em vulnerabilidade social<\/em><\/p>\n<p style=\"text-align: justify;\">A Campanha do Agasalho 2018 foi lan\u00e7ada na manh\u00e3 de segunda-feira (28), na Par\u00f3quia S\u00e3o Paulo, Centro. Promovida pela Prefeitura, por meio da Casa Acolhedora Padre Carlos Seelen e Centro POP, a a\u00e7\u00e3o vai arrecadar roupas e sapatos para pessoas em situa\u00e7\u00e3o de rua e fam\u00edlias em vulnerabilidade social, a fim de proporcionar mais prote\u00e7\u00e3o para aqueles que n\u00e3o t\u00eam como se aquecer durante o inverno.<\/p>\n<p style=\"text-align: justify;\">A campanha prossegue at\u00e9 o t\u00e9rmino do inverno, em agosto. As doa\u00e7\u00f5es podem ser feitas em sete locais pela cidade: Karlo\u2019s Papelaria, Casa Guarino, Potencial Lot\u00e9ricas e par\u00f3quias S\u00e3o Paulo (Centro), Santa Cruz (Safira), Nossa Senhora da Concei\u00e7\u00e3o (Barra) e Nossa Senhora do Sagrado Cora\u00e7\u00e3o (Dornelas). Outras institui\u00e7\u00f5es da cidade que quiserem participar da a\u00e7\u00e3o podem entrar em contato com a Casa Acolhedora, pelo telefone 3721-4602.<\/p>\n<p style=\"text-align: justify;\">\u201cNo frio a demanda cresce por roupas e agasalhos nas institui\u00e7\u00f5es que atendem pessoas em situa\u00e7\u00e3o de rua, como a Casa Acolhedora e o Centro POP. Por isso, precisamos atender esse p\u00fablico. Buscamos o bom atendimento e a melhoria da qualidade de vida dessas pessoas, por isso temos tamb\u00e9m que pensar na roupa e no agasalho\u201d, diz a diretora de Prote\u00e7\u00e3o Especial da Secretaria Municipal de Desenvolvimento Social, Cristiane Teixeira. Ainda segundo ela, a maior necessidade \u00e9 de pe\u00e7as masculinas, pois o p\u00fablico-alvo da campanha \u00e9 formado, em sua maioria, por homens. \u201cEssa a\u00e7\u00e3o \u00e9 muito importante para proporcionar mais conforto a essas pessoas durante o inverno. Pedimos que os muriaeenses \u2018abracem\u2019 essa causa junto conosco, a fim de diminuir o sofrimento daqueles que n\u00e3o t\u00eam como se aquecer nessa \u00e9poca\u201d, completa o prefeito Grego.<\/p>\n<p style=\"text-align: justify;\"><strong>Servi\u00e7o<\/strong><\/p>\n<p style=\"text-align: justify;\"><strong>Campanha do Agasalho 2018:<\/strong><\/p>\n<p style=\"text-align: justify;\">Per\u00edodo: at\u00e9 o t\u00e9rmino do inverno, em agosto<\/p>\n<p style=\"text-align: justify;\">Institui\u00e7\u00f5es que desejarem participar: entrar em contato com a Casa Acolhedora, localizada na Rua J\u00falio Brand\u00e3o, 168, Barra<\/p>\n<p style=\"text-align: justify;\">Telefone: 3721-4602<\/p>\n<p style=\"text-align: justify;\"><strong>Pontos de coleta:<\/strong><\/p>\n<p style=\"text-align: justify;\">&#8211; Karlo\u2019s Papelaria: Pra\u00e7a Coronel Tib\u00farcio, 108, Barra &#8211; Telefone: 3722-1159<\/p>\n<p style=\"text-align: justify;\">&#8211; Par\u00f3quia Santa Cruz: Avenida Silv\u00e9rio Campos, 181, Safira &#8211; Telefone: 3722-8399<\/p>\n<p style=\"text-align: justify;\">&#8211; Casa Guarino: Avenida Comendador Freitas, 22, Centro &#8211; Telefone: 37212370<\/p>\n<p style=\"text-align: justify;\">&#8211; Par\u00f3quia S\u00e3o Paulo: Rua Doutor Afonso Canedo, 47 &#8211; Telefone: 3722-2363<\/p>\n<p style=\"text-align: justify;\">&#8211; Par\u00f3quia Nossa Senhora da Concei\u00e7\u00e3o: Rua Lincon Marinho, s\/n, Barra &#8211; Telefone: 3721-9363<\/p>\n<p style=\"text-align: justify;\">&#8211; Par\u00f3quia Nossa Senhora do Sagrado Cora\u00e7\u00e3o: Avenida Altino Rodrigues Pereira, 1, Dornelas &#8211; Telefone: 3722-2881<\/p>\n<p style=\"text-align: justify;\">&#8211; Potencial Lot\u00e9ricas: Rua Itamuri, 49, Centro<\/p>\n<p><a href=\"http:\/\/folhadosudeste.com\/site\/wp-content\/uploads\/2018\/05\/IMG_1458.jpg\"><img loading=\"lazy\" decoding=\"async\" class=\"alignnone size-medium wp-image-54247\" src=\"http:\/\/folhadosudeste.com\/site\/wp-content\/uploads\/2018\/05\/IMG_1458-300x294.jpg\" alt=\"\" width=\"300\" height=\"294\" srcset=\"http:\/\/folhadosudeste.com\/site\/wp-content\/uploads\/2018\/05\/IMG_1458-300x294.jpg 300w, http:\/\/folhadosudeste.com\/site\/wp-content\/uploads\/2018\/05\/IMG_1458-768x753.jpg 768w, http:\/\/folhadosudeste.com\/site\/wp-content\/uploads\/2018\/05\/IMG_1458-1024x1004.jpg 1024w, http:\/\/folhadosudeste.com\/site\/wp-content\/uploads\/2018\/05\/IMG_1458-55x55.jpg 55w, http:\/\/folhadosudeste.com\/site\/wp-content\/uploads\/2018\/05\/IMG_1458.jpg 1500w\" sizes=\"auto, (max-width: 300px) 100vw, 300px\" \/><\/a> &nbsp;<a href=\"http:\/\/folhadosudeste.com\/site\/wp-content\/uploads\/2018\/05\/IMG_1469.jpg\"><img loading=\"lazy\" decoding=\"async\" class=\"alignnone size-medium wp-image-54249\" src=\"http:\/\/folhadosudeste.com\/site\/wp-content\/uploads\/2018\/05\/IMG_1469-300x292.jpg\" alt=\"\" width=\"300\" height=\"292\" srcset=\"http:\/\/folhadosudeste.com\/site\/wp-content\/uploads\/2018\/05\/IMG_1469-300x292.jpg 300w, http:\/\/folhadosudeste.com\/site\/wp-content\/uploads\/2018\/05\/IMG_1469-768x748.jpg 768w, http:\/\/folhadosudeste.com\/site\/wp-content\/uploads\/2018\/05\/IMG_1469-1024x997.jpg 1024w, http:\/\/folhadosudeste.com\/site\/wp-content\/uploads\/2018\/05\/IMG_1469-55x55.jpg 55w, http:\/\/folhadosudeste.com\/site\/wp-content\/uploads\/2018\/05\/IMG_1469.jpg 1500w\" sizes=\"auto, (max-width: 300px) 100vw, 300px\" \/><\/a><\/p>\n","protected":false},"excerpt":{"rendered":"<p>A\u00e7\u00e3o promovida pela Prefeitura vai arrecadar roupas e sapatos para pessoas em situa\u00e7\u00e3o de rua e fam\u00edlias em vulnerabilidade social A Campanha do Agasalho 2018 foi lan\u00e7ada na manh\u00e3 de segunda-feira (28), na Par\u00f3quia S\u00e3o Paulo, Centro. Promovida pela Prefeitura, por meio da Casa Acolhedora Padre Carlos Seelen e Centro POP, a a\u00e7\u00e3o vai arrecadar [&hellip;]<\/p>\n","protected":false},"author":6,"featured_media":54248,"comment_status":"open","ping_status":"closed","sticky":false,"template":"","format":"standard","meta":{"_joinchat":[],"footnotes":""},"categories":[1],"tags":[],"class_list":["post-54246","post","type-post","status-publish","format-standard","has-post-thumbnail","hentry","category-sem-categoria"],"_links":{"self":[{"href":"http:\/\/folhadosudeste.com\/site\/index.php?rest_route=\/wp\/v2\/posts\/54246","targetHints":{"allow":["GET"]}}],"collection":[{"href":"http:\/\/folhadosudeste.com\/site\/index.php?rest_route=\/wp\/v2\/posts"}],"about":[{"href":"http:\/\/folhadosudeste.com\/site\/index.php?rest_route=\/wp\/v2\/types\/post"}],"author":[{"embeddable":true,"href":"http:\/\/folhadosudeste.com\/site\/index.php?rest_route=\/wp\/v2\/users\/6"}],"replies":[{"embeddable":true,"href":"http:\/\/folhadosudeste.com\/site\/index.php?rest_route=%2Fwp%2Fv2%2Fcomments&post=54246"}],"version-history":[{"count":1,"href":"http:\/\/folhadosudeste.com\/site\/index.php?rest_route=\/wp\/v2\/posts\/54246\/revisions"}],"predecessor-version":[{"id":54250,"href":"http:\/\/folhadosudeste.com\/site\/index.php?rest_route=\/wp\/v2\/posts\/54246\/revisions\/54250"}],"wp:featuredmedia":[{"embeddable":true,"href":"http:\/\/folhadosudeste.com\/site\/index.php?rest_route=\/wp\/v2\/media\/54248"}],"wp:attachment":[{"href":"http:\/\/folhadosudeste.com\/site\/index.php?rest_route=%2Fwp%2Fv2%2Fmedia&parent=54246"}],"wp:term":[{"taxonomy":"category","embeddable":true,"href":"http:\/\/folhadosudeste.com\/site\/index.php?rest_route=%2Fwp%2Fv2%2Fcategories&post=54246"},{"taxonomy":"post_tag","embeddable":true,"href":"http:\/\/folhadosudeste.com\/site\/index.php?rest_route=%2Fwp%2Fv2%2Ftags&post=54246"}],"curies":[{"name":"wp","href":"https:\/\/api.w.org\/{rel}","templated":true}]}}