{"id":54261,"date":"2018-05-30T22:00:54","date_gmt":"2018-05-30T22:00:54","guid":{"rendered":"http:\/\/folhadosudeste.com\/site\/?p=54261"},"modified":"2018-05-30T22:00:54","modified_gmt":"2018-05-30T22:00:54","slug":"o-impacto-da-greve-dos-caminhoneiros-na-populacao-de-muriae","status":"publish","type":"post","link":"http:\/\/folhadosudeste.com\/site\/?p=54261","title":{"rendered":"O impacto da greve dos caminhoneiros na popula\u00e7\u00e3o de Muria\u00e9"},"content":{"rendered":"<p style=\"text-align: center;\"><a href=\"http:\/\/folhadosudeste.com\/site\/wp-content\/uploads\/2018\/05\/DSC_0008.jpg\"><img loading=\"lazy\" decoding=\"async\" class=\"wp-image-54278 size-full aligncenter\" src=\"http:\/\/folhadosudeste.com\/site\/wp-content\/uploads\/2018\/05\/DSC_0008.jpg\" alt=\"\" width=\"800\" height=\"533\" srcset=\"http:\/\/folhadosudeste.com\/site\/wp-content\/uploads\/2018\/05\/DSC_0008.jpg 800w, http:\/\/folhadosudeste.com\/site\/wp-content\/uploads\/2018\/05\/DSC_0008-300x200.jpg 300w, http:\/\/folhadosudeste.com\/site\/wp-content\/uploads\/2018\/05\/DSC_0008-768x512.jpg 768w\" sizes=\"auto, (max-width: 800px) 100vw, 800px\" \/><\/a>Feira sofreu com o pouco movimento<\/p>\n<p style=\"text-align: justify;\">Os muriaeenses t\u00eam sido bastante afetados pela greve dos caminhoneiros ocorrida nos \u00faltimos dias. Com o estoque de mercados e postos de combust\u00edvel carente de reabastecimento e o transporte p\u00fablico operando em frota menor que o usual, a popula\u00e7\u00e3o de Muria\u00e9 p\u00f4de sentir os fortes impactos decorrentes das manifesta\u00e7\u00f5es.<\/p>\n<p style=\"text-align: justify;\">Conforme adiantado pelo nosso jornal, as linhas de \u00f4nibus sofreram redu\u00e7\u00e3o esta semana. Com isso, a popula\u00e7\u00e3o teve que se adaptar \u00e0 menor frota que estava em opera\u00e7\u00e3o. Vera Lucia, moradora do Porto, expressou as dificuldades que enfrentou perante \u00e0 redu\u00e7\u00e3o. <em>\u201cN\u00e3o consigo ir mais a muitos locais a que eu costumava ir. O \u00f4nibus demora muito. Ent\u00e3o, tive que deixar de fazer muitas coisas\u201d<\/em>, relatou.<\/p>\n<p style=\"text-align: justify;\">Nos postos de gasolina, o preju\u00edzo foi grande. Sem combust\u00edvel, os estabelecimentos n\u00e3o tiveram outra op\u00e7\u00e3o sen\u00e3o suspender suas atividades. Jorge Augusto da Cunha, frentista do Posto Ca\u00e7ulinha, relatou o impacto causado pelas manifesta\u00e7\u00f5es nas opera\u00e7\u00f5es do posto. <em>\u201cEstamos parados h\u00e1 praticamente seis dias. N\u00e3o temos gasolina e nem etanol, e nem previs\u00e3o de chegada. Sofremos um preju\u00edzo muito grande\u201d<\/em>, disse. O gerente do Posto Ipiranga, Vitor de Souza Mota, tamb\u00e9m avaliou os danos causados pelas manifesta\u00e7\u00f5es.<em>\u201c\u00c9 um impacto brutal. Nossa gasolina acabou na noite de quarta-feira passada (23), ent\u00e3o estamos desde quinta-feira sem nenhum produto para trabalhar. \u00c9 um preju\u00edzo muito grande, mas somos a favor da greve, para combater os impostos abusivos do governo\u201d<\/em>, avaliou. As entrevistas s\u00e3o referentes \u00e0 \u00faltima quarta-feira (29), data em que foram realizadas.<\/p>\n<p style=\"text-align: justify;\">Na tradicional feira de produtores rurais de Muria\u00e9, a situa\u00e7\u00e3o tamb\u00e9m estava dif\u00edcil. A vendedora de doces caseiros Shirley Aparecida de Souza Oliveira deu seu ponto de vista sobre o impacto da greve. <em>\u201cAlgumas mercadorias conseguiram chegar e outras n\u00e3o. O movimento est\u00e1 bastante fraco, porque muita gente n\u00e3o conseguiu se deslocar para vir at\u00e9 aqui hoje. N\u00e3o sa\u00ed de carro a semana toda para economizar gasolina para poder vir\u201d<\/em>, disse. J\u00e1 a feirante Joana Maria Braga Bandeira disse ter conseguido resultados melhores que os de semana passada. <em>\u201cHoje, consegui vender bem, mas semana passada n\u00e3o. Est\u00e1 dif\u00edcil, mas estou conseguindo vender. \u00c9 complicado principalmente para os caminhoneiros, que est\u00e3o longe de suas fam\u00edlias\u201d<\/em>, relatou.<\/p>\n<p style=\"text-align: justify;\">As manifesta\u00e7\u00f5es organizadas por caminhoneiros tiveram in\u00edcio em virtude da alta nos pre\u00e7os dos combust\u00edveis e resultaram na tomada de diversos pontos de rodovias estaduais e federais pelo pa\u00eds, impedindo o escoamento de in\u00fameros produtos transportados por caminh\u00f5es. Em Muria\u00e9, os protestos se deram na altura do bairro Bela Vista, na estrada que vai para Miradouro. No local, ve\u00edculos de carga foram impedidos de passar.<\/p>\n<p>&nbsp;<\/p>\n<p><a href=\"http:\/\/folhadosudeste.com\/site\/wp-content\/uploads\/2018\/05\/DSC_0002.jpg\"><img loading=\"lazy\" decoding=\"async\" class=\"alignnone size-medium wp-image-54275\" src=\"http:\/\/folhadosudeste.com\/site\/wp-content\/uploads\/2018\/05\/DSC_0002-300x200.jpg\" alt=\"\" width=\"300\" height=\"200\" srcset=\"http:\/\/folhadosudeste.com\/site\/wp-content\/uploads\/2018\/05\/DSC_0002-300x200.jpg 300w, http:\/\/folhadosudeste.com\/site\/wp-content\/uploads\/2018\/05\/DSC_0002-768x512.jpg 768w, http:\/\/folhadosudeste.com\/site\/wp-content\/uploads\/2018\/05\/DSC_0002.jpg 800w\" sizes=\"auto, (max-width: 300px) 100vw, 300px\" \/><\/a> &nbsp;<a href=\"http:\/\/folhadosudeste.com\/site\/wp-content\/uploads\/2018\/05\/DSC_0014-3.jpg\"><img loading=\"lazy\" decoding=\"async\" class=\"alignnone size-medium wp-image-54283\" src=\"http:\/\/folhadosudeste.com\/site\/wp-content\/uploads\/2018\/05\/DSC_0014-3-300x200.jpg\" alt=\"\" width=\"300\" height=\"200\" srcset=\"http:\/\/folhadosudeste.com\/site\/wp-content\/uploads\/2018\/05\/DSC_0014-3-300x200.jpg 300w, http:\/\/folhadosudeste.com\/site\/wp-content\/uploads\/2018\/05\/DSC_0014-3-768x512.jpg 768w, http:\/\/folhadosudeste.com\/site\/wp-content\/uploads\/2018\/05\/DSC_0014-3.jpg 800w\" sizes=\"auto, (max-width: 300px) 100vw, 300px\" \/><\/a> <a href=\"http:\/\/folhadosudeste.com\/site\/wp-content\/uploads\/2018\/05\/DSC_0018-1.jpg\"><img loading=\"lazy\" decoding=\"async\" class=\"alignnone size-medium wp-image-54287\" src=\"http:\/\/folhadosudeste.com\/site\/wp-content\/uploads\/2018\/05\/DSC_0018-1-300x200.jpg\" alt=\"\" width=\"300\" height=\"200\" srcset=\"http:\/\/folhadosudeste.com\/site\/wp-content\/uploads\/2018\/05\/DSC_0018-1-300x200.jpg 300w, http:\/\/folhadosudeste.com\/site\/wp-content\/uploads\/2018\/05\/DSC_0018-1-768x512.jpg 768w, http:\/\/folhadosudeste.com\/site\/wp-content\/uploads\/2018\/05\/DSC_0018-1.jpg 800w\" sizes=\"auto, (max-width: 300px) 100vw, 300px\" \/><\/a><\/p>\n<p>&nbsp;<\/p>\n","protected":false},"excerpt":{"rendered":"<p>Feira sofreu com o pouco movimento Os muriaeenses t\u00eam sido bastante afetados pela greve dos caminhoneiros ocorrida nos \u00faltimos dias. Com o estoque de mercados e postos de combust\u00edvel carente de reabastecimento e o transporte p\u00fablico operando em frota menor que o usual, a popula\u00e7\u00e3o de Muria\u00e9 p\u00f4de sentir os fortes impactos decorrentes das manifesta\u00e7\u00f5es. [&hellip;]<\/p>\n","protected":false},"author":6,"featured_media":54278,"comment_status":"open","ping_status":"closed","sticky":false,"template":"","format":"standard","meta":{"_joinchat":[],"footnotes":""},"categories":[1],"tags":[],"class_list":["post-54261","post","type-post","status-publish","format-standard","has-post-thumbnail","hentry","category-sem-categoria"],"_links":{"self":[{"href":"http:\/\/folhadosudeste.com\/site\/index.php?rest_route=\/wp\/v2\/posts\/54261","targetHints":{"allow":["GET"]}}],"collection":[{"href":"http:\/\/folhadosudeste.com\/site\/index.php?rest_route=\/wp\/v2\/posts"}],"about":[{"href":"http:\/\/folhadosudeste.com\/site\/index.php?rest_route=\/wp\/v2\/types\/post"}],"author":[{"embeddable":true,"href":"http:\/\/folhadosudeste.com\/site\/index.php?rest_route=\/wp\/v2\/users\/6"}],"replies":[{"embeddable":true,"href":"http:\/\/folhadosudeste.com\/site\/index.php?rest_route=%2Fwp%2Fv2%2Fcomments&post=54261"}],"version-history":[{"count":1,"href":"http:\/\/folhadosudeste.com\/site\/index.php?rest_route=\/wp\/v2\/posts\/54261\/revisions"}],"predecessor-version":[{"id":54295,"href":"http:\/\/folhadosudeste.com\/site\/index.php?rest_route=\/wp\/v2\/posts\/54261\/revisions\/54295"}],"wp:featuredmedia":[{"embeddable":true,"href":"http:\/\/folhadosudeste.com\/site\/index.php?rest_route=\/wp\/v2\/media\/54278"}],"wp:attachment":[{"href":"http:\/\/folhadosudeste.com\/site\/index.php?rest_route=%2Fwp%2Fv2%2Fmedia&parent=54261"}],"wp:term":[{"taxonomy":"category","embeddable":true,"href":"http:\/\/folhadosudeste.com\/site\/index.php?rest_route=%2Fwp%2Fv2%2Fcategories&post=54261"},{"taxonomy":"post_tag","embeddable":true,"href":"http:\/\/folhadosudeste.com\/site\/index.php?rest_route=%2Fwp%2Fv2%2Ftags&post=54261"}],"curies":[{"name":"wp","href":"https:\/\/api.w.org\/{rel}","templated":true}]}}