{"id":54300,"date":"2018-05-30T22:42:16","date_gmt":"2018-05-30T22:42:16","guid":{"rendered":"http:\/\/folhadosudeste.com\/site\/?p=54300"},"modified":"2018-05-30T22:42:16","modified_gmt":"2018-05-30T22:42:16","slug":"hospital-sao-paulo-celebra-91-anos-com-homenagens-e-cerimonias-religiosas","status":"publish","type":"post","link":"http:\/\/folhadosudeste.com\/site\/?p=54300","title":{"rendered":"Hospital S\u00e3o Paulo celebra 91 anos com homenagens e cerim\u00f4nias religiosas"},"content":{"rendered":"<p style=\"text-align: center;\"><a href=\"http:\/\/folhadosudeste.com\/site\/wp-content\/uploads\/2018\/05\/DSC_0702.jpg\"><img loading=\"lazy\" decoding=\"async\" class=\"aligncenter wp-image-54323 size-full\" src=\"http:\/\/folhadosudeste.com\/site\/wp-content\/uploads\/2018\/05\/DSC_0702.jpg\" alt=\"\" width=\"2048\" height=\"1362\" srcset=\"http:\/\/folhadosudeste.com\/site\/wp-content\/uploads\/2018\/05\/DSC_0702.jpg 2048w, http:\/\/folhadosudeste.com\/site\/wp-content\/uploads\/2018\/05\/DSC_0702-300x199.jpg 300w, http:\/\/folhadosudeste.com\/site\/wp-content\/uploads\/2018\/05\/DSC_0702-768x511.jpg 768w, http:\/\/folhadosudeste.com\/site\/wp-content\/uploads\/2018\/05\/DSC_0702-1024x681.jpg 1024w\" sizes=\"auto, (max-width: 2048px) 100vw, 2048px\" \/><\/a>Homenageados durante a cerim\u00f4nia<\/p>\n<p style=\"text-align: center;\"><a href=\"http:\/\/folhadosudeste.com\/site\/wp-content\/uploads\/2018\/05\/DSC_0666-1.jpg\"><img loading=\"lazy\" decoding=\"async\" class=\"aligncenter wp-image-54305\" src=\"http:\/\/folhadosudeste.com\/site\/wp-content\/uploads\/2018\/05\/DSC_0666-1-1024x681.jpg\" alt=\"\" width=\"800\" height=\"532\" srcset=\"http:\/\/folhadosudeste.com\/site\/wp-content\/uploads\/2018\/05\/DSC_0666-1-1024x681.jpg 1024w, http:\/\/folhadosudeste.com\/site\/wp-content\/uploads\/2018\/05\/DSC_0666-1-300x199.jpg 300w, http:\/\/folhadosudeste.com\/site\/wp-content\/uploads\/2018\/05\/DSC_0666-1-768x511.jpg 768w, http:\/\/folhadosudeste.com\/site\/wp-content\/uploads\/2018\/05\/DSC_0666-1.jpg 2048w\" sizes=\"auto, (max-width: 800px) 100vw, 800px\" \/><\/a>O empres\u00e1rio Roberto Moreira (Serralheria Artesanato) foi homenageado com a Comenda Padre Maximino Benassati<\/p>\n<p style=\"text-align: center;\"><a href=\"http:\/\/folhadosudeste.com\/site\/wp-content\/uploads\/2018\/05\/DSC_0652.jpg\"><img loading=\"lazy\" decoding=\"async\" class=\"aligncenter wp-image-54325 size-full\" src=\"http:\/\/folhadosudeste.com\/site\/wp-content\/uploads\/2018\/05\/DSC_0652.jpg\" alt=\"\" width=\"800\" height=\"532\" srcset=\"http:\/\/folhadosudeste.com\/site\/wp-content\/uploads\/2018\/05\/DSC_0652.jpg 800w, http:\/\/folhadosudeste.com\/site\/wp-content\/uploads\/2018\/05\/DSC_0652-300x200.jpg 300w, http:\/\/folhadosudeste.com\/site\/wp-content\/uploads\/2018\/05\/DSC_0652-768x511.jpg 768w\" sizes=\"auto, (max-width: 800px) 100vw, 800px\" \/><\/a>O empres\u00e1rio e propriet\u00e1rio do Supermercado Bazinho, Escobar Gomes Souza Filho, recebendo a Comenda Padre Maximino Benassati<\/p>\n<p style=\"text-align: justify;\">O Hospital S\u00e3o Paulo celebrou, na sexta-feira (25), seu 91\u00ba anivers\u00e1rio com cerim\u00f4nias religiosas e homenagens a partir da entrega da Comenda Padre Maximino Benassati, que foi destinada a 18 personalidades que contribu\u00edram para o desenvolvimento da institui\u00e7\u00e3o.<\/p>\n<p style=\"text-align: justify;\">A comemora\u00e7\u00e3o teve in\u00edcio \u00e0s 8h30min com um culto evang\u00e9lico e, em seguida, uma missa. Ap\u00f3s as celebra\u00e7\u00f5es religiosas, foi realizada, no audit\u00f3rio do HSP, a cerim\u00f4nia de entrega da Comenda. Ao final do evento, um almo\u00e7o foi servido aos presentes no jardim, pr\u00f3ximo \u00e0 capela.<\/p>\n<p style=\"text-align: justify;\">Foram homenageados:<\/p>\n<p style=\"text-align: justify;\">&nbsp;<\/p>\n<p style=\"text-align: justify;\">Arlete Nazareth Vicente<\/p>\n<p style=\"text-align: justify;\">Ant\u00f4nio Francisco Neto<\/p>\n<p style=\"text-align: justify;\">Br\u00e1ulio Braz<\/p>\n<p style=\"text-align: justify;\">Cristina Carneiro Laboissiere<\/p>\n<p style=\"text-align: justify;\">Escobar Gomes Souza Filho<\/p>\n<p style=\"text-align: justify;\">Fernando Rodrigues Laureano<\/p>\n<p style=\"text-align: justify;\">Luiz Carlos Sygili\u00e3o Ribeiro<\/p>\n<p style=\"text-align: justify;\">Jos\u00e9 Moreira de Faria<\/p>\n<p style=\"text-align: justify;\">Maria Nicea A Ribeiro Fonseca<\/p>\n<p style=\"text-align: justify;\">Marlucia Aparecida Moreira<\/p>\n<p style=\"text-align: justify;\">Olga Maria Grincenkov Silveira<\/p>\n<p style=\"text-align: justify;\">Paulo Vicente Martins<\/p>\n<p style=\"text-align: justify;\">Renzo Braz<\/p>\n<p style=\"text-align: justify;\">Rita de C\u00e1ssia Oliveira<\/p>\n<p style=\"text-align: justify;\">Roberto Alves Moreira<\/p>\n<p style=\"text-align: justify;\">Ronaldo Guar\u00e7oni<\/p>\n<p style=\"text-align: justify;\">Sheyla Costa de Souza<\/p>\n<p style=\"text-align: justify;\">Valdete Sorrentine de Souza<\/p>\n<p>&nbsp;<\/p>\n","protected":false},"excerpt":{"rendered":"<p>Homenageados durante a cerim\u00f4nia O empres\u00e1rio Roberto Moreira (Serralheria Artesanato) foi homenageado com a Comenda Padre Maximino Benassati O empres\u00e1rio e propriet\u00e1rio do Supermercado Bazinho, Escobar Gomes Souza Filho, recebendo a Comenda Padre Maximino Benassati O Hospital S\u00e3o Paulo celebrou, na sexta-feira (25), seu 91\u00ba anivers\u00e1rio com cerim\u00f4nias religiosas e homenagens a partir da entrega [&hellip;]<\/p>\n","protected":false},"author":6,"featured_media":54323,"comment_status":"open","ping_status":"closed","sticky":false,"template":"","format":"standard","meta":{"_joinchat":[],"footnotes":""},"categories":[1],"tags":[],"class_list":["post-54300","post","type-post","status-publish","format-standard","has-post-thumbnail","hentry","category-sem-categoria"],"_links":{"self":[{"href":"http:\/\/folhadosudeste.com\/site\/index.php?rest_route=\/wp\/v2\/posts\/54300","targetHints":{"allow":["GET"]}}],"collection":[{"href":"http:\/\/folhadosudeste.com\/site\/index.php?rest_route=\/wp\/v2\/posts"}],"about":[{"href":"http:\/\/folhadosudeste.com\/site\/index.php?rest_route=\/wp\/v2\/types\/post"}],"author":[{"embeddable":true,"href":"http:\/\/folhadosudeste.com\/site\/index.php?rest_route=\/wp\/v2\/users\/6"}],"replies":[{"embeddable":true,"href":"http:\/\/folhadosudeste.com\/site\/index.php?rest_route=%2Fwp%2Fv2%2Fcomments&post=54300"}],"version-history":[{"count":1,"href":"http:\/\/folhadosudeste.com\/site\/index.php?rest_route=\/wp\/v2\/posts\/54300\/revisions"}],"predecessor-version":[{"id":54326,"href":"http:\/\/folhadosudeste.com\/site\/index.php?rest_route=\/wp\/v2\/posts\/54300\/revisions\/54326"}],"wp:featuredmedia":[{"embeddable":true,"href":"http:\/\/folhadosudeste.com\/site\/index.php?rest_route=\/wp\/v2\/media\/54323"}],"wp:attachment":[{"href":"http:\/\/folhadosudeste.com\/site\/index.php?rest_route=%2Fwp%2Fv2%2Fmedia&parent=54300"}],"wp:term":[{"taxonomy":"category","embeddable":true,"href":"http:\/\/folhadosudeste.com\/site\/index.php?rest_route=%2Fwp%2Fv2%2Fcategories&post=54300"},{"taxonomy":"post_tag","embeddable":true,"href":"http:\/\/folhadosudeste.com\/site\/index.php?rest_route=%2Fwp%2Fv2%2Ftags&post=54300"}],"curies":[{"name":"wp","href":"https:\/\/api.w.org\/{rel}","templated":true}]}}