{"id":54311,"date":"2018-05-30T22:23:20","date_gmt":"2018-05-30T22:23:20","guid":{"rendered":"http:\/\/folhadosudeste.com\/site\/?p=54311"},"modified":"2018-05-30T22:28:53","modified_gmt":"2018-05-30T22:28:53","slug":"campanha-de-vacinacao-contra-gripe-e-prorrogada-para-15-de-junho","status":"publish","type":"post","link":"http:\/\/folhadosudeste.com\/site\/?p=54311","title":{"rendered":"Campanha de vacina\u00e7\u00e3o contra gripe \u00e9 prorrogada para 15 de junho"},"content":{"rendered":"<p style=\"text-align: center;\"><a href=\"http:\/\/folhadosudeste.com\/site\/wp-content\/uploads\/2018\/05\/VACINA\u00c7\u00c3O-1.jpg\"><img loading=\"lazy\" decoding=\"async\" class=\"aligncenter wp-image-54241 size-full\" src=\"http:\/\/folhadosudeste.com\/site\/wp-content\/uploads\/2018\/05\/VACINA\u00c7\u00c3O-1.jpg\" alt=\"\" width=\"1500\" height=\"1227\" srcset=\"http:\/\/folhadosudeste.com\/site\/wp-content\/uploads\/2018\/05\/VACINA\u00c7\u00c3O-1.jpg 1500w, http:\/\/folhadosudeste.com\/site\/wp-content\/uploads\/2018\/05\/VACINA\u00c7\u00c3O-1-300x245.jpg 300w, http:\/\/folhadosudeste.com\/site\/wp-content\/uploads\/2018\/05\/VACINA\u00c7\u00c3O-1-768x628.jpg 768w, http:\/\/folhadosudeste.com\/site\/wp-content\/uploads\/2018\/05\/VACINA\u00c7\u00c3O-1-1024x838.jpg 1024w\" sizes=\"auto, (max-width: 1500px) 100vw, 1500px\" \/><\/a>A\u00e7\u00e3o previne doen\u00e7a durante per\u00edodo de maior circula\u00e7\u00e3o do v\u00edrus; doses est\u00e3o sendo aplicadas em todas unidades de sa\u00fade<\/p>\n<p style=\"text-align: justify;\">A campanha de vacina\u00e7\u00e3o contra gripe, que terminaria nesta quarta-feira (30) em Muria\u00e9, foi prorrogada para dia 15 de junho, em fun\u00e7\u00e3o da greve do transporte rodovi\u00e1rio. As doses est\u00e3o sendo aplicadas em todas as unidades de sa\u00fade da cidade e distritos, institui\u00e7\u00f5es mantidas pela Prefeitura, entre 8h e 16h30min. O objetivo da a\u00e7\u00e3o \u00e9 imunizar os muriaeenses contra a doen\u00e7a durante o per\u00edodo de maior circula\u00e7\u00e3o dos v\u00edrus.<\/p>\n<p style=\"text-align: justify;\">At\u00e9 ter\u00e7a-feira (29), 82,72% do grupo priorit\u00e1rio havia recebido a dose. A meta \u00e9 vacinar 90% dos p\u00fablicos-alvo, que \u00e9 formado por crian\u00e7as de 6 meses a 5 anos incompletos, gr\u00e1vidas, pu\u00e9rperas (at\u00e9 45 dias p\u00f3s-parto), pessoas com 60 anos ou mais, com doen\u00e7as cr\u00f4nicas e outras categorias de risco cl\u00ednico, popula\u00e7\u00e3o privada de liberdade, funcion\u00e1rios do sistema prisional, jovens que cumprem medidas socioeducativas, professores e trabalhadores da sa\u00fade.<\/p>\n<p style=\"text-align: justify;\">Para receber a dose, \u00e9 necess\u00e1rio apresentar cart\u00e3o de vacina e receita m\u00e9dica (para pessoas com doen\u00e7as cr\u00f4nicas). <em>\u201cCom o prazo estendido, os muriaeenses ter\u00e3o mais tempo para ir \u00e0s unidades de sa\u00fade se imunizar contra a gripe. Por isso, pedimos que todos se vacinem, para ficarem protegidos da doen\u00e7a\u201d<\/em>, afirma o prefeito Grego.<\/p>\n<p style=\"text-align: justify;\"><strong>Servi\u00e7o:<\/strong><\/p>\n<p style=\"text-align: justify;\"><strong>Vacina\u00e7\u00e3o contra gripe influenza:<\/strong><\/p>\n<p style=\"text-align: justify;\">Data: at\u00e9 15 de junho<\/p>\n<p style=\"text-align: justify;\">Local: Unidades B\u00e1sicas de Sa\u00fade de Muria\u00e9 e Centro Municipal de Imuniza\u00e7\u00e3o (localizado ao lado do Terminal Rodovi\u00e1rio, Centro)<\/p>\n<p style=\"text-align: justify;\">Hor\u00e1rio: das 8h \u00e0s 16h30min<\/p>\n<p style=\"text-align: justify;\">P\u00fablico-alvo:<\/p>\n<p style=\"text-align: justify;\">&#8211; Idosos;<\/p>\n<p style=\"text-align: justify;\">&#8211; Crian\u00e7as com mais de 6 meses e menores que 5 anos;<\/p>\n<p style=\"text-align: justify;\">&#8211; Pessoas que apresentam doen\u00e7as cr\u00f4nicas e outras categorias de risco cl\u00ednico;<\/p>\n<p style=\"text-align: justify;\">&#8211; Gr\u00e1vidas;<\/p>\n<p style=\"text-align: justify;\">&#8211; Pu\u00e9rperas (at\u00e9 45 dias p\u00f3s-parto);<\/p>\n<p style=\"text-align: justify;\">&#8211; Popula\u00e7\u00e3o privada de liberdade;<\/p>\n<p style=\"text-align: justify;\">&#8211; Funcion\u00e1rios do sistema prisional;<\/p>\n<p style=\"text-align: justify;\">&#8211; Jovens que cumprem medidas socioeducativas;<\/p>\n<p style=\"text-align: justify;\">&#8211; Professores;<\/p>\n<p style=\"text-align: justify;\">&#8211; Trabalhadores da sa\u00fade.<\/p>\n<p style=\"text-align: justify;\">&nbsp;<\/p>\n<p style=\"text-align: justify;\">Documentos necess\u00e1rios: cart\u00e3o de vacina e receita m\u00e9dica para pessoas com doen\u00e7as cr\u00f4nicas<\/p>\n<p style=\"text-align: justify;\">*Para quem faz acompanhamento m\u00e9dico na pr\u00f3pria UBS n\u00e3o \u00e9 preciso receita.<\/p>\n<p>&nbsp;<\/p>\n","protected":false},"excerpt":{"rendered":"<p>A\u00e7\u00e3o previne doen\u00e7a durante per\u00edodo de maior circula\u00e7\u00e3o do v\u00edrus; doses est\u00e3o sendo aplicadas em todas unidades de sa\u00fade A campanha de vacina\u00e7\u00e3o contra gripe, que terminaria nesta quarta-feira (30) em Muria\u00e9, foi prorrogada para dia 15 de junho, em fun\u00e7\u00e3o da greve do transporte rodovi\u00e1rio. As doses est\u00e3o sendo aplicadas em todas as unidades [&hellip;]<\/p>\n","protected":false},"author":6,"featured_media":54241,"comment_status":"open","ping_status":"closed","sticky":false,"template":"","format":"standard","meta":{"_joinchat":[],"footnotes":""},"categories":[1],"tags":[],"class_list":["post-54311","post","type-post","status-publish","format-standard","has-post-thumbnail","hentry","category-sem-categoria"],"_links":{"self":[{"href":"http:\/\/folhadosudeste.com\/site\/index.php?rest_route=\/wp\/v2\/posts\/54311","targetHints":{"allow":["GET"]}}],"collection":[{"href":"http:\/\/folhadosudeste.com\/site\/index.php?rest_route=\/wp\/v2\/posts"}],"about":[{"href":"http:\/\/folhadosudeste.com\/site\/index.php?rest_route=\/wp\/v2\/types\/post"}],"author":[{"embeddable":true,"href":"http:\/\/folhadosudeste.com\/site\/index.php?rest_route=\/wp\/v2\/users\/6"}],"replies":[{"embeddable":true,"href":"http:\/\/folhadosudeste.com\/site\/index.php?rest_route=%2Fwp%2Fv2%2Fcomments&post=54311"}],"version-history":[{"count":1,"href":"http:\/\/folhadosudeste.com\/site\/index.php?rest_route=\/wp\/v2\/posts\/54311\/revisions"}],"predecessor-version":[{"id":54318,"href":"http:\/\/folhadosudeste.com\/site\/index.php?rest_route=\/wp\/v2\/posts\/54311\/revisions\/54318"}],"wp:featuredmedia":[{"embeddable":true,"href":"http:\/\/folhadosudeste.com\/site\/index.php?rest_route=\/wp\/v2\/media\/54241"}],"wp:attachment":[{"href":"http:\/\/folhadosudeste.com\/site\/index.php?rest_route=%2Fwp%2Fv2%2Fmedia&parent=54311"}],"wp:term":[{"taxonomy":"category","embeddable":true,"href":"http:\/\/folhadosudeste.com\/site\/index.php?rest_route=%2Fwp%2Fv2%2Fcategories&post=54311"},{"taxonomy":"post_tag","embeddable":true,"href":"http:\/\/folhadosudeste.com\/site\/index.php?rest_route=%2Fwp%2Fv2%2Ftags&post=54311"}],"curies":[{"name":"wp","href":"https:\/\/api.w.org\/{rel}","templated":true}]}}