{"id":54392,"date":"2018-06-04T18:05:10","date_gmt":"2018-06-04T18:05:10","guid":{"rendered":"http:\/\/folhadosudeste.com\/site\/?p=54392"},"modified":"2018-06-05T18:52:44","modified_gmt":"2018-06-05T18:52:44","slug":"pre-candidato-ao-governo-de-minas-gerais-senador-anastasia-faz-visita-particular-a-familia-braz-em-muriae","status":"publish","type":"post","link":"http:\/\/folhadosudeste.com\/site\/?p=54392","title":{"rendered":"Pr\u00e9-candidato ao governo de Minas Gerais, senador Anastasia faz visita particular \u00e0 fam\u00edlia Braz em Muria\u00e9"},"content":{"rendered":"<p><a href=\"http:\/\/folhadosudeste.com\/site\/wp-content\/uploads\/2018\/06\/DSC_0053-1.jpg\"><img loading=\"lazy\" decoding=\"async\" class=\"aligncenter wp-image-54395 size-full\" src=\"http:\/\/folhadosudeste.com\/site\/wp-content\/uploads\/2018\/06\/DSC_0053-1.jpg\" alt=\"\" width=\"800\" height=\"533\" srcset=\"http:\/\/folhadosudeste.com\/site\/wp-content\/uploads\/2018\/06\/DSC_0053-1.jpg 800w, http:\/\/folhadosudeste.com\/site\/wp-content\/uploads\/2018\/06\/DSC_0053-1-300x200.jpg 300w, http:\/\/folhadosudeste.com\/site\/wp-content\/uploads\/2018\/06\/DSC_0053-1-768x512.jpg 768w\" sizes=\"auto, (max-width: 800px) 100vw, 800px\" \/><\/a><\/p>\n<p style=\"text-align: justify;\">O ex-governador e atual senador de Minas Gerais, Antonio Anastasia (PSDB), chegou a Muria\u00e9 na \u00faltima segunda-feira (4) no aeroporto municipal para encontrar-se particularmente com a fam\u00edlia Braz. O pol\u00edtico, que \u00e9 pr\u00e9-candidato ao cargo de governador do estado de Minas Gerais, foi recebido pelo empres\u00e1rio e ex-prefeito de Muria\u00e9 Jos\u00e9 Braz e seu filho, o deputado estadual Braulio Braz (PTB).<\/p>\n<p style=\"text-align: justify;\">Quando perguntados sobre uma poss\u00edvel inten\u00e7\u00e3o de Braulio integrar a chapa para o governo de Minas, Anastasia frisou que as conversas ainda se d\u00e3o de modo preliminar e Braulio ressaltou que se deve esperar a decis\u00e3o dos partidos para que haja a defini\u00e7\u00e3o. Como se trata de uma visita de car\u00e1ter particular, outras lideran\u00e7as pol\u00edticas da regi\u00e3o n\u00e3o foram convidadas. Apenas a imprensa se fez presente para registrar a chegada do pol\u00edtico.<\/p>\n<p style=\"text-align: justify;\"><em>\u201cQuanto ao que vai ocorrer em nosso pa\u00eds, temos que esperar um pouco, mas quanto ao governo do Estado, estamos muito bem servidos. Anastasia \u00e9 uma pessoa muito querida, um homem de fam\u00edlia. Isso \u00e9 muito importante. N\u00e3o \u00e9 dif\u00edcil governar, apenas se deve ter muito respeito, principalmente em rela\u00e7\u00e3o ao dinheiro p\u00fablico, e n\u00e3o ser ego\u00edsta, porque o grande mal do nosso pa\u00eds \u00e9 que as pessoas querem o que n\u00e3o \u00e9 delas\u201d<\/em>, disse Jos\u00e9 Braz (PTB).<\/p>\n<p style=\"text-align: justify;\"><em>\u201c\u00c9 um prazer muito grande estar com ele aqui, principalmente ao visitar nossa fam\u00edlia\u201d<\/em>, finalizou o deputado Braulio Braz.<\/p>\n<p><a href=\"http:\/\/folhadosudeste.com\/site\/wp-content\/uploads\/2018\/06\/DSC_0023-1.jpg\"><img loading=\"lazy\" decoding=\"async\" class=\"alignnone size-medium wp-image-54393\" src=\"http:\/\/folhadosudeste.com\/site\/wp-content\/uploads\/2018\/06\/DSC_0023-1-300x200.jpg\" alt=\"\" width=\"300\" height=\"200\" srcset=\"http:\/\/folhadosudeste.com\/site\/wp-content\/uploads\/2018\/06\/DSC_0023-1-300x200.jpg 300w, http:\/\/folhadosudeste.com\/site\/wp-content\/uploads\/2018\/06\/DSC_0023-1-768x512.jpg 768w, http:\/\/folhadosudeste.com\/site\/wp-content\/uploads\/2018\/06\/DSC_0023-1.jpg 800w\" sizes=\"auto, (max-width: 300px) 100vw, 300px\" \/><\/a><a href=\"http:\/\/folhadosudeste.com\/site\/wp-content\/uploads\/2018\/06\/DSC_0034-1.jpg\"><img loading=\"lazy\" decoding=\"async\" class=\"alignnone size-medium wp-image-54394\" src=\"http:\/\/folhadosudeste.com\/site\/wp-content\/uploads\/2018\/06\/DSC_0034-1-300x200.jpg\" alt=\"\" width=\"300\" height=\"200\" srcset=\"http:\/\/folhadosudeste.com\/site\/wp-content\/uploads\/2018\/06\/DSC_0034-1-300x200.jpg 300w, http:\/\/folhadosudeste.com\/site\/wp-content\/uploads\/2018\/06\/DSC_0034-1-768x512.jpg 768w, http:\/\/folhadosudeste.com\/site\/wp-content\/uploads\/2018\/06\/DSC_0034-1.jpg 800w\" sizes=\"auto, (max-width: 300px) 100vw, 300px\" \/><\/a><a href=\"http:\/\/folhadosudeste.com\/site\/wp-content\/uploads\/2018\/06\/DSC_0027-1.jpg\"><img loading=\"lazy\" decoding=\"async\" class=\"alignnone size-medium wp-image-54424\" src=\"http:\/\/folhadosudeste.com\/site\/wp-content\/uploads\/2018\/06\/DSC_0027-1-300x200.jpg\" alt=\"\" width=\"300\" height=\"200\" srcset=\"http:\/\/folhadosudeste.com\/site\/wp-content\/uploads\/2018\/06\/DSC_0027-1-300x200.jpg 300w, http:\/\/folhadosudeste.com\/site\/wp-content\/uploads\/2018\/06\/DSC_0027-1-768x512.jpg 768w, http:\/\/folhadosudeste.com\/site\/wp-content\/uploads\/2018\/06\/DSC_0027-1.jpg 800w\" sizes=\"auto, (max-width: 300px) 100vw, 300px\" \/><\/a><a href=\"http:\/\/folhadosudeste.com\/site\/wp-content\/uploads\/2018\/06\/DSC_0081.jpg\"><img loading=\"lazy\" decoding=\"async\" class=\"alignnone size-medium wp-image-54425\" src=\"http:\/\/folhadosudeste.com\/site\/wp-content\/uploads\/2018\/06\/DSC_0081-300x200.jpg\" alt=\"\" width=\"300\" height=\"200\" srcset=\"http:\/\/folhadosudeste.com\/site\/wp-content\/uploads\/2018\/06\/DSC_0081-300x200.jpg 300w, http:\/\/folhadosudeste.com\/site\/wp-content\/uploads\/2018\/06\/DSC_0081-768x512.jpg 768w, http:\/\/folhadosudeste.com\/site\/wp-content\/uploads\/2018\/06\/DSC_0081.jpg 800w\" sizes=\"auto, (max-width: 300px) 100vw, 300px\" \/><\/a><a href=\"http:\/\/folhadosudeste.com\/site\/wp-content\/uploads\/2018\/06\/DSC_0034-1.jpg\"><\/a><\/p>\n<p>&nbsp;<\/p>\n<p>&nbsp;<\/p>\n<p>&nbsp;<\/p>\n","protected":false},"excerpt":{"rendered":"<p>O ex-governador e atual senador de Minas Gerais, Antonio Anastasia (PSDB), chegou a Muria\u00e9 na \u00faltima segunda-feira (4) no aeroporto municipal para encontrar-se particularmente com a fam\u00edlia Braz. O pol\u00edtico, que \u00e9 pr\u00e9-candidato ao cargo de governador do estado de Minas Gerais, foi recebido pelo empres\u00e1rio e ex-prefeito de Muria\u00e9 Jos\u00e9 Braz e seu filho, [&hellip;]<\/p>\n","protected":false},"author":6,"featured_media":54395,"comment_status":"open","ping_status":"closed","sticky":false,"template":"","format":"standard","meta":{"_joinchat":[],"footnotes":""},"categories":[1],"tags":[],"class_list":["post-54392","post","type-post","status-publish","format-standard","has-post-thumbnail","hentry","category-sem-categoria"],"_links":{"self":[{"href":"http:\/\/folhadosudeste.com\/site\/index.php?rest_route=\/wp\/v2\/posts\/54392","targetHints":{"allow":["GET"]}}],"collection":[{"href":"http:\/\/folhadosudeste.com\/site\/index.php?rest_route=\/wp\/v2\/posts"}],"about":[{"href":"http:\/\/folhadosudeste.com\/site\/index.php?rest_route=\/wp\/v2\/types\/post"}],"author":[{"embeddable":true,"href":"http:\/\/folhadosudeste.com\/site\/index.php?rest_route=\/wp\/v2\/users\/6"}],"replies":[{"embeddable":true,"href":"http:\/\/folhadosudeste.com\/site\/index.php?rest_route=%2Fwp%2Fv2%2Fcomments&post=54392"}],"version-history":[{"count":3,"href":"http:\/\/folhadosudeste.com\/site\/index.php?rest_route=\/wp\/v2\/posts\/54392\/revisions"}],"predecessor-version":[{"id":54426,"href":"http:\/\/folhadosudeste.com\/site\/index.php?rest_route=\/wp\/v2\/posts\/54392\/revisions\/54426"}],"wp:featuredmedia":[{"embeddable":true,"href":"http:\/\/folhadosudeste.com\/site\/index.php?rest_route=\/wp\/v2\/media\/54395"}],"wp:attachment":[{"href":"http:\/\/folhadosudeste.com\/site\/index.php?rest_route=%2Fwp%2Fv2%2Fmedia&parent=54392"}],"wp:term":[{"taxonomy":"category","embeddable":true,"href":"http:\/\/folhadosudeste.com\/site\/index.php?rest_route=%2Fwp%2Fv2%2Fcategories&post=54392"},{"taxonomy":"post_tag","embeddable":true,"href":"http:\/\/folhadosudeste.com\/site\/index.php?rest_route=%2Fwp%2Fv2%2Ftags&post=54392"}],"curies":[{"name":"wp","href":"https:\/\/api.w.org\/{rel}","templated":true}]}}