{"id":54403,"date":"2018-06-04T19:07:53","date_gmt":"2018-06-04T19:07:53","guid":{"rendered":"http:\/\/folhadosudeste.com\/site\/?p=54403"},"modified":"2018-06-04T19:07:53","modified_gmt":"2018-06-04T19:07:53","slug":"apenas-07-da-agua-esta-disponivel-para-consumo","status":"publish","type":"post","link":"http:\/\/folhadosudeste.com\/site\/?p=54403","title":{"rendered":"Apenas 0,7% da \u00e1gua est\u00e1 dispon\u00edvel para consumo"},"content":{"rendered":"<p align=\"center\"><a href=\"http:\/\/folhadosudeste.com\/site\/wp-content\/uploads\/2018\/06\/agua.jpg\"><img loading=\"lazy\" decoding=\"async\" class=\"aligncenter wp-image-54404 size-full\" src=\"http:\/\/folhadosudeste.com\/site\/wp-content\/uploads\/2018\/06\/agua.jpg\" alt=\"\" width=\"900\" height=\"420\" srcset=\"http:\/\/folhadosudeste.com\/site\/wp-content\/uploads\/2018\/06\/agua.jpg 900w, http:\/\/folhadosudeste.com\/site\/wp-content\/uploads\/2018\/06\/agua-300x140.jpg 300w, http:\/\/folhadosudeste.com\/site\/wp-content\/uploads\/2018\/06\/agua-768x358.jpg 768w\" sizes=\"auto, (max-width: 900px) 100vw, 900px\" \/><\/a><em>No Dia Mundial do Meio Ambiente, o escrit\u00f3rio Andrade Silva Advogados alerta sobre o uso eficiente deste recurso<\/em><\/p>\n<p style=\"text-align: justify;\" align=\"center\">\nA \u00e1gua \u00e9 um recurso essencial para a manuten\u00e7\u00e3o da vida, mas com disponibilidade cada vez mais escassa. De acordo com a Secret\u00e1ria de Estado dos Neg\u00f3cios Estrangeiros e da Coopera\u00e7\u00e3o de Portugal, Teresa Ribeiro, cerca de 2,5% da \u00e1gua no mundo \u00e9 doce. Deste percentual, 70% encontra-se em forma de gelo ou neve. O que resta para consumo humano \u00e9 apenas 0,7%. Diante disso, o escrit\u00f3rio Andrade Silva Advogados aproveita o Dia Mundial do Meio Ambiente, celebrado em 5 de junho, para alertar sobre o uso consciente desse recurso.<\/p>\n<p style=\"text-align: justify;\">\u201cOs dados mostram a urg\u00eancia em se adotar pr\u00e1ticas eficientes e conscientes para o consumo dos recursos h\u00eddricos\u201d,&nbsp;comenta Elis Christina Pinto, coordenadora da \u00e1rea ambiental do escrit\u00f3rio Andrade Silva Advogados.<\/p>\n<p style=\"text-align: justify;\">Segundo ela, os sinais de alerta est\u00e3o em toda parte. Em Minas Gerais, no in\u00edcio do ano, 43 munic\u00edpios, grande parte no norte do estado, como Montes Claros, estavam em situa\u00e7\u00e3o de emerg\u00eancia por causa da estiagem. O baixo n\u00edvel dos reservat\u00f3rios chegou a provocar o racionamento de \u00e1gua em algumas dessas cidades.<\/p>\n<p style=\"text-align: justify;\">\u201c\u00c9 por isso que a participa\u00e7\u00e3o e o envolvimento de todos s\u00e3o fundamentais. Tanto pessoas, quanto empresas precisam contribuir para que n\u00e3o falte \u00e1gua para ningu\u00e9m, desde a economia em casa, com pequenos gestos, como desligar a torneira quando ensaboa a lou\u00e7a, at\u00e9 a ado\u00e7\u00e3o de medidas em processos produtivos para reutilizar \u00e1gua. E, claro, o cumprimento da legisla\u00e7\u00e3o ambiental por parte de todos\u201d, diz Elis.<\/p>\n<p style=\"text-align: justify;\"><strong>Bom exemplo<\/strong><\/p>\n<p style=\"text-align: justify;\">Elis acredita que o setor produtivo \u00e9 parte fundamental para a constru\u00e7\u00e3o de uma sociedade que consuma menos \u00e1gua, ao desenvolver novos produtos e inova\u00e7\u00f5es. \u201cUm exemplo de sucesso \u00e9 o da ind\u00fastria automobil\u00edstica, que em cinco anos reduziu em 50% o uso de \u00e1gua na fabrica\u00e7\u00e3o de ve\u00edculos, com reuso, sistemas alternativos de capta\u00e7\u00e3o, especialmente da chuva e de po\u00e7os, reciclagem de \u00e1gua no processo produtivo e restritores de vaz\u00e3o nas \u00e1guas das torneiras\u201d, conta.<\/p>\n<p style=\"text-align: justify;\">No Brasil, conforme a Confedera\u00e7\u00e3o Nacional da Ind\u00fastria (CNI), o setor tem participa\u00e7\u00e3o de 21% no Produto Interno Bruto (PIB) e consome 10% da \u00e1gua captada no pa\u00eds. \u201cO uso eficiente deste recurso \u00e9 tema estrat\u00e9gico para decis\u00f5es do setor sobre investimento e essencial para definir seu grau de competitividade\u201d, destaca.<\/p>\n<p>&nbsp;<\/p>\n","protected":false},"excerpt":{"rendered":"<p>No Dia Mundial do Meio Ambiente, o escrit\u00f3rio Andrade Silva Advogados alerta sobre o uso eficiente deste recurso A \u00e1gua \u00e9 um recurso essencial para a manuten\u00e7\u00e3o da vida, mas com disponibilidade cada vez mais escassa. De acordo com a Secret\u00e1ria de Estado dos Neg\u00f3cios Estrangeiros e da Coopera\u00e7\u00e3o de Portugal, Teresa Ribeiro, cerca de [&hellip;]<\/p>\n","protected":false},"author":6,"featured_media":54404,"comment_status":"open","ping_status":"closed","sticky":false,"template":"","format":"standard","meta":{"_joinchat":[],"footnotes":""},"categories":[1],"tags":[],"class_list":["post-54403","post","type-post","status-publish","format-standard","has-post-thumbnail","hentry","category-sem-categoria"],"_links":{"self":[{"href":"http:\/\/folhadosudeste.com\/site\/index.php?rest_route=\/wp\/v2\/posts\/54403","targetHints":{"allow":["GET"]}}],"collection":[{"href":"http:\/\/folhadosudeste.com\/site\/index.php?rest_route=\/wp\/v2\/posts"}],"about":[{"href":"http:\/\/folhadosudeste.com\/site\/index.php?rest_route=\/wp\/v2\/types\/post"}],"author":[{"embeddable":true,"href":"http:\/\/folhadosudeste.com\/site\/index.php?rest_route=\/wp\/v2\/users\/6"}],"replies":[{"embeddable":true,"href":"http:\/\/folhadosudeste.com\/site\/index.php?rest_route=%2Fwp%2Fv2%2Fcomments&post=54403"}],"version-history":[{"count":1,"href":"http:\/\/folhadosudeste.com\/site\/index.php?rest_route=\/wp\/v2\/posts\/54403\/revisions"}],"predecessor-version":[{"id":54405,"href":"http:\/\/folhadosudeste.com\/site\/index.php?rest_route=\/wp\/v2\/posts\/54403\/revisions\/54405"}],"wp:featuredmedia":[{"embeddable":true,"href":"http:\/\/folhadosudeste.com\/site\/index.php?rest_route=\/wp\/v2\/media\/54404"}],"wp:attachment":[{"href":"http:\/\/folhadosudeste.com\/site\/index.php?rest_route=%2Fwp%2Fv2%2Fmedia&parent=54403"}],"wp:term":[{"taxonomy":"category","embeddable":true,"href":"http:\/\/folhadosudeste.com\/site\/index.php?rest_route=%2Fwp%2Fv2%2Fcategories&post=54403"},{"taxonomy":"post_tag","embeddable":true,"href":"http:\/\/folhadosudeste.com\/site\/index.php?rest_route=%2Fwp%2Fv2%2Ftags&post=54403"}],"curies":[{"name":"wp","href":"https:\/\/api.w.org\/{rel}","templated":true}]}}