{"id":61874,"date":"2019-01-30T10:23:56","date_gmt":"2019-01-30T10:23:56","guid":{"rendered":"http:\/\/folhadosudeste.com\/site\/?p=61874"},"modified":"2019-01-30T10:23:56","modified_gmt":"2019-01-30T10:23:56","slug":"esquenta-2019-prazo-para-solicitar-alvara-encerra-dia-31","status":"publish","type":"post","link":"http:\/\/folhadosudeste.com\/site\/?p=61874","title":{"rendered":"\u2018Esquenta\u2019 2019: prazo para solicitar alvar\u00e1 encerra dia 31"},"content":{"rendered":"<p><strong><a href=\"http:\/\/folhadosudeste.com\/site\/wp-content\/uploads\/2019\/01\/carnaval.5.jpg\"><img loading=\"lazy\" decoding=\"async\" class=\"aligncenter size-large wp-image-61865\" src=\"http:\/\/folhadosudeste.com\/site\/wp-content\/uploads\/2019\/01\/carnaval.5-1024x683.jpg\" alt=\"\" width=\"800\" height=\"534\" srcset=\"http:\/\/folhadosudeste.com\/site\/wp-content\/uploads\/2019\/01\/carnaval.5-1024x683.jpg 1024w, http:\/\/folhadosudeste.com\/site\/wp-content\/uploads\/2019\/01\/carnaval.5-300x200.jpg 300w, http:\/\/folhadosudeste.com\/site\/wp-content\/uploads\/2019\/01\/carnaval.5-768x512.jpg 768w, http:\/\/folhadosudeste.com\/site\/wp-content\/uploads\/2019\/01\/carnaval.5-120x80.jpg 120w, http:\/\/folhadosudeste.com\/site\/wp-content\/uploads\/2019\/01\/carnaval.5-345x230.jpg 345w, http:\/\/folhadosudeste.com\/site\/wp-content\/uploads\/2019\/01\/carnaval.5.jpg 2048w\" sizes=\"auto, (max-width: 800px) 100vw, 800px\" \/><\/a><\/strong><\/p>\n<p><em>Documento \u00e9 necess\u00e1rio para que blocos e concentra\u00e7\u00f5es possam utilizar espa\u00e7os p\u00fablicos durante pr\u00e9-carnaval da Prefeitura.<\/em><\/p>\n<p><!--more--><\/p>\n<p style=\"text-align: justify;\">Os organizadores interessados em realizar blocos ou concentra\u00e7\u00f5es de rua durante o pr\u00e9-carnaval \u201cEsquenta, Muria\u00e9\u201d devem se apressar. Conforme divulgado h\u00e1 cerca de duas semanas, o prazo para se fazer o pedido de alvar\u00e1s especiais para a ocasi\u00e3o termina na pr\u00f3xima quinta-feira, dia 31 de janeiro.<\/p>\n<p style=\"text-align: justify;\">O protocolo de pedido dos alvar\u00e1s deve ser feito no setor de Cadastro Econ\u00f4mico da Secretaria Municipal de Fazenda, no t\u00e9rreo do Centro Administrativo. A documenta\u00e7\u00e3o necess\u00e1ria para esta finalidade est\u00e1 listada no fim da mat\u00e9ria.<\/p>\n<p style=\"text-align: justify;\">O \u201cEsquenta, Muria\u00e9\u201d acontecer\u00e1 durante os dois fins de semana imediatamente anteriores ao carnaval. No primeiro (dias 15, 16 e 17), a folia ser\u00e1 exclusiva dos blocos de rua, com limita\u00e7\u00e3o de um por dia. J\u00e1 de 22 a 24, ser\u00e1 a vez dos desfiles das agremia\u00e7\u00f5es na sexta e no s\u00e1bado (em local a ser definido em breve), al\u00e9m de outros blocos acontecendo nos bairros.<\/p>\n<p style=\"text-align: justify;\">&nbsp;<\/p>\n<p><strong>\u201cESQUENTA, MURIA\u00c9\u201d \u2013 EDI\u00c7\u00c3O 2019<\/strong><\/p>\n<p>&nbsp;<\/p>\n<p><strong>Datas<\/strong><\/p>\n<p>De 15 a 17 e de 22 a 24 de fevereiro<\/p>\n<p>&nbsp;<\/p>\n<p><strong>Hor\u00e1rios e Locais<\/strong><\/p>\n<p>A definir<\/p>\n<p>&nbsp;<\/p>\n<p><strong>Documentos exigidos para obten\u00e7\u00e3o de alvar\u00e1 especial<\/strong><\/p>\n<p>\u2013 Formul\u00e1rio Eletr\u00f4nico do Corpo de Bombeiros (dispon\u00edvel em&nbsp;<a href=\"http:\/\/www.prevencaobombeiros.mg.gov.br\/a1ip\/f\/t\/cadastrareventodeclaratorioman\">www.prevencaobombeiros.mg.gov.br\/a1ip\/f\/t\/cadastrareventodeclaratorioman<\/a>)<\/p>\n<p>&nbsp;<\/p>\n<p>\u2013 IT33 do Corpo de Bombeiros (dispon\u00edvel em&nbsp;<a href=\"http:\/\/bombeiros.mg.gov.br\/images\/stories\/dat\/it\/it33_eventos_temporrios_1a_edicao.pdf\">http:\/\/bombeiros.mg.gov.br\/images\/stories\/dat\/it\/it33_eventos_temporrios_1a_edicao.pdf<\/a>)<\/p>\n<p>&nbsp;<\/p>\n<p>&#8211; IT 39 do Corpo de Bombeiros(dispon\u00edvel em&nbsp;<a href=\"http:\/\/bombeiros.mg.gov.br\/images\/stories\/dat\/it\/it_39_2ed_blocos_de_carnaval.pdf\">http:\/\/bombeiros.mg.gov.br\/images\/stories\/dat\/it\/it_39_2ed_blocos_de_carnaval.pdf<\/a>)<\/p>\n<p>&nbsp;<\/p>\n<p>\u2013 Formul\u00e1rio de Requerimento de Autoriza\u00e7\u00e3o para Realiza\u00e7\u00e3o de Eventos (dispon\u00edvel em&nbsp;<a href=\"https:\/\/drive.google.com\/open?id=1RnsGFW6UoOsmlKVLb3uNoKDbFaQ4EHdO\">https:\/\/drive.google.com\/open?id=1RnsGFW6UoOsmlKVLb3uNoKDbFaQ4EHdO<\/a>)<\/p>\n<p>&nbsp;<\/p>\n<p>\u2013 Requisi\u00e7\u00f5es para Secretarias Municipais (dispon\u00edvel em&nbsp;<a href=\"https:\/\/drive.google.com\/open?id=1Pk31V3AqXqKlus6gTwOCLdnB6QwUmilh\">https:\/\/drive.google.com\/open?id=1Pk31V3AqXqKlus6gTwOCLdnB6QwUmilh<\/a>)<\/p>\n<p>&nbsp;<\/p>\n<p>\u2013 Documentos listados na Lei Complementar 5.728\/2018 (dispon\u00edvel em&nbsp;<a href=\"https:\/\/sapl.muriae.mg.leg.br\/media\/sapl\/public\/normajuridica\/2018\/5900\/5900_texto_integral.pdf\">https:\/\/sapl.muriae.mg.leg.br\/media\/sapl\/public\/normajuridica\/2018\/5900\/5900_texto_integral.pdf<\/a>)<\/p>\n<p>Fonte: Assessoria de Comunica\u00e7\u00e3o da Prefeitura Municipal de Muria\u00e9&nbsp;<\/p>\n","protected":false},"excerpt":{"rendered":"<p>Documento \u00e9 necess\u00e1rio para que blocos e concentra\u00e7\u00f5es possam utilizar espa\u00e7os p\u00fablicos durante pr\u00e9-carnaval da Prefeitura.<\/p>\n","protected":false},"author":8,"featured_media":0,"comment_status":"open","ping_status":"closed","sticky":false,"template":"","format":"standard","meta":{"_joinchat":[],"footnotes":""},"categories":[11,12,13,4,16,1],"tags":[],"class_list":["post-61874","post","type-post","status-publish","format-standard","hentry","category-cidade","category-comercio","category-cultura","category-destaques","category-eventos","category-sem-categoria"],"_links":{"self":[{"href":"http:\/\/folhadosudeste.com\/site\/index.php?rest_route=\/wp\/v2\/posts\/61874","targetHints":{"allow":["GET"]}}],"collection":[{"href":"http:\/\/folhadosudeste.com\/site\/index.php?rest_route=\/wp\/v2\/posts"}],"about":[{"href":"http:\/\/folhadosudeste.com\/site\/index.php?rest_route=\/wp\/v2\/types\/post"}],"author":[{"embeddable":true,"href":"http:\/\/folhadosudeste.com\/site\/index.php?rest_route=\/wp\/v2\/users\/8"}],"replies":[{"embeddable":true,"href":"http:\/\/folhadosudeste.com\/site\/index.php?rest_route=%2Fwp%2Fv2%2Fcomments&post=61874"}],"version-history":[{"count":1,"href":"http:\/\/folhadosudeste.com\/site\/index.php?rest_route=\/wp\/v2\/posts\/61874\/revisions"}],"predecessor-version":[{"id":61875,"href":"http:\/\/folhadosudeste.com\/site\/index.php?rest_route=\/wp\/v2\/posts\/61874\/revisions\/61875"}],"wp:attachment":[{"href":"http:\/\/folhadosudeste.com\/site\/index.php?rest_route=%2Fwp%2Fv2%2Fmedia&parent=61874"}],"wp:term":[{"taxonomy":"category","embeddable":true,"href":"http:\/\/folhadosudeste.com\/site\/index.php?rest_route=%2Fwp%2Fv2%2Fcategories&post=61874"},{"taxonomy":"post_tag","embeddable":true,"href":"http:\/\/folhadosudeste.com\/site\/index.php?rest_route=%2Fwp%2Fv2%2Ftags&post=61874"}],"curies":[{"name":"wp","href":"https:\/\/api.w.org\/{rel}","templated":true}]}}