{"id":66610,"date":"2019-09-20T18:04:13","date_gmt":"2019-09-20T18:04:13","guid":{"rendered":"http:\/\/folhadosudeste.com\/site\/?p=66610"},"modified":"2019-09-20T18:04:13","modified_gmt":"2019-09-20T18:04:13","slug":"professor-afonso-moreira-cabral-e-agraciado-com-mocao-de-congratulacoes-e-aplausos-pela-vereadora-helena-carvalho-na-camara-municipal","status":"publish","type":"post","link":"http:\/\/folhadosudeste.com\/site\/?p=66610","title":{"rendered":"Professor Afonso Moreira Cabral \u00e9 agraciado com Mo\u00e7\u00e3o de Congratula\u00e7\u00f5es e Aplausos pela vereadora Helena Carvalho na C\u00e2mara Municipal"},"content":{"rendered":"<p><a href=\"http:\/\/folhadosudeste.com\/site\/wp-content\/uploads\/2019\/09\/MENSAGEM-PROFESSOR-AFONSO-MOREIA.jpg\"><img loading=\"lazy\" decoding=\"async\" class=\"alignnone size-full wp-image-66611\" src=\"http:\/\/folhadosudeste.com\/site\/wp-content\/uploads\/2019\/09\/MENSAGEM-PROFESSOR-AFONSO-MOREIA.jpg\" alt=\"\" width=\"800\" height=\"345\" srcset=\"http:\/\/folhadosudeste.com\/site\/wp-content\/uploads\/2019\/09\/MENSAGEM-PROFESSOR-AFONSO-MOREIA.jpg 800w, http:\/\/folhadosudeste.com\/site\/wp-content\/uploads\/2019\/09\/MENSAGEM-PROFESSOR-AFONSO-MOREIA-300x129.jpg 300w, http:\/\/folhadosudeste.com\/site\/wp-content\/uploads\/2019\/09\/MENSAGEM-PROFESSOR-AFONSO-MOREIA-768x331.jpg 768w\" sizes=\"auto, (max-width: 800px) 100vw, 800px\" \/><\/a><\/p>\n<p style=\"text-align: justify;\">O professor Afonso Moreira Cabral foi agraciado na noite de ter\u00e7a-feira, 17\/09, com uma Mo\u00e7\u00e3o de Congratula\u00e7\u00f5es e Aplausos oferecida pela C\u00e2mara Municipal de Muria\u00e9 por iniciativa da vereadora Helena Carvalho. O professor, natural de Br\u00e1s Pires \u2013 MG, recebeu a distin\u00e7\u00e3o como reconhecimento \u201cpor uma vida dedicada a educa\u00e7\u00e3o, onde conquistou vit\u00f3rias em competi\u00e7\u00f5es e o cora\u00e7\u00e3o de seus alunos.\u201d<br \/>\nAfonso Cabral mudou-se para Muria\u00e9 em 1979 para cursar o ensino m\u00e9dio na Escola S\u00e3o Paulo, tradicional institui\u00e7\u00e3o de ensino da cidade, onde iniciou sua vida profissional. Com seu excelente trabalho tamb\u00e9m lecionou em diversas escolas municipais, estaduais e particulares de Muria\u00e9, sempre se sobressaindo pela compet\u00eancia e dedica\u00e7\u00e3o. A vereadora Helena Carvalho fez quest\u00e3o de afirmar no texto do T\u00edtulo oferecido ao professor que ele \u00e9 mais que merecedor do reconhecimento social \u201cpelo muito que fez e que tem feito em sua caminhada profissional, com reflexos positivos para os jovens, a import\u00e2ncia de seu trabalho n\u00e3o pode deixar de ser reconhecida, um paradigma do bom profissional.\u201d<br \/>\nProfessor Afonso e sua esposa \u00c2ngela Cabral agradecem a vereadora Helena Carvalho pela homenagem recebida e pelo reconhecimento de tudo que fez e faz pela educa\u00e7\u00e3o na cidade. Na foto, ele posa com sua esposa \u00c2ngela, a vereadora Helena e seus ex-alunos Manoel Carvalho, Junia, Reginaldo Roriz, Dr. Francisco que se tornaram refer\u00eancias em Muria\u00e9 e regi\u00e3o, o qual tem grande admira\u00e7\u00e3o e carinho pelo seu profissionalismo.<\/p>\n","protected":false},"excerpt":{"rendered":"<p>O professor Afonso Moreira Cabral foi agraciado na noite de ter\u00e7a-feira, 17\/09, com uma Mo\u00e7\u00e3o de Congratula\u00e7\u00f5es e Aplausos oferecida pela C\u00e2mara Municipal de Muria\u00e9 por iniciativa da vereadora Helena Carvalho. O professor, natural de Br\u00e1s Pires \u2013 MG, recebeu a distin\u00e7\u00e3o como reconhecimento \u201cpor uma vida dedicada a educa\u00e7\u00e3o, onde conquistou vit\u00f3rias em competi\u00e7\u00f5es [&hellip;]<\/p>\n","protected":false},"author":6,"featured_media":0,"comment_status":"open","ping_status":"closed","sticky":false,"template":"","format":"standard","meta":{"_joinchat":[],"footnotes":""},"categories":[1],"tags":[],"class_list":["post-66610","post","type-post","status-publish","format-standard","hentry","category-sem-categoria"],"_links":{"self":[{"href":"http:\/\/folhadosudeste.com\/site\/index.php?rest_route=\/wp\/v2\/posts\/66610","targetHints":{"allow":["GET"]}}],"collection":[{"href":"http:\/\/folhadosudeste.com\/site\/index.php?rest_route=\/wp\/v2\/posts"}],"about":[{"href":"http:\/\/folhadosudeste.com\/site\/index.php?rest_route=\/wp\/v2\/types\/post"}],"author":[{"embeddable":true,"href":"http:\/\/folhadosudeste.com\/site\/index.php?rest_route=\/wp\/v2\/users\/6"}],"replies":[{"embeddable":true,"href":"http:\/\/folhadosudeste.com\/site\/index.php?rest_route=%2Fwp%2Fv2%2Fcomments&post=66610"}],"version-history":[{"count":1,"href":"http:\/\/folhadosudeste.com\/site\/index.php?rest_route=\/wp\/v2\/posts\/66610\/revisions"}],"predecessor-version":[{"id":66612,"href":"http:\/\/folhadosudeste.com\/site\/index.php?rest_route=\/wp\/v2\/posts\/66610\/revisions\/66612"}],"wp:attachment":[{"href":"http:\/\/folhadosudeste.com\/site\/index.php?rest_route=%2Fwp%2Fv2%2Fmedia&parent=66610"}],"wp:term":[{"taxonomy":"category","embeddable":true,"href":"http:\/\/folhadosudeste.com\/site\/index.php?rest_route=%2Fwp%2Fv2%2Fcategories&post=66610"},{"taxonomy":"post_tag","embeddable":true,"href":"http:\/\/folhadosudeste.com\/site\/index.php?rest_route=%2Fwp%2Fv2%2Ftags&post=66610"}],"curies":[{"name":"wp","href":"https:\/\/api.w.org\/{rel}","templated":true}]}}