{"id":66613,"date":"2019-09-20T18:05:21","date_gmt":"2019-09-20T18:05:21","guid":{"rendered":"http:\/\/folhadosudeste.com\/site\/?p=66613"},"modified":"2019-09-20T18:05:21","modified_gmt":"2019-09-20T18:05:21","slug":"professora-laiza-de-paula-recebe-mocao-de-congratulacoes-e-aplausos-da-vereadora-helena-carvalho-na-camara-municipal","status":"publish","type":"post","link":"http:\/\/folhadosudeste.com\/site\/?p=66613","title":{"rendered":"Professora L\u00e1iza de Paula recebe Mo\u00e7\u00e3o de Congratula\u00e7\u00f5es e Aplausos da Vereadora Helena Carvalho na C\u00e2mara Municipal"},"content":{"rendered":"<p style=\"text-align: justify;\"><a href=\"http:\/\/folhadosudeste.com\/site\/wp-content\/uploads\/2019\/09\/MENSAGEM-PROFESSORA-LAIZA-AGUIAR.jpg\"><img loading=\"lazy\" decoding=\"async\" class=\"alignnone size-full wp-image-66614\" src=\"http:\/\/folhadosudeste.com\/site\/wp-content\/uploads\/2019\/09\/MENSAGEM-PROFESSORA-LAIZA-AGUIAR.jpg\" alt=\"\" width=\"800\" height=\"345\" srcset=\"http:\/\/folhadosudeste.com\/site\/wp-content\/uploads\/2019\/09\/MENSAGEM-PROFESSORA-LAIZA-AGUIAR.jpg 800w, http:\/\/folhadosudeste.com\/site\/wp-content\/uploads\/2019\/09\/MENSAGEM-PROFESSORA-LAIZA-AGUIAR-300x129.jpg 300w, http:\/\/folhadosudeste.com\/site\/wp-content\/uploads\/2019\/09\/MENSAGEM-PROFESSORA-LAIZA-AGUIAR-768x331.jpg 768w\" sizes=\"auto, (max-width: 800px) 100vw, 800px\" \/><\/a><\/p>\n<p style=\"text-align: justify;\">L\u00e1iza Aparecida Aguiar Abreu Lima de Paula \u00e9 professora da rede municipal h\u00e1 26 anos e h\u00e1 21 exerce sua profiss\u00e3o no bairro S\u00e3o Pedro, sendo atualmente a vice-diretora da Creche Zuleima C\u00e9sar de Ara\u00fajo. Na noite de ter\u00e7a-feira, 17 de setembro, ela recebeu uma justa homenagem da C\u00e2mara Municipal de Muria\u00e9 na forma de uma Mo\u00e7\u00e3o de Congratula\u00e7\u00f5es e Aplausos, proposta pela vereadora Helena Carvalho.<br \/>\nDe acordo com o texto do Certificado a Distin\u00e7\u00e3o se faz necess\u00e1ria pelo servi\u00e7o p\u00fablico de qualidade prestado pela professora. \u201cCoragem, garra, trabalho e amor, sua vida \u00e9 uma indormida mirada, para atender o vasto horizonte que exige seu mister na educa\u00e7\u00e3o, t\u00e3o extenso quanto os sonhos e o futuro das crian\u00e7as com as quais trabalha.\u201d<br \/>\nA vereadora justifica a homenagem afirmando que por ter no\u00e7\u00e3o da exata import\u00e2ncia da educa\u00e7\u00e3o para o futuro das crian\u00e7as e da p\u00e1tria brasileira, L\u00e1iza de Paula concebe o trabalho como mais que um dever, uma miss\u00e3o superior e um ideal de vida, por isso n\u00e3o poderia deixar de receber o justo reconhecimento. L\u00e1iza agradece a vereadora Helena Carvalho pelo reconhecimento de seu trabalho, uma homenagem que se estende aos demais profissionais que atua com ela na \u00e1rea.<br \/>\n\u2018\u2018Estou muito feliz e agradecida por esse reconhecimento t\u00e3o importante pra n\u00f3s que trabalhamos na \u00e1rea da educa\u00e7\u00e3o. Fazer parte da hist\u00f3ria dessa escola e da vida de v\u00e1rios moradores do bairro S\u00e3o Pedro me deixa emocionada. Hoje nossa escola \u00e9 refer\u00eancia quanto creche e ber\u00e7\u00e1rio e a cada ano vem se destacando em rela\u00e7\u00e3o a aprendizagem dos alunos. Isso \u00e9 gratificante! Fazer parte dessa equipe \u00e9 pra mim um orgulho e eu agrade\u00e7o a todos funcion\u00e1rios que fizeram e fazem com que essa escola tenha uma hist\u00f3ria de sucesso.\u2019\u2019<\/p>\n","protected":false},"excerpt":{"rendered":"<p>L\u00e1iza Aparecida Aguiar Abreu Lima de Paula \u00e9 professora da rede municipal h\u00e1 26 anos e h\u00e1 21 exerce sua profiss\u00e3o no bairro S\u00e3o Pedro, sendo atualmente a vice-diretora da Creche Zuleima C\u00e9sar de Ara\u00fajo. Na noite de ter\u00e7a-feira, 17 de setembro, ela recebeu uma justa homenagem da C\u00e2mara Municipal de Muria\u00e9 na forma de [&hellip;]<\/p>\n","protected":false},"author":6,"featured_media":0,"comment_status":"open","ping_status":"closed","sticky":false,"template":"","format":"standard","meta":{"_joinchat":[],"footnotes":""},"categories":[1],"tags":[],"class_list":["post-66613","post","type-post","status-publish","format-standard","hentry","category-sem-categoria"],"_links":{"self":[{"href":"http:\/\/folhadosudeste.com\/site\/index.php?rest_route=\/wp\/v2\/posts\/66613","targetHints":{"allow":["GET"]}}],"collection":[{"href":"http:\/\/folhadosudeste.com\/site\/index.php?rest_route=\/wp\/v2\/posts"}],"about":[{"href":"http:\/\/folhadosudeste.com\/site\/index.php?rest_route=\/wp\/v2\/types\/post"}],"author":[{"embeddable":true,"href":"http:\/\/folhadosudeste.com\/site\/index.php?rest_route=\/wp\/v2\/users\/6"}],"replies":[{"embeddable":true,"href":"http:\/\/folhadosudeste.com\/site\/index.php?rest_route=%2Fwp%2Fv2%2Fcomments&post=66613"}],"version-history":[{"count":1,"href":"http:\/\/folhadosudeste.com\/site\/index.php?rest_route=\/wp\/v2\/posts\/66613\/revisions"}],"predecessor-version":[{"id":66615,"href":"http:\/\/folhadosudeste.com\/site\/index.php?rest_route=\/wp\/v2\/posts\/66613\/revisions\/66615"}],"wp:attachment":[{"href":"http:\/\/folhadosudeste.com\/site\/index.php?rest_route=%2Fwp%2Fv2%2Fmedia&parent=66613"}],"wp:term":[{"taxonomy":"category","embeddable":true,"href":"http:\/\/folhadosudeste.com\/site\/index.php?rest_route=%2Fwp%2Fv2%2Fcategories&post=66613"},{"taxonomy":"post_tag","embeddable":true,"href":"http:\/\/folhadosudeste.com\/site\/index.php?rest_route=%2Fwp%2Fv2%2Ftags&post=66613"}],"curies":[{"name":"wp","href":"https:\/\/api.w.org\/{rel}","templated":true}]}}