{"id":66638,"date":"2019-09-25T13:11:26","date_gmt":"2019-09-25T13:11:26","guid":{"rendered":"http:\/\/folhadosudeste.com\/site\/?p=66638"},"modified":"2019-09-25T20:55:16","modified_gmt":"2019-09-25T20:55:16","slug":"mirai-tera-novo-forum-e-obras-devem-comecar-em-novembro","status":"publish","type":"post","link":"http:\/\/folhadosudeste.com\/site\/?p=66638","title":{"rendered":"C\u00e2mara Municipal de Mira\u00ed faz entrega de T\u00edtulos de Cidadania Honor\u00e1ria durante a Cerim\u00f4nia de apresenta\u00e7\u00e3o da constru\u00e7\u00e3o do novo F\u00f3rum pelo TJMG"},"content":{"rendered":"<p><a href=\"http:\/\/folhadosudeste.com\/site\/wp-content\/uploads\/2019\/09\/DSC_0051.jpg\"><img loading=\"lazy\" decoding=\"async\" class=\"alignnone wp-image-66639 size-full\" src=\"http:\/\/folhadosudeste.com\/site\/wp-content\/uploads\/2019\/09\/DSC_0051.jpg\" alt=\"\" width=\"706\" height=\"244\" srcset=\"http:\/\/folhadosudeste.com\/site\/wp-content\/uploads\/2019\/09\/DSC_0051.jpg 706w, http:\/\/folhadosudeste.com\/site\/wp-content\/uploads\/2019\/09\/DSC_0051-300x104.jpg 300w\" sizes=\"auto, (max-width: 706px) 100vw, 706px\" \/><\/a><\/p>\n<p style=\"text-align: justify;\">A Comarca de Mira\u00ed ter\u00e1 novo F\u00f3rum e as obras do pr\u00e9dio que vai receber o nome de F\u00f3rum Ministro Ant\u00f4nio Martins Vilas Boas t\u00eam previs\u00e3o de in\u00edcio para novembro deste ano. O Secret\u00e1rio de Cultura e Turismo de Mira\u00ed, Marcos Paulo Albuini, informou que as obras devem ser conclu\u00eddas no prazo de um ano.<\/p>\n<p style=\"text-align: justify;\">Uma solenidade na tarde de segunda-feira, 23\/09\/2019, no Espa\u00e7o Ellegance, marcou o an\u00fancio da empreitada pelo Presidente do Tribunal de Justi\u00e7a de Minas Gerais -TJMG, Desembargador Nelson Missias de Morais, que esteve em Mira\u00ed especialmente para a ocasi\u00e3o e recebeu o T\u00edtulo de Cidad\u00e3o Honor\u00e1rio da cidade. Tamb\u00e9m foram agraciados com a honraria o Desembargador do TJMG Dr. V\u00edtor In\u00e1cio Peixoto Parreiras Henriques, o Juiz da 3\u00aa Vara C\u00edvel de Muria\u00e9, Dr. Maur\u00edcio Jos\u00e9 Machado Pirozi e o Presidente da Energisa MG, Dr. Eduardo Alves Mantovani. Ainda estiveram presentes os Desembargadores Alvin Soares, Agostinho Gomes de Azevedo e Domingos Coelho al\u00e9m de diversas autoridades locais e regionais.<\/p>\n<p style=\"text-align: justify;\">Dr. Nelson Missias de Morais lembrou que a constru\u00e7\u00e3o de novos f\u00f3runs no interior do estado tem sido uma das marcas de sua gest\u00e3o \u00e0 frente do TJMG. \u201cEstamos buscando garantir melhores condi\u00e7\u00f5es de trabalho aos magistrados e servidores e, naturalmente, uma presta\u00e7\u00e3o jurisdicional mais c\u00e9lere e mais efetiva aos cidad\u00e3os. Acredito que este trabalho vai se revelar em sua totalidade nos pr\u00f3ximos meses e anos, gra\u00e7as ao trabalho que estamos realizando agora.\u201d<\/p>\n<p style=\"text-align: justify;\">O chefe do Judici\u00e1rio Mineiro ainda fez quest\u00e3o de agradecer aos miraienses e ao Vereador e Presidente da C\u00e2mara Almir Alves de Ara\u00fajo, autor da proposta, a outorga do t\u00edtulo de Cidadania Honor\u00e1ria. Ele elogiou as belezas naturais da cidade, lembrou-se Ataulfo Alves e destacou a contribui\u00e7\u00e3o e o empenho dos Desembargadores Peixoto Henriques, Alvim Soares e Amauri Pinto Ferreira, do amigo Henrique Pereira e dos Ju\u00edzes Consuelo Silveira Neto e M\u00e1rcio Tricote, para a cria\u00e7\u00e3o do novo pr\u00e9dio.<\/p>\n<p style=\"text-align: justify;\">Um dos agraciados com o T\u00edtulo de Cidadania Honor\u00e1ria de Mira\u00ed e juiz da 3\u00aa Vara C\u00edvel de Muria\u00e9, Dr. Maur\u00edcio Jos\u00e9 Machado Pirozi, afirmou estar muito emocionado com a distin\u00e7\u00e3o. \u201c\u00c9 muita honra ser lembrado, porque aqui chegamos em 2009, jovens na carreira e aqui crescemos, fizemos amigos. Foram tr\u00eas anos de trabalho em Mira\u00ed e temos muitos amigos aqui. E depois de tanto tempo esse reconhecimento vem e \u00e9 motivo de muita emo\u00e7\u00e3o e de muita gratid\u00e3o.\u201d Outro Cidad\u00e3o Honor\u00e1rio de Mira\u00ed, o Presidente da Energisa MG, Eduardo Alves Mantovani, tamb\u00e9m afirmou estar emocionado com a distin\u00e7\u00e3o. \u201cSempre tivemos grande amizade com o povo de Mira\u00ed, ent\u00e3o isso nos d\u00e1 muito orgulho. Receber essa homenagem me deixa emocionado e este ser\u00e1 um diploma que ter\u00e1 lugar de destaque no meu escrit\u00f3rio. Agrade\u00e7o ao presidente da C\u00e2mara Municipal Almir Alves, um colega de tantos anos de trabalho que se aposentou na Energisa e hoje recebo esta honraria de suas m\u00e3os, para mim, \u00e9 uma grande satisfa\u00e7\u00e3o.\u201d<\/p>\n<p style=\"text-align: justify;\">J\u00e1 o Desembargador do TJMG, Dr. V\u00edtor In\u00e1cio Peixoto Parreiras Henriques, buscou na Odisseia de Homero palavras para expressar seu agradecimento e sintetizar sua satisfa\u00e7\u00e3o. \u201cQuando este personagem descreve o Monte Olimpo diz assim: E ao Olimpo onde o dia brilha (como brilha em Mira\u00ed), onde felicidades sempre ternas posam ali os seus alicerces. \u00c9 essa felicidade e essa alegria que sinto ao dizer que agora sou Cidad\u00e3o de Mira\u00ed.\u201d<\/p>\n<p style=\"text-align: justify;\">O Diretor do F\u00f3rum de Mira\u00ed, Juiz Dr. Felipe Teixeira Cancela J\u00fanior, destacou a import\u00e2ncia da constru\u00e7\u00e3o de uma sede para abrigar o judici\u00e1rio da cidade. \u201cUm novo pr\u00e9dio para o nosso F\u00f3rum atesta o intuito de oferecer um espa\u00e7o digno para receber o cidad\u00e3o e para que os profissionais da Justi\u00e7a trabalhem com mais conforto e seguran\u00e7a. Assim vamos proporcionar o melhor para a comunidade e o cidad\u00e3o, alvos e raz\u00e3o do servi\u00e7o p\u00fablico\u201d.<\/p>\n<p style=\"text-align: justify;\">O Prefeito de Mira\u00ed, Luiz Fortuce, afirmou que a cidade vive um de seus dias mais importantes. \u201c\u00c9 a realiza\u00e7\u00e3o de um grande sonho, que s\u00f3 foi poss\u00edvel gra\u00e7as \u00e0 converg\u00eancia de for\u00e7as de pessoas da nossa cidade e amigas de Mira\u00ed.&#8221;<\/p>\n<p style=\"text-align: justify;\">O presidente da C\u00e2mara Municipal de Mira\u00ed, Vereador Almir Alves de Ara\u00fajo, explicou que a decis\u00e3o de entregar o t\u00edtulo ao chefe do Judici\u00e1rio Mineiro e aos demais homenageados \u00e9 um gesto de gratid\u00e3o pela constru\u00e7\u00e3o do novo F\u00f3rum, o qual ir\u00e1 gerar muitos empregos diretos e indiretos e teremos um juiz titular e um promotor morando na cidade, \u00e9 o que tanto almejamos. \u201cH\u00e1 muito tempo Mira\u00ed deseja uma nova sede para o Judici\u00e1rio local, unimos ent\u00e3o com a administra\u00e7\u00e3o municipal e o prefeito Luiz Fortuce e conseguimos o terreno. Ser\u00e1 constru\u00eddo em um local plano e na entrada da cidade. Esta obra do TJMG vai valorizar em muito nossa regi\u00e3o.\u201d<\/p>\n<p style=\"text-align: justify;\"><strong>Sobre a nova sede do F\u00f3rum<\/strong><\/p>\n<p style=\"text-align: justify;\">O Superintendente Administrativo Adjunto do TJMG, Desembargador Gilson Soares Lemes, apresentou o projeto de constru\u00e7\u00e3o do novo F\u00f3rum, durante a solenidade. O pr\u00e9dio vai ocupar uma \u00e1rea de aproximadamente 800m\u00b2 com um total de 750 m\u00b2 de \u00e1rea constru\u00edda e vai funcionar na Avenida Santa Cec\u00edlia, no Bairro F\u00e1brica.<\/p>\n<p style=\"text-align: justify;\">A nova sede da comarca contar\u00e1 com um pavimento, com espa\u00e7o para uma vara, Centro Judici\u00e1rio de Solu\u00e7\u00e3o de Conflitos e Cidadania (CEJUSC), Juizado Especial, Tribunal do J\u00fari e setores de apoio, concentrando todo o atendimento jurisdicional em um s\u00f3 local.<\/p>\n<p style=\"text-align: justify;\">A edifica\u00e7\u00e3o ser\u00e1 acess\u00edvel \u00e0s pessoas com dificuldades de locomo\u00e7\u00e3o e constru\u00edda segundo princ\u00edpios da sustentabilidade e seguran\u00e7a, com sistema de ilumina\u00e7\u00e3o eficiente, sistema eletr\u00f4nico de controle e seguran\u00e7a de acesso e sistema de ar-condicionado em todos os ambientes, para proporcionar a adequa\u00e7\u00e3o da temperatura com efici\u00eancia e economia.<\/p>\n<p style=\"text-align: justify;\">O espa\u00e7o ter\u00e1 ainda estacionamento com 14 vagas, sendo quatro para motos, e um biciclet\u00e1rio com oito vagas. O valor estimado da obra, que deve ser conclu\u00edda at\u00e9 de 2020, \u00e9 de R$ 4,15 milh\u00f5es.<\/p>\n<p style=\"text-align: justify;\"><!--more--><\/p>\n<p><a href=\"http:\/\/folhadosudeste.com\/site\/wp-content\/uploads\/2019\/09\/DSC_0054.jpg\"><img loading=\"lazy\" decoding=\"async\" class=\"alignnone wp-image-66640\" src=\"http:\/\/folhadosudeste.com\/site\/wp-content\/uploads\/2019\/09\/DSC_0054.jpg\" alt=\"\" width=\"349\" height=\"400\" srcset=\"http:\/\/folhadosudeste.com\/site\/wp-content\/uploads\/2019\/09\/DSC_0054.jpg 276w, http:\/\/folhadosudeste.com\/site\/wp-content\/uploads\/2019\/09\/DSC_0054-262x300.jpg 262w\" sizes=\"auto, (max-width: 349px) 100vw, 349px\" \/><\/a> <a href=\"http:\/\/folhadosudeste.com\/site\/wp-content\/uploads\/2019\/09\/DSC_0073.jpg\"><img loading=\"lazy\" decoding=\"async\" class=\"alignnone wp-image-66641\" src=\"http:\/\/folhadosudeste.com\/site\/wp-content\/uploads\/2019\/09\/DSC_0073.jpg\" alt=\"\" width=\"334\" height=\"400\" srcset=\"http:\/\/folhadosudeste.com\/site\/wp-content\/uploads\/2019\/09\/DSC_0073.jpg 304w, http:\/\/folhadosudeste.com\/site\/wp-content\/uploads\/2019\/09\/DSC_0073-251x300.jpg 251w\" sizes=\"auto, (max-width: 334px) 100vw, 334px\" \/><\/a> <a href=\"http:\/\/folhadosudeste.com\/site\/wp-content\/uploads\/2019\/09\/DSC_0080.jpg\"><img loading=\"lazy\" decoding=\"async\" class=\"alignnone wp-image-66642\" src=\"http:\/\/folhadosudeste.com\/site\/wp-content\/uploads\/2019\/09\/DSC_0080.jpg\" alt=\"\" width=\"272\" height=\"400\" srcset=\"http:\/\/folhadosudeste.com\/site\/wp-content\/uploads\/2019\/09\/DSC_0080.jpg 316w, http:\/\/folhadosudeste.com\/site\/wp-content\/uploads\/2019\/09\/DSC_0080-204x300.jpg 204w\" sizes=\"auto, (max-width: 272px) 100vw, 272px\" \/><\/a> <a href=\"http:\/\/folhadosudeste.com\/site\/wp-content\/uploads\/2019\/09\/DSC_0096-1.jpg\"><img loading=\"lazy\" decoding=\"async\" class=\"alignnone wp-image-66643\" src=\"http:\/\/folhadosudeste.com\/site\/wp-content\/uploads\/2019\/09\/DSC_0096-1.jpg\" alt=\"\" width=\"400\" height=\"400\" srcset=\"http:\/\/folhadosudeste.com\/site\/wp-content\/uploads\/2019\/09\/DSC_0096-1.jpg 196w, http:\/\/folhadosudeste.com\/site\/wp-content\/uploads\/2019\/09\/DSC_0096-1-150x150.jpg 150w\" sizes=\"auto, (max-width: 400px) 100vw, 400px\" \/><\/a> <a href=\"http:\/\/folhadosudeste.com\/site\/wp-content\/uploads\/2019\/09\/DSC_0102.jpg\"><img loading=\"lazy\" decoding=\"async\" class=\"alignnone wp-image-66644\" src=\"http:\/\/folhadosudeste.com\/site\/wp-content\/uploads\/2019\/09\/DSC_0102.jpg\" alt=\"\" width=\"350\" height=\"400\"><\/a> <a href=\"http:\/\/folhadosudeste.com\/site\/wp-content\/uploads\/2019\/09\/DSC_0149.jpg\"><img loading=\"lazy\" decoding=\"async\" class=\"alignnone wp-image-66645\" src=\"http:\/\/folhadosudeste.com\/site\/wp-content\/uploads\/2019\/09\/DSC_0149.jpg\" alt=\"\" width=\"384\" height=\"400\"><\/a> <a href=\"http:\/\/folhadosudeste.com\/site\/wp-content\/uploads\/2019\/09\/DSC_0154.jpg\"><img loading=\"lazy\" decoding=\"async\" class=\"alignnone wp-image-66646\" src=\"http:\/\/folhadosudeste.com\/site\/wp-content\/uploads\/2019\/09\/DSC_0154.jpg\" alt=\"\" width=\"363\" height=\"400\" srcset=\"http:\/\/folhadosudeste.com\/site\/wp-content\/uploads\/2019\/09\/DSC_0154.jpg 428w, http:\/\/folhadosudeste.com\/site\/wp-content\/uploads\/2019\/09\/DSC_0154-272x300.jpg 272w\" sizes=\"auto, (max-width: 363px) 100vw, 363px\" \/><\/a> <a href=\"http:\/\/folhadosudeste.com\/site\/wp-content\/uploads\/2019\/09\/DSC_0164.jpg\"><img loading=\"lazy\" decoding=\"async\" class=\"alignnone wp-image-66647\" src=\"http:\/\/folhadosudeste.com\/site\/wp-content\/uploads\/2019\/09\/DSC_0164.jpg\" alt=\"\" width=\"370\" height=\"400\" srcset=\"http:\/\/folhadosudeste.com\/site\/wp-content\/uploads\/2019\/09\/DSC_0164.jpg 488w, http:\/\/folhadosudeste.com\/site\/wp-content\/uploads\/2019\/09\/DSC_0164-277x300.jpg 277w\" sizes=\"auto, (max-width: 370px) 100vw, 370px\" \/><\/a> <a href=\"http:\/\/folhadosudeste.com\/site\/wp-content\/uploads\/2019\/09\/DSC_0167.jpg\"><img loading=\"lazy\" decoding=\"async\" class=\"alignnone wp-image-66648\" src=\"http:\/\/folhadosudeste.com\/site\/wp-content\/uploads\/2019\/09\/DSC_0167.jpg\" alt=\"\" width=\"391\" height=\"400\" srcset=\"http:\/\/folhadosudeste.com\/site\/wp-content\/uploads\/2019\/09\/DSC_0167.jpg 516w, http:\/\/folhadosudeste.com\/site\/wp-content\/uploads\/2019\/09\/DSC_0167-293x300.jpg 293w\" sizes=\"auto, (max-width: 391px) 100vw, 391px\" \/><\/a><\/p>\n<p><a href=\"http:\/\/folhadosudeste.com\/site\/wp-content\/uploads\/2019\/09\/DSC_0006-1.jpg\"><img loading=\"lazy\" decoding=\"async\" class=\"alignnone size-full wp-image-66649\" src=\"http:\/\/folhadosudeste.com\/site\/wp-content\/uploads\/2019\/09\/DSC_0006-1.jpg\" alt=\"\" width=\"646\" height=\"452\" srcset=\"http:\/\/folhadosudeste.com\/site\/wp-content\/uploads\/2019\/09\/DSC_0006-1.jpg 646w, http:\/\/folhadosudeste.com\/site\/wp-content\/uploads\/2019\/09\/DSC_0006-1-300x210.jpg 300w\" sizes=\"auto, (max-width: 646px) 100vw, 646px\" \/><\/a> <a href=\"http:\/\/folhadosudeste.com\/site\/wp-content\/uploads\/2019\/09\/DSC_0027.jpg\"><img loading=\"lazy\" decoding=\"async\" class=\"alignnone size-full wp-image-66650\" src=\"http:\/\/folhadosudeste.com\/site\/wp-content\/uploads\/2019\/09\/DSC_0027.jpg\" alt=\"\" width=\"722\" height=\"292\" srcset=\"http:\/\/folhadosudeste.com\/site\/wp-content\/uploads\/2019\/09\/DSC_0027.jpg 722w, http:\/\/folhadosudeste.com\/site\/wp-content\/uploads\/2019\/09\/DSC_0027-300x121.jpg 300w\" sizes=\"auto, (max-width: 722px) 100vw, 722px\" \/><\/a> <a href=\"http:\/\/folhadosudeste.com\/site\/wp-content\/uploads\/2019\/09\/DSC_0046.jpg\"><img loading=\"lazy\" decoding=\"async\" class=\"alignnone size-full wp-image-66651\" src=\"http:\/\/folhadosudeste.com\/site\/wp-content\/uploads\/2019\/09\/DSC_0046.jpg\" alt=\"\" width=\"800\" height=\"530\" srcset=\"http:\/\/folhadosudeste.com\/site\/wp-content\/uploads\/2019\/09\/DSC_0046.jpg 800w, http:\/\/folhadosudeste.com\/site\/wp-content\/uploads\/2019\/09\/DSC_0046-300x199.jpg 300w, http:\/\/folhadosudeste.com\/site\/wp-content\/uploads\/2019\/09\/DSC_0046-768x509.jpg 768w, http:\/\/folhadosudeste.com\/site\/wp-content\/uploads\/2019\/09\/DSC_0046-120x80.jpg 120w, http:\/\/folhadosudeste.com\/site\/wp-content\/uploads\/2019\/09\/DSC_0046-345x230.jpg 345w, http:\/\/folhadosudeste.com\/site\/wp-content\/uploads\/2019\/09\/DSC_0046-590x390.jpg 590w\" sizes=\"auto, (max-width: 800px) 100vw, 800px\" \/><\/a> <a href=\"http:\/\/folhadosudeste.com\/site\/wp-content\/uploads\/2019\/09\/DSC_0059.jpg\"><img loading=\"lazy\" decoding=\"async\" class=\"alignnone size-full wp-image-66652\" src=\"http:\/\/folhadosudeste.com\/site\/wp-content\/uploads\/2019\/09\/DSC_0059.jpg\" alt=\"\" width=\"584\" height=\"264\" srcset=\"http:\/\/folhadosudeste.com\/site\/wp-content\/uploads\/2019\/09\/DSC_0059.jpg 584w, http:\/\/folhadosudeste.com\/site\/wp-content\/uploads\/2019\/09\/DSC_0059-300x136.jpg 300w\" sizes=\"auto, (max-width: 584px) 100vw, 584px\" \/><\/a> <a href=\"http:\/\/folhadosudeste.com\/site\/wp-content\/uploads\/2019\/09\/DSC_0090.jpg\"><img loading=\"lazy\" decoding=\"async\" class=\"alignnone size-full wp-image-66653\" src=\"http:\/\/folhadosudeste.com\/site\/wp-content\/uploads\/2019\/09\/DSC_0090.jpg\" alt=\"\" width=\"786\" height=\"406\" srcset=\"http:\/\/folhadosudeste.com\/site\/wp-content\/uploads\/2019\/09\/DSC_0090.jpg 786w, http:\/\/folhadosudeste.com\/site\/wp-content\/uploads\/2019\/09\/DSC_0090-300x155.jpg 300w, http:\/\/folhadosudeste.com\/site\/wp-content\/uploads\/2019\/09\/DSC_0090-768x397.jpg 768w\" sizes=\"auto, (max-width: 786px) 100vw, 786px\" \/><\/a> <a href=\"http:\/\/folhadosudeste.com\/site\/wp-content\/uploads\/2019\/09\/DSC_0111-1.jpg\"><img loading=\"lazy\" decoding=\"async\" class=\"alignnone size-full wp-image-66654\" src=\"http:\/\/folhadosudeste.com\/site\/wp-content\/uploads\/2019\/09\/DSC_0111-1.jpg\" alt=\"\" width=\"598\" height=\"418\" srcset=\"http:\/\/folhadosudeste.com\/site\/wp-content\/uploads\/2019\/09\/DSC_0111-1.jpg 598w, http:\/\/folhadosudeste.com\/site\/wp-content\/uploads\/2019\/09\/DSC_0111-1-300x210.jpg 300w\" sizes=\"auto, (max-width: 598px) 100vw, 598px\" \/><\/a> <a href=\"http:\/\/folhadosudeste.com\/site\/wp-content\/uploads\/2019\/09\/DSC_0120-1.jpg\"><img loading=\"lazy\" decoding=\"async\" class=\"alignnone size-full wp-image-66655\" src=\"http:\/\/folhadosudeste.com\/site\/wp-content\/uploads\/2019\/09\/DSC_0120-1.jpg\" alt=\"\" width=\"568\" height=\"388\" srcset=\"http:\/\/folhadosudeste.com\/site\/wp-content\/uploads\/2019\/09\/DSC_0120-1.jpg 568w, http:\/\/folhadosudeste.com\/site\/wp-content\/uploads\/2019\/09\/DSC_0120-1-300x205.jpg 300w, http:\/\/folhadosudeste.com\/site\/wp-content\/uploads\/2019\/09\/DSC_0120-1-220x150.jpg 220w\" sizes=\"auto, (max-width: 568px) 100vw, 568px\" \/><\/a> <a href=\"http:\/\/folhadosudeste.com\/site\/wp-content\/uploads\/2019\/09\/DSC_0129.jpg\"><img loading=\"lazy\" decoding=\"async\" class=\"alignnone size-full wp-image-66656\" src=\"http:\/\/folhadosudeste.com\/site\/wp-content\/uploads\/2019\/09\/DSC_0129.jpg\" alt=\"\" width=\"596\" height=\"414\" srcset=\"http:\/\/folhadosudeste.com\/site\/wp-content\/uploads\/2019\/09\/DSC_0129.jpg 596w, http:\/\/folhadosudeste.com\/site\/wp-content\/uploads\/2019\/09\/DSC_0129-300x208.jpg 300w\" sizes=\"auto, (max-width: 596px) 100vw, 596px\" \/><\/a> <a href=\"http:\/\/folhadosudeste.com\/site\/wp-content\/uploads\/2019\/09\/DSC_0139.jpg\"><img loading=\"lazy\" decoding=\"async\" class=\"alignnone size-full wp-image-66657\" src=\"http:\/\/folhadosudeste.com\/site\/wp-content\/uploads\/2019\/09\/DSC_0139.jpg\" alt=\"\" width=\"726\" height=\"422\" srcset=\"http:\/\/folhadosudeste.com\/site\/wp-content\/uploads\/2019\/09\/DSC_0139.jpg 726w, http:\/\/folhadosudeste.com\/site\/wp-content\/uploads\/2019\/09\/DSC_0139-300x174.jpg 300w\" sizes=\"auto, (max-width: 726px) 100vw, 726px\" \/><\/a> <a href=\"http:\/\/folhadosudeste.com\/site\/wp-content\/uploads\/2019\/09\/DSC_0180-1.jpg\"><img loading=\"lazy\" decoding=\"async\" class=\"alignnone size-full wp-image-66658\" src=\"http:\/\/folhadosudeste.com\/site\/wp-content\/uploads\/2019\/09\/DSC_0180-1.jpg\" alt=\"\" width=\"740\" height=\"438\" srcset=\"http:\/\/folhadosudeste.com\/site\/wp-content\/uploads\/2019\/09\/DSC_0180-1.jpg 740w, http:\/\/folhadosudeste.com\/site\/wp-content\/uploads\/2019\/09\/DSC_0180-1-300x178.jpg 300w\" sizes=\"auto, (max-width: 740px) 100vw, 740px\" \/><\/a> <a href=\"http:\/\/folhadosudeste.com\/site\/wp-content\/uploads\/2019\/09\/DSC_0188.jpg\"><img loading=\"lazy\" decoding=\"async\" class=\"alignnone size-full wp-image-66659\" src=\"http:\/\/folhadosudeste.com\/site\/wp-content\/uploads\/2019\/09\/DSC_0188.jpg\" alt=\"\" width=\"652\" height=\"426\" srcset=\"http:\/\/folhadosudeste.com\/site\/wp-content\/uploads\/2019\/09\/DSC_0188.jpg 652w, http:\/\/folhadosudeste.com\/site\/wp-content\/uploads\/2019\/09\/DSC_0188-300x196.jpg 300w\" sizes=\"auto, (max-width: 652px) 100vw, 652px\" \/><\/a> <a href=\"http:\/\/folhadosudeste.com\/site\/wp-content\/uploads\/2019\/09\/DSC_0192.jpg\"><img loading=\"lazy\" decoding=\"async\" class=\"alignnone size-full wp-image-66660\" src=\"http:\/\/folhadosudeste.com\/site\/wp-content\/uploads\/2019\/09\/DSC_0192.jpg\" alt=\"\" width=\"712\" height=\"360\" srcset=\"http:\/\/folhadosudeste.com\/site\/wp-content\/uploads\/2019\/09\/DSC_0192.jpg 712w, http:\/\/folhadosudeste.com\/site\/wp-content\/uploads\/2019\/09\/DSC_0192-300x152.jpg 300w\" sizes=\"auto, (max-width: 712px) 100vw, 712px\" \/><\/a> <a href=\"http:\/\/folhadosudeste.com\/site\/wp-content\/uploads\/2019\/09\/DSC_0202.jpg\"><img loading=\"lazy\" decoding=\"async\" class=\"alignnone size-full wp-image-66661\" src=\"http:\/\/folhadosudeste.com\/site\/wp-content\/uploads\/2019\/09\/DSC_0202.jpg\" alt=\"\" width=\"564\" height=\"346\" srcset=\"http:\/\/folhadosudeste.com\/site\/wp-content\/uploads\/2019\/09\/DSC_0202.jpg 564w, http:\/\/folhadosudeste.com\/site\/wp-content\/uploads\/2019\/09\/DSC_0202-300x184.jpg 300w\" sizes=\"auto, (max-width: 564px) 100vw, 564px\" \/><\/a> <a href=\"http:\/\/folhadosudeste.com\/site\/wp-content\/uploads\/2019\/09\/DSC_0206.jpg\"><img loading=\"lazy\" decoding=\"async\" class=\"alignnone size-full wp-image-66662\" src=\"http:\/\/folhadosudeste.com\/site\/wp-content\/uploads\/2019\/09\/DSC_0206.jpg\" alt=\"\" width=\"586\" height=\"410\" srcset=\"http:\/\/folhadosudeste.com\/site\/wp-content\/uploads\/2019\/09\/DSC_0206.jpg 586w, http:\/\/folhadosudeste.com\/site\/wp-content\/uploads\/2019\/09\/DSC_0206-300x210.jpg 300w\" sizes=\"auto, (max-width: 586px) 100vw, 586px\" \/><\/a> <a href=\"http:\/\/folhadosudeste.com\/site\/wp-content\/uploads\/2019\/09\/DSC_0211.jpg\"><img loading=\"lazy\" decoding=\"async\" class=\"alignnone size-full wp-image-66663\" src=\"http:\/\/folhadosudeste.com\/site\/wp-content\/uploads\/2019\/09\/DSC_0211.jpg\" alt=\"\" width=\"708\" height=\"478\" srcset=\"http:\/\/folhadosudeste.com\/site\/wp-content\/uploads\/2019\/09\/DSC_0211.jpg 708w, http:\/\/folhadosudeste.com\/site\/wp-content\/uploads\/2019\/09\/DSC_0211-300x203.jpg 300w, http:\/\/folhadosudeste.com\/site\/wp-content\/uploads\/2019\/09\/DSC_0211-120x80.jpg 120w, http:\/\/folhadosudeste.com\/site\/wp-content\/uploads\/2019\/09\/DSC_0211-220x150.jpg 220w\" sizes=\"auto, (max-width: 708px) 100vw, 708px\" \/><\/a> <a href=\"http:\/\/folhadosudeste.com\/site\/wp-content\/uploads\/2019\/09\/DSC_0214.jpg\"><img loading=\"lazy\" decoding=\"async\" class=\"alignnone size-full wp-image-66664\" src=\"http:\/\/folhadosudeste.com\/site\/wp-content\/uploads\/2019\/09\/DSC_0214.jpg\" alt=\"\" width=\"800\" height=\"530\" srcset=\"http:\/\/folhadosudeste.com\/site\/wp-content\/uploads\/2019\/09\/DSC_0214.jpg 800w, http:\/\/folhadosudeste.com\/site\/wp-content\/uploads\/2019\/09\/DSC_0214-300x199.jpg 300w, http:\/\/folhadosudeste.com\/site\/wp-content\/uploads\/2019\/09\/DSC_0214-768x509.jpg 768w, http:\/\/folhadosudeste.com\/site\/wp-content\/uploads\/2019\/09\/DSC_0214-120x80.jpg 120w, http:\/\/folhadosudeste.com\/site\/wp-content\/uploads\/2019\/09\/DSC_0214-345x230.jpg 345w, http:\/\/folhadosudeste.com\/site\/wp-content\/uploads\/2019\/09\/DSC_0214-590x390.jpg 590w\" sizes=\"auto, (max-width: 800px) 100vw, 800px\" \/><\/a> <a href=\"http:\/\/folhadosudeste.com\/site\/wp-content\/uploads\/2019\/09\/DSC_0216-2.jpg\"><img loading=\"lazy\" decoding=\"async\" class=\"alignnone size-full wp-image-66665\" src=\"http:\/\/folhadosudeste.com\/site\/wp-content\/uploads\/2019\/09\/DSC_0216-2.jpg\" alt=\"\" width=\"698\" height=\"410\" srcset=\"http:\/\/folhadosudeste.com\/site\/wp-content\/uploads\/2019\/09\/DSC_0216-2.jpg 698w, http:\/\/folhadosudeste.com\/site\/wp-content\/uploads\/2019\/09\/DSC_0216-2-300x176.jpg 300w\" sizes=\"auto, (max-width: 698px) 100vw, 698px\" \/><\/a> <a href=\"http:\/\/folhadosudeste.com\/site\/wp-content\/uploads\/2019\/09\/DSC_0225.jpg\"><img loading=\"lazy\" decoding=\"async\" class=\"alignnone size-full wp-image-66666\" src=\"http:\/\/folhadosudeste.com\/site\/wp-content\/uploads\/2019\/09\/DSC_0225.jpg\" alt=\"\" width=\"598\" height=\"400\" srcset=\"http:\/\/folhadosudeste.com\/site\/wp-content\/uploads\/2019\/09\/DSC_0225.jpg 598w, http:\/\/folhadosudeste.com\/site\/wp-content\/uploads\/2019\/09\/DSC_0225-300x201.jpg 300w, http:\/\/folhadosudeste.com\/site\/wp-content\/uploads\/2019\/09\/DSC_0225-120x80.jpg 120w, http:\/\/folhadosudeste.com\/site\/wp-content\/uploads\/2019\/09\/DSC_0225-345x230.jpg 345w\" sizes=\"auto, (max-width: 598px) 100vw, 598px\" \/><\/a> <a href=\"http:\/\/folhadosudeste.com\/site\/wp-content\/uploads\/2019\/09\/DSC_0230.jpg\"><img loading=\"lazy\" decoding=\"async\" class=\"alignnone size-full wp-image-66667\" src=\"http:\/\/folhadosudeste.com\/site\/wp-content\/uploads\/2019\/09\/DSC_0230.jpg\" alt=\"\" width=\"726\" height=\"362\" srcset=\"http:\/\/folhadosudeste.com\/site\/wp-content\/uploads\/2019\/09\/DSC_0230.jpg 726w, http:\/\/folhadosudeste.com\/site\/wp-content\/uploads\/2019\/09\/DSC_0230-300x150.jpg 300w\" sizes=\"auto, (max-width: 726px) 100vw, 726px\" \/><\/a> <a href=\"http:\/\/folhadosudeste.com\/site\/wp-content\/uploads\/2019\/09\/DSC_0231-1.jpg\"><img loading=\"lazy\" decoding=\"async\" class=\"alignnone size-full wp-image-66668\" src=\"http:\/\/folhadosudeste.com\/site\/wp-content\/uploads\/2019\/09\/DSC_0231-1.jpg\" alt=\"\" width=\"758\" height=\"348\" srcset=\"http:\/\/folhadosudeste.com\/site\/wp-content\/uploads\/2019\/09\/DSC_0231-1.jpg 758w, http:\/\/folhadosudeste.com\/site\/wp-content\/uploads\/2019\/09\/DSC_0231-1-300x138.jpg 300w\" sizes=\"auto, (max-width: 758px) 100vw, 758px\" \/><\/a> <a href=\"http:\/\/folhadosudeste.com\/site\/wp-content\/uploads\/2019\/09\/DSC_0234.jpg\"><img loading=\"lazy\" decoding=\"async\" class=\"alignnone size-full wp-image-66669\" src=\"http:\/\/folhadosudeste.com\/site\/wp-content\/uploads\/2019\/09\/DSC_0234.jpg\" alt=\"\" width=\"772\" height=\"406\" srcset=\"http:\/\/folhadosudeste.com\/site\/wp-content\/uploads\/2019\/09\/DSC_0234.jpg 772w, http:\/\/folhadosudeste.com\/site\/wp-content\/uploads\/2019\/09\/DSC_0234-300x158.jpg 300w, http:\/\/folhadosudeste.com\/site\/wp-content\/uploads\/2019\/09\/DSC_0234-768x404.jpg 768w\" sizes=\"auto, (max-width: 772px) 100vw, 772px\" \/><\/a> <a href=\"http:\/\/folhadosudeste.com\/site\/wp-content\/uploads\/2019\/09\/DSC_0238.jpg\"><img loading=\"lazy\" decoding=\"async\" class=\"alignnone size-full wp-image-66670\" src=\"http:\/\/folhadosudeste.com\/site\/wp-content\/uploads\/2019\/09\/DSC_0238.jpg\" alt=\"\" width=\"800\" height=\"426\" srcset=\"http:\/\/folhadosudeste.com\/site\/wp-content\/uploads\/2019\/09\/DSC_0238.jpg 800w, http:\/\/folhadosudeste.com\/site\/wp-content\/uploads\/2019\/09\/DSC_0238-300x160.jpg 300w, http:\/\/folhadosudeste.com\/site\/wp-content\/uploads\/2019\/09\/DSC_0238-768x409.jpg 768w\" sizes=\"auto, (max-width: 800px) 100vw, 800px\" \/><\/a> <a href=\"http:\/\/folhadosudeste.com\/site\/wp-content\/uploads\/2019\/09\/DSC_0240.jpg\"><img loading=\"lazy\" decoding=\"async\" class=\"alignnone size-full wp-image-66671\" src=\"http:\/\/folhadosudeste.com\/site\/wp-content\/uploads\/2019\/09\/DSC_0240.jpg\" alt=\"\" width=\"670\" height=\"472\" srcset=\"http:\/\/folhadosudeste.com\/site\/wp-content\/uploads\/2019\/09\/DSC_0240.jpg 670w, http:\/\/folhadosudeste.com\/site\/wp-content\/uploads\/2019\/09\/DSC_0240-300x211.jpg 300w\" sizes=\"auto, (max-width: 670px) 100vw, 670px\" \/><\/a> <a href=\"http:\/\/folhadosudeste.com\/site\/wp-content\/uploads\/2019\/09\/DSC_0243.jpg\"><img loading=\"lazy\" decoding=\"async\" class=\"alignnone size-full wp-image-66672\" src=\"http:\/\/folhadosudeste.com\/site\/wp-content\/uploads\/2019\/09\/DSC_0243.jpg\" alt=\"\" width=\"736\" height=\"354\" srcset=\"http:\/\/folhadosudeste.com\/site\/wp-content\/uploads\/2019\/09\/DSC_0243.jpg 736w, http:\/\/folhadosudeste.com\/site\/wp-content\/uploads\/2019\/09\/DSC_0243-300x144.jpg 300w\" sizes=\"auto, (max-width: 736px) 100vw, 736px\" \/><\/a><\/p>\n","protected":false},"excerpt":{"rendered":"<p>A Comarca de Mira\u00ed ter\u00e1 novo F\u00f3rum e as obras do pr\u00e9dio que vai receber o nome de F\u00f3rum Ministro Ant\u00f4nio Martins Vilas Boas t\u00eam previs\u00e3o de in\u00edcio para novembro deste ano. O Secret\u00e1rio de Cultura e Turismo de Mira\u00ed, Marcos Paulo Albuini, informou que as obras devem ser conclu\u00eddas no prazo de um ano. [&hellip;]<\/p>\n","protected":false},"author":6,"featured_media":0,"comment_status":"open","ping_status":"closed","sticky":false,"template":"","format":"standard","meta":{"_joinchat":[],"footnotes":""},"categories":[1],"tags":[],"class_list":["post-66638","post","type-post","status-publish","format-standard","hentry","category-sem-categoria"],"_links":{"self":[{"href":"http:\/\/folhadosudeste.com\/site\/index.php?rest_route=\/wp\/v2\/posts\/66638","targetHints":{"allow":["GET"]}}],"collection":[{"href":"http:\/\/folhadosudeste.com\/site\/index.php?rest_route=\/wp\/v2\/posts"}],"about":[{"href":"http:\/\/folhadosudeste.com\/site\/index.php?rest_route=\/wp\/v2\/types\/post"}],"author":[{"embeddable":true,"href":"http:\/\/folhadosudeste.com\/site\/index.php?rest_route=\/wp\/v2\/users\/6"}],"replies":[{"embeddable":true,"href":"http:\/\/folhadosudeste.com\/site\/index.php?rest_route=%2Fwp%2Fv2%2Fcomments&post=66638"}],"version-history":[{"count":2,"href":"http:\/\/folhadosudeste.com\/site\/index.php?rest_route=\/wp\/v2\/posts\/66638\/revisions"}],"predecessor-version":[{"id":66675,"href":"http:\/\/folhadosudeste.com\/site\/index.php?rest_route=\/wp\/v2\/posts\/66638\/revisions\/66675"}],"wp:attachment":[{"href":"http:\/\/folhadosudeste.com\/site\/index.php?rest_route=%2Fwp%2Fv2%2Fmedia&parent=66638"}],"wp:term":[{"taxonomy":"category","embeddable":true,"href":"http:\/\/folhadosudeste.com\/site\/index.php?rest_route=%2Fwp%2Fv2%2Fcategories&post=66638"},{"taxonomy":"post_tag","embeddable":true,"href":"http:\/\/folhadosudeste.com\/site\/index.php?rest_route=%2Fwp%2Fv2%2Ftags&post=66638"}],"curies":[{"name":"wp","href":"https:\/\/api.w.org\/{rel}","templated":true}]}}