{"id":66715,"date":"2019-09-27T17:01:03","date_gmt":"2019-09-27T17:01:03","guid":{"rendered":"http:\/\/folhadosudeste.com\/site\/?p=66715"},"modified":"2019-09-27T17:01:03","modified_gmt":"2019-09-27T17:01:03","slug":"vereador-oswaldo-alves-felipe-o-sape-comemora-a-aquisicao-do-terreno-onde-sera-construida-a-nova-sede-do-forum-de-mirai","status":"publish","type":"post","link":"http:\/\/folhadosudeste.com\/site\/?p=66715","title":{"rendered":"Vereador Oswaldo Alves Felipe, o Sap\u00e9, comemora a aquisi\u00e7\u00e3o do terreno onde ser\u00e1 constru\u00edda a nova sede do F\u00f3rum de Mira\u00ed"},"content":{"rendered":"<p><a href=\"http:\/\/folhadosudeste.com\/site\/wp-content\/uploads\/2019\/09\/SAP\u00c9.jpg\"><img loading=\"lazy\" decoding=\"async\" class=\"alignnone size-full wp-image-66722\" src=\"http:\/\/folhadosudeste.com\/site\/wp-content\/uploads\/2019\/09\/SAP\u00c9.jpg\" alt=\"\" width=\"800\" height=\"530\" srcset=\"http:\/\/folhadosudeste.com\/site\/wp-content\/uploads\/2019\/09\/SAP\u00c9.jpg 800w, http:\/\/folhadosudeste.com\/site\/wp-content\/uploads\/2019\/09\/SAP\u00c9-300x199.jpg 300w, http:\/\/folhadosudeste.com\/site\/wp-content\/uploads\/2019\/09\/SAP\u00c9-768x509.jpg 768w, http:\/\/folhadosudeste.com\/site\/wp-content\/uploads\/2019\/09\/SAP\u00c9-120x80.jpg 120w, http:\/\/folhadosudeste.com\/site\/wp-content\/uploads\/2019\/09\/SAP\u00c9-345x230.jpg 345w, http:\/\/folhadosudeste.com\/site\/wp-content\/uploads\/2019\/09\/SAP\u00c9-590x390.jpg 590w\" sizes=\"auto, (max-width: 800px) 100vw, 800px\" \/><\/a><\/p>\n<p style=\"text-align: justify;\">O presidente da C\u00e2mara Municipal de Mira\u00ed no bi\u00eanio 2017\/ 2018, vereador Oswaldo Alves Felipe, o Sap\u00e9, \u00e9 o respons\u00e1vel pelo in\u00edcio das negocia\u00e7\u00f5es que culminaram na entrega pelo Tribunal de Justi\u00e7a de Minas Gerais do projeto do novo f\u00f3rum para a cidade. O espa\u00e7o da nova sede da comarca vai melhorar o atendimento a comunidade. Uma solenidade na tarde de segunda-feira, 23 de setembro de 2019, registrou a entrega oficial da proposta e contou com a presen\u00e7a do presidente do Tribunal de Justi\u00e7a de Minas Gerais (TJMG), Desembargador, Nelson Missias de Morais, que tamb\u00e9m recebeu o t\u00edtulo de Cidad\u00e3o Honor\u00e1rio de Mira\u00ed, e de outros desembargadores e autoridades da cidade e da regi\u00e3o.<\/p>\n<p style=\"text-align: justify;\">Visivelmente emocionado, Sap\u00e9, como prefere ser chamado, contou como foram os passos que culminaram para esta importante vit\u00f3ria da cidade. Ele afirma que quando assumiu a presid\u00eancia da C\u00e2mara havia reclama\u00e7\u00f5es e era vis\u00edvel o espa\u00e7o pequeno para as atividades parlamentares. Sabia que o pr\u00e9dio onde atualmente funciona o f\u00f3rum era de propriedade da C\u00e2mara Municipal. Ent\u00e3o resolveu pesquisar a situa\u00e7\u00e3o do im\u00f3vel. \u201cDescobri que em 1994, foi feito, pelo ent\u00e3o prefeito de Mira\u00ed, Jo\u00e3o Ant\u00f4nio Bilheiro, a doa\u00e7\u00e3o do pr\u00e9dio onde funcionava a C\u00e2mara Municipal para o F\u00f3rum, mas que o documento de doa\u00e7\u00e3o n\u00e3o foi homologado, nem o espa\u00e7o registrado em favor do TJMG, ent\u00e3o ainda pertencia ao Legislativo Municipal\u201d, explica.<\/p>\n<p style=\"text-align: justify;\">O vereador, ent\u00e3o, enviou of\u00edcio ao TJMG, solicitando o pagamento do aluguel do pr\u00e9dio, inclusive os retroativos, eles alegaram n\u00e3o ser poss\u00edvel e acenaram com a possibilidade de devolu\u00e7\u00e3o do im\u00f3vel. Sensibilizado com a situa\u00e7\u00e3o Sap\u00e9 conseguiu junto com a prefeitura a doa\u00e7\u00e3o de um terreno para que o F\u00f3rum tenha sede pr\u00f3pria (Lei n\u00ba 1.669\/2017), revogando a Lei anterior n\u00b0 1002 de 1994, votado, aprovado e sancionado por todos os vereadores da \u00e9poca, com a previs\u00e3o do Poder Judici\u00e1rio do Estado de Minas Gerais, de que as obras come\u00e7assem ainda em 2019. E foi o que aconteceu.<\/p>\n<p style=\"text-align: justify;\">\u201cRecebi um of\u00edcio do Tribunal de Justi\u00e7a do Estado de Minas Gerais dizendo que era imposs\u00edvel eles pagarem o aluguel de anos atr\u00e1s, mas liberando o f\u00f3rum, atrav\u00e9s do meu pedido. Revogamos a antiga lei de doa\u00e7\u00e3o. Ent\u00e3o gostaria de deixar esclarecido para a popula\u00e7\u00e3o de Mira\u00ed que o pr\u00e9dio da C\u00e2mara foi devolvido para o munic\u00edpio atrav\u00e9s desse vereador, porque nosso povo merece. Essa vit\u00f3ria eu consegui para a comunidade miraiense. Fiz um trabalho com compet\u00eancia, transpar\u00eancia, amor carinho e dedica\u00e7\u00e3o, sem olhar a quem. Isso \u00e9 o maior orgulho da minha vida\u201d, afirma Sap\u00e9.<\/p>\n<p style=\"text-align: justify;\">E continua. \u201cHoje a minha felicidade est\u00e1 completa e o sonho come\u00e7ou a se concretizar. O trabalho impec\u00e1vel do meu assessor jur\u00eddico tamb\u00e9m foi essencial para o in\u00edcio de todo o processo, por isso agrade\u00e7o de cora\u00e7\u00e3o ao advogado Dr. Jo\u00e3o Batista de Andrade. Agrade\u00e7o tamb\u00e9m ao Poder Judici\u00e1rio por ter reconhecido que n\u00f3s necessitamos do im\u00f3vel para o funcionamento da C\u00e2mara que ser\u00e1 futuramente instalada onde hoje funciona o F\u00f3rum. Eu me orgulho muito de ter feito parte desta decis\u00e3o.<\/p>\n<p style=\"text-align: justify;\">O vereador fez quest\u00e3o de dizer, que quem fez a doa\u00e7\u00e3o do terreno para o Estado foi o prefeito Luiz Fortuce, na \u00e9poca foi aprovado um projeto de loteamento pela empresa Papi T\u00eaxtil, onde o propriet\u00e1rio ent\u00e3o cumprindo com as exig\u00eancias da lei, liberou este espa\u00e7o que \u00e9 chamado de \u00c1rea Institucional para a constru\u00e7\u00e3o de qualquer \u00f3rg\u00e3o p\u00fablico, o qual a prefeitura negociou com a empresa respons\u00e1vel e doou para o Estado, que repassou o terreno para a constru\u00e7\u00e3o do pr\u00e9dio onde funcionar\u00e1 o F\u00f3rum de Mira\u00ed. Muito obrigado a todos os vereadores que aprovaram o projeto e revogaram a lei, e a que a m\u00e3o de Deus continue aben\u00e7oando a todos os miraienses,\u201d finaliza Oswaldo Alves Felipe, Sap\u00e9.<\/p>\n<p style=\"text-align: justify;\">Deixo a voc\u00eas o verso de Ataulfo Alves: \u2018perguntam porque sou triste, nos versos que escrevi. Sou triste porque cantando, n\u00e3o posso esquecer de ti Mira\u00ed.\u2019\u201d<\/p>\n<p><a href=\"http:\/\/folhadosudeste.com\/site\/wp-content\/uploads\/2019\/09\/DSC_0032.jpg\"><img loading=\"lazy\" decoding=\"async\" class=\"alignnone size-full wp-image-66724\" src=\"http:\/\/folhadosudeste.com\/site\/wp-content\/uploads\/2019\/09\/DSC_0032.jpg\" alt=\"\" width=\"800\" height=\"530\" srcset=\"http:\/\/folhadosudeste.com\/site\/wp-content\/uploads\/2019\/09\/DSC_0032.jpg 800w, http:\/\/folhadosudeste.com\/site\/wp-content\/uploads\/2019\/09\/DSC_0032-300x199.jpg 300w, http:\/\/folhadosudeste.com\/site\/wp-content\/uploads\/2019\/09\/DSC_0032-768x509.jpg 768w, http:\/\/folhadosudeste.com\/site\/wp-content\/uploads\/2019\/09\/DSC_0032-120x80.jpg 120w, http:\/\/folhadosudeste.com\/site\/wp-content\/uploads\/2019\/09\/DSC_0032-345x230.jpg 345w, http:\/\/folhadosudeste.com\/site\/wp-content\/uploads\/2019\/09\/DSC_0032-590x390.jpg 590w\" sizes=\"auto, (max-width: 800px) 100vw, 800px\" \/><\/a> <a href=\"http:\/\/folhadosudeste.com\/site\/wp-content\/uploads\/2019\/09\/DSC_0191.jpg\"><img loading=\"lazy\" decoding=\"async\" class=\"alignnone size-full wp-image-66725\" src=\"http:\/\/folhadosudeste.com\/site\/wp-content\/uploads\/2019\/09\/DSC_0191.jpg\" alt=\"\" width=\"800\" height=\"530\" srcset=\"http:\/\/folhadosudeste.com\/site\/wp-content\/uploads\/2019\/09\/DSC_0191.jpg 800w, http:\/\/folhadosudeste.com\/site\/wp-content\/uploads\/2019\/09\/DSC_0191-300x199.jpg 300w, http:\/\/folhadosudeste.com\/site\/wp-content\/uploads\/2019\/09\/DSC_0191-768x509.jpg 768w, http:\/\/folhadosudeste.com\/site\/wp-content\/uploads\/2019\/09\/DSC_0191-120x80.jpg 120w, http:\/\/folhadosudeste.com\/site\/wp-content\/uploads\/2019\/09\/DSC_0191-345x230.jpg 345w, http:\/\/folhadosudeste.com\/site\/wp-content\/uploads\/2019\/09\/DSC_0191-590x390.jpg 590w\" sizes=\"auto, (max-width: 800px) 100vw, 800px\" \/><\/a><\/p>\n<p><!--more--><\/p>\n<p><a href=\"http:\/\/folhadosudeste.com\/site\/wp-content\/uploads\/2019\/09\/DSC_0208.jpg\"><img loading=\"lazy\" decoding=\"async\" class=\"alignnone size-full wp-image-66726\" src=\"http:\/\/folhadosudeste.com\/site\/wp-content\/uploads\/2019\/09\/DSC_0208.jpg\" alt=\"\" width=\"800\" height=\"530\" srcset=\"http:\/\/folhadosudeste.com\/site\/wp-content\/uploads\/2019\/09\/DSC_0208.jpg 800w, http:\/\/folhadosudeste.com\/site\/wp-content\/uploads\/2019\/09\/DSC_0208-300x199.jpg 300w, http:\/\/folhadosudeste.com\/site\/wp-content\/uploads\/2019\/09\/DSC_0208-768x509.jpg 768w, http:\/\/folhadosudeste.com\/site\/wp-content\/uploads\/2019\/09\/DSC_0208-120x80.jpg 120w, http:\/\/folhadosudeste.com\/site\/wp-content\/uploads\/2019\/09\/DSC_0208-345x230.jpg 345w, http:\/\/folhadosudeste.com\/site\/wp-content\/uploads\/2019\/09\/DSC_0208-590x390.jpg 590w\" sizes=\"auto, (max-width: 800px) 100vw, 800px\" \/><\/a> <a href=\"http:\/\/folhadosudeste.com\/site\/wp-content\/uploads\/2019\/09\/DSC_0222.jpg\"><img loading=\"lazy\" decoding=\"async\" class=\"alignnone size-full wp-image-66727\" src=\"http:\/\/folhadosudeste.com\/site\/wp-content\/uploads\/2019\/09\/DSC_0222.jpg\" alt=\"\" width=\"800\" height=\"530\" srcset=\"http:\/\/folhadosudeste.com\/site\/wp-content\/uploads\/2019\/09\/DSC_0222.jpg 800w, http:\/\/folhadosudeste.com\/site\/wp-content\/uploads\/2019\/09\/DSC_0222-300x199.jpg 300w, http:\/\/folhadosudeste.com\/site\/wp-content\/uploads\/2019\/09\/DSC_0222-768x509.jpg 768w, http:\/\/folhadosudeste.com\/site\/wp-content\/uploads\/2019\/09\/DSC_0222-120x80.jpg 120w, http:\/\/folhadosudeste.com\/site\/wp-content\/uploads\/2019\/09\/DSC_0222-345x230.jpg 345w, http:\/\/folhadosudeste.com\/site\/wp-content\/uploads\/2019\/09\/DSC_0222-590x390.jpg 590w\" sizes=\"auto, (max-width: 800px) 100vw, 800px\" \/><\/a><\/p>\n","protected":false},"excerpt":{"rendered":"<p>O presidente da C\u00e2mara Municipal de Mira\u00ed no bi\u00eanio 2017\/ 2018, vereador Oswaldo Alves Felipe, o Sap\u00e9, \u00e9 o respons\u00e1vel pelo in\u00edcio das negocia\u00e7\u00f5es que culminaram na entrega pelo Tribunal de Justi\u00e7a de Minas Gerais do projeto do novo f\u00f3rum para a cidade. O espa\u00e7o da nova sede da comarca vai melhorar o atendimento a [&hellip;]<\/p>\n","protected":false},"author":6,"featured_media":0,"comment_status":"open","ping_status":"closed","sticky":false,"template":"","format":"standard","meta":{"_joinchat":[],"footnotes":""},"categories":[1],"tags":[],"class_list":["post-66715","post","type-post","status-publish","format-standard","hentry","category-sem-categoria"],"_links":{"self":[{"href":"http:\/\/folhadosudeste.com\/site\/index.php?rest_route=\/wp\/v2\/posts\/66715","targetHints":{"allow":["GET"]}}],"collection":[{"href":"http:\/\/folhadosudeste.com\/site\/index.php?rest_route=\/wp\/v2\/posts"}],"about":[{"href":"http:\/\/folhadosudeste.com\/site\/index.php?rest_route=\/wp\/v2\/types\/post"}],"author":[{"embeddable":true,"href":"http:\/\/folhadosudeste.com\/site\/index.php?rest_route=\/wp\/v2\/users\/6"}],"replies":[{"embeddable":true,"href":"http:\/\/folhadosudeste.com\/site\/index.php?rest_route=%2Fwp%2Fv2%2Fcomments&post=66715"}],"version-history":[{"count":1,"href":"http:\/\/folhadosudeste.com\/site\/index.php?rest_route=\/wp\/v2\/posts\/66715\/revisions"}],"predecessor-version":[{"id":66737,"href":"http:\/\/folhadosudeste.com\/site\/index.php?rest_route=\/wp\/v2\/posts\/66715\/revisions\/66737"}],"wp:attachment":[{"href":"http:\/\/folhadosudeste.com\/site\/index.php?rest_route=%2Fwp%2Fv2%2Fmedia&parent=66715"}],"wp:term":[{"taxonomy":"category","embeddable":true,"href":"http:\/\/folhadosudeste.com\/site\/index.php?rest_route=%2Fwp%2Fv2%2Fcategories&post=66715"},{"taxonomy":"post_tag","embeddable":true,"href":"http:\/\/folhadosudeste.com\/site\/index.php?rest_route=%2Fwp%2Fv2%2Ftags&post=66715"}],"curies":[{"name":"wp","href":"https:\/\/api.w.org\/{rel}","templated":true}]}}