{"id":66738,"date":"2019-09-27T17:03:06","date_gmt":"2019-09-27T17:03:06","guid":{"rendered":"http:\/\/folhadosudeste.com\/site\/?p=66738"},"modified":"2019-09-27T17:03:06","modified_gmt":"2019-09-27T17:03:06","slug":"semana-nacional-do-transito-encerra-atividades-premiando-motorista-nota-10-de-muriae","status":"publish","type":"post","link":"http:\/\/folhadosudeste.com\/site\/?p=66738","title":{"rendered":"Semana Nacional do Tr\u00e2nsito encerra atividades premiando \u201cMotorista Nota 10\u201d de Muria\u00e9"},"content":{"rendered":"<p><a href=\"http:\/\/folhadosudeste.com\/site\/wp-content\/uploads\/2019\/09\/DSC_0031-1.jpg\"><img loading=\"lazy\" decoding=\"async\" class=\"alignnone size-full wp-image-66743\" src=\"http:\/\/folhadosudeste.com\/site\/wp-content\/uploads\/2019\/09\/DSC_0031-1.jpg\" alt=\"\" width=\"800\" height=\"530\" srcset=\"http:\/\/folhadosudeste.com\/site\/wp-content\/uploads\/2019\/09\/DSC_0031-1.jpg 800w, http:\/\/folhadosudeste.com\/site\/wp-content\/uploads\/2019\/09\/DSC_0031-1-300x199.jpg 300w, http:\/\/folhadosudeste.com\/site\/wp-content\/uploads\/2019\/09\/DSC_0031-1-768x509.jpg 768w, http:\/\/folhadosudeste.com\/site\/wp-content\/uploads\/2019\/09\/DSC_0031-1-120x80.jpg 120w, http:\/\/folhadosudeste.com\/site\/wp-content\/uploads\/2019\/09\/DSC_0031-1-345x230.jpg 345w, http:\/\/folhadosudeste.com\/site\/wp-content\/uploads\/2019\/09\/DSC_0031-1-590x390.jpg 590w\" sizes=\"auto, (max-width: 800px) 100vw, 800px\" \/><\/a><\/p>\n<p style=\"text-align: justify;\">Demuttran &#8211; Departamento Municipal de Tr\u00e2nsito e Transportes de Muria\u00e9 premiou o \u201cMotorista Nota 10\u201d da cidade. A solenidade que aconteceu no Centro Cultural do Grande Hotel Muriahe, encerrou oficialmente a Semana Nacional do Tr\u00e2nsito que contou com extensa programa\u00e7\u00e3o na cidade entre os dias 19 e 26 de setembro. O objetivo da premia\u00e7\u00e3o \u00e9 reconhecer e valorizar o trabalho de motoristas profissionais que se destacaram no cumprimento de suas fun\u00e7\u00f5es em 2019.&nbsp;<\/p>\n<p style=\"text-align: justify;\">Foram premiados 22 condutores que atuam em empresas e entidades p\u00fablicas e privadas. Todos receberam um certificado e foram destacados por serem refer\u00eancias no tr\u00e2nsito, atuando de forma prudente e segura. O evento foi aberto com a fala do Diretor Geral do Demuttran, Ivanir Pimentel, que apresentou diversos projetos desenvolvidos pelo \u00f3rg\u00e3o nos \u00faltimos meses. \u201cEstamos investindo na melhoria da mobilidade urbana, por isso apostamos na fluidez e a seguran\u00e7a no tr\u00e2nsito. Estamos criando mais formas de acessibilidade e isso garante melhoria na qualidade de vida de toda a popula\u00e7\u00e3o.\u201d<\/p>\n<p style=\"text-align: justify;\">No Brasil foram registrados em 2018, 7.852 mortes por acidentes de tr\u00e2nsito, de acordo com levantamento do Minist\u00e9rio da Sa\u00fade, o que significou uma queda de 27% em rela\u00e7\u00e3o aos anos anteriores, o objetivo nacional \u00e9 chegar a 2020 com menos de 19 mil mortes por acidentes de tr\u00e2nsito. As informa\u00e7\u00f5es foram trazidas ao encontro pelo segundo palestrante da manh\u00e3, Tenente Melo, da Pol\u00edcia Militar. Ele \u00e9 respons\u00e1vel pela 96\u00aa Cia de Pol\u00edcia e uma de suas atribui\u00e7\u00f5es \u00e9 estar \u00e0 frente do Patrulhamento de Tr\u00e2nsito ele divulgou dados locais. \u201cEm Muria\u00e9 os acidentes tiveram uma queda de 13%, implantamos a\u00e7\u00f5es visando melhorar a qualidade do tr\u00e2nsito na cidade e isso reflete na melhoria na qualidade de vida de toda popula\u00e7\u00e3o.\u201d<\/p>\n<p style=\"text-align: justify;\">Douglas Cesso de Almeida Vieira, Biom\u00e9dico do Laborat\u00f3rio Santa L\u00facia, foi o terceiro palestrante do evento e apresentou esclarecimentos muito importante. Ele explicou como s\u00e3o realizados os exames toxicol\u00f3gicos e ressaltou a obrigatoriedade do teste para motoristas com habilita\u00e7\u00e3o nas categorias C, D e E. Ele ainda afirmou que depois da implanta\u00e7\u00e3o da obrigatoriedade do teste o \u00edndice de acidentes teve uma redu\u00e7\u00e3o de 30%. \u201cEstes exames s\u00e3o realizados a partir de um fio de cabelo, ou p\u00ealo do corpo e detecta drogas usadas em at\u00e9 90 dias antes da avalia\u00e7\u00e3o. Algumas subst\u00e2ncias detectadas s\u00e3o anfetamina, os conhecidos rebites, utilizados para tirar o sono, coca\u00edna, crack, maconha, \u00eaxtase e hero\u00edna al\u00e9m de outras drogas. Quem faz uso controlado de alguma dessas subst\u00e2ncias, precisa apresentar prescri\u00e7\u00e3o m\u00e9dica ao laborat\u00f3rio que ser\u00e1 anexada e enviada junto com o resultado.\u201d Os exames s\u00f3 s\u00e3o aceitos se foram feitos em laborat\u00f3rios credenciados pelo Denatran &#8211; Departamento Nacional de Tr\u00e2nsito, e o motorista pego na infra\u00e7\u00e3o \u00e9 reprovado e fica impossibilitado de dirigir por tr\u00eas meses.<\/p>\n<p style=\"text-align: justify;\">A programa\u00e7\u00e3o da Semana Nacional do Tr\u00e2nsito em Muria\u00e9 realizou a\u00e7\u00f5es educativas com a participa\u00e7\u00e3o de alunos da Escola S\u00e3o Paulo e da Escola Estadual Padre Maximino Benassati. Os membros do movimento ainda distribu\u00edram baf\u00f4metros descart\u00e1veis para que os motoristas possam fazer autotestes antes de dirigir, al\u00e9m de promoverem a\u00e7\u00f5es educativas na Pra\u00e7a Jo\u00e3o Pinheiro, como a \u201cTravessia Segura\u201d e participaram de entrevistas a diversos meios de comunica\u00e7\u00e3o da cidade informando sobre a import\u00e2ncia do tr\u00e2nsito seguro.&nbsp;<\/p>\n<p style=\"text-align: justify;\">O chefe do Departamento de Gest\u00e3o, An\u00e1lise e Estat\u00edstica de Tr\u00e2nsito do Demuttran, Jackson Fernandes, avaliou positivamente a campanha e falou sobre a import\u00e2ncia da entrega dos certificados. \u201cJ\u00e1 estamos na terceira edi\u00e7\u00e3o da entrega dos certificados e nosso objetivo \u00e9 motivar os motoristas para que tenham uma dire\u00e7\u00e3o segura no tr\u00e2nsito. Notificamos as empresas para elegerem seus representantes. Outra a\u00e7\u00e3o interessante foi a distribui\u00e7\u00e3o de baf\u00f4metros descart\u00e1veis que auxilia os motoristas e evitar dirigir depois de cometerem excessos. \u00c0s vezes a pessoa bebe num dia e no dia seguinte, apesar de estar se sentindo bem pode n\u00e3o estar apta a dirigir, ent\u00e3o o teste avisa, porque preven\u00e7\u00e3o \u00e9 tudo.\u201d<\/p>\n<p style=\"text-align: justify;\">A presidente do Lions Clube Muria\u00e9 Helen Keller, Wanderly Torres de Azevedo e as companheiras Rosa Maria Ramalho e Solange Nogueira fizeram quest\u00e3o de prestigiar o evento. Wanderly teceu muitos elogios \u00e0s atividades. \u201cFoi excelente a palestra, trouxe conhecimento de tudo que deve ser feito para uma dire\u00e7\u00e3o segura. O que mais me chamou aten\u00e7\u00e3o foi a quest\u00e3o da bebida, \u00e0s vezes as pessoas pensam que beberam num dia e podem dirigir no dia seguinte, \u00e9 preciso ficar atento. Deixamos nossos agradecimentos a todos que participaram e realizaram este encontro, que nos convidaram e dizer que estamos prontas para prestigiar sempre este tipo de evento.\u201d<\/p>\n<p><a href=\"http:\/\/folhadosudeste.com\/site\/wp-content\/uploads\/2019\/09\/DSC_0035-1.jpg\"><img loading=\"lazy\" decoding=\"async\" class=\"alignnone size-full wp-image-66746\" src=\"http:\/\/folhadosudeste.com\/site\/wp-content\/uploads\/2019\/09\/DSC_0035-1.jpg\" alt=\"\" width=\"800\" height=\"530\" srcset=\"http:\/\/folhadosudeste.com\/site\/wp-content\/uploads\/2019\/09\/DSC_0035-1.jpg 800w, http:\/\/folhadosudeste.com\/site\/wp-content\/uploads\/2019\/09\/DSC_0035-1-300x199.jpg 300w, http:\/\/folhadosudeste.com\/site\/wp-content\/uploads\/2019\/09\/DSC_0035-1-768x509.jpg 768w, http:\/\/folhadosudeste.com\/site\/wp-content\/uploads\/2019\/09\/DSC_0035-1-120x80.jpg 120w, http:\/\/folhadosudeste.com\/site\/wp-content\/uploads\/2019\/09\/DSC_0035-1-345x230.jpg 345w, http:\/\/folhadosudeste.com\/site\/wp-content\/uploads\/2019\/09\/DSC_0035-1-590x390.jpg 590w\" sizes=\"auto, (max-width: 800px) 100vw, 800px\" \/><\/a><\/p>\n<p><!--more--><\/p>\n<p><a href=\"http:\/\/folhadosudeste.com\/site\/wp-content\/uploads\/2019\/09\/DSC_0068-2.jpg\"><img loading=\"lazy\" decoding=\"async\" class=\"alignnone size-full wp-image-66748\" src=\"http:\/\/folhadosudeste.com\/site\/wp-content\/uploads\/2019\/09\/DSC_0068-2.jpg\" alt=\"\" width=\"800\" height=\"530\" srcset=\"http:\/\/folhadosudeste.com\/site\/wp-content\/uploads\/2019\/09\/DSC_0068-2.jpg 800w, http:\/\/folhadosudeste.com\/site\/wp-content\/uploads\/2019\/09\/DSC_0068-2-300x199.jpg 300w, http:\/\/folhadosudeste.com\/site\/wp-content\/uploads\/2019\/09\/DSC_0068-2-768x509.jpg 768w, http:\/\/folhadosudeste.com\/site\/wp-content\/uploads\/2019\/09\/DSC_0068-2-120x80.jpg 120w, http:\/\/folhadosudeste.com\/site\/wp-content\/uploads\/2019\/09\/DSC_0068-2-345x230.jpg 345w, http:\/\/folhadosudeste.com\/site\/wp-content\/uploads\/2019\/09\/DSC_0068-2-590x390.jpg 590w\" sizes=\"auto, (max-width: 800px) 100vw, 800px\" \/><\/a> <a href=\"http:\/\/folhadosudeste.com\/site\/wp-content\/uploads\/2019\/09\/LABORATORIO-SANTA-LUCIA.jpg\"><img loading=\"lazy\" decoding=\"async\" class=\"alignnone size-full wp-image-66750\" src=\"http:\/\/folhadosudeste.com\/site\/wp-content\/uploads\/2019\/09\/LABORATORIO-SANTA-LUCIA.jpg\" alt=\"\" width=\"800\" height=\"687\" srcset=\"http:\/\/folhadosudeste.com\/site\/wp-content\/uploads\/2019\/09\/LABORATORIO-SANTA-LUCIA.jpg 800w, http:\/\/folhadosudeste.com\/site\/wp-content\/uploads\/2019\/09\/LABORATORIO-SANTA-LUCIA-300x258.jpg 300w, http:\/\/folhadosudeste.com\/site\/wp-content\/uploads\/2019\/09\/LABORATORIO-SANTA-LUCIA-768x660.jpg 768w\" sizes=\"auto, (max-width: 800px) 100vw, 800px\" \/><\/a> <a href=\"http:\/\/folhadosudeste.com\/site\/wp-content\/uploads\/2019\/09\/LAURO-FERNANDES.jpg\"><img loading=\"lazy\" decoding=\"async\" class=\"alignnone size-full wp-image-66752\" src=\"http:\/\/folhadosudeste.com\/site\/wp-content\/uploads\/2019\/09\/LAURO-FERNANDES.jpg\" alt=\"\" width=\"800\" height=\"687\" srcset=\"http:\/\/folhadosudeste.com\/site\/wp-content\/uploads\/2019\/09\/LAURO-FERNANDES.jpg 800w, http:\/\/folhadosudeste.com\/site\/wp-content\/uploads\/2019\/09\/LAURO-FERNANDES-300x258.jpg 300w, http:\/\/folhadosudeste.com\/site\/wp-content\/uploads\/2019\/09\/LAURO-FERNANDES-768x660.jpg 768w\" sizes=\"auto, (max-width: 800px) 100vw, 800px\" \/><\/a> <a href=\"http:\/\/folhadosudeste.com\/site\/wp-content\/uploads\/2019\/09\/WILLIAM-MORAIS-DE-FREITAS.jpg\"><img loading=\"lazy\" decoding=\"async\" class=\"alignnone size-full wp-image-66754\" src=\"http:\/\/folhadosudeste.com\/site\/wp-content\/uploads\/2019\/09\/WILLIAM-MORAIS-DE-FREITAS.jpg\" alt=\"\" width=\"800\" height=\"687\" srcset=\"http:\/\/folhadosudeste.com\/site\/wp-content\/uploads\/2019\/09\/WILLIAM-MORAIS-DE-FREITAS.jpg 800w, http:\/\/folhadosudeste.com\/site\/wp-content\/uploads\/2019\/09\/WILLIAM-MORAIS-DE-FREITAS-300x258.jpg 300w, http:\/\/folhadosudeste.com\/site\/wp-content\/uploads\/2019\/09\/WILLIAM-MORAIS-DE-FREITAS-768x660.jpg 768w\" sizes=\"auto, (max-width: 800px) 100vw, 800px\" \/><\/a><\/p>\n","protected":false},"excerpt":{"rendered":"<p>Demuttran &#8211; Departamento Municipal de Tr\u00e2nsito e Transportes de Muria\u00e9 premiou o \u201cMotorista Nota 10\u201d da cidade. A solenidade que aconteceu no Centro Cultural do Grande Hotel Muriahe, encerrou oficialmente a Semana Nacional do Tr\u00e2nsito que contou com extensa programa\u00e7\u00e3o na cidade entre os dias 19 e 26 de setembro. O objetivo da premia\u00e7\u00e3o \u00e9 [&hellip;]<\/p>\n","protected":false},"author":6,"featured_media":0,"comment_status":"open","ping_status":"closed","sticky":false,"template":"","format":"standard","meta":{"_joinchat":[],"footnotes":""},"categories":[1],"tags":[],"class_list":["post-66738","post","type-post","status-publish","format-standard","hentry","category-sem-categoria"],"_links":{"self":[{"href":"http:\/\/folhadosudeste.com\/site\/index.php?rest_route=\/wp\/v2\/posts\/66738","targetHints":{"allow":["GET"]}}],"collection":[{"href":"http:\/\/folhadosudeste.com\/site\/index.php?rest_route=\/wp\/v2\/posts"}],"about":[{"href":"http:\/\/folhadosudeste.com\/site\/index.php?rest_route=\/wp\/v2\/types\/post"}],"author":[{"embeddable":true,"href":"http:\/\/folhadosudeste.com\/site\/index.php?rest_route=\/wp\/v2\/users\/6"}],"replies":[{"embeddable":true,"href":"http:\/\/folhadosudeste.com\/site\/index.php?rest_route=%2Fwp%2Fv2%2Fcomments&post=66738"}],"version-history":[{"count":1,"href":"http:\/\/folhadosudeste.com\/site\/index.php?rest_route=\/wp\/v2\/posts\/66738\/revisions"}],"predecessor-version":[{"id":66757,"href":"http:\/\/folhadosudeste.com\/site\/index.php?rest_route=\/wp\/v2\/posts\/66738\/revisions\/66757"}],"wp:attachment":[{"href":"http:\/\/folhadosudeste.com\/site\/index.php?rest_route=%2Fwp%2Fv2%2Fmedia&parent=66738"}],"wp:term":[{"taxonomy":"category","embeddable":true,"href":"http:\/\/folhadosudeste.com\/site\/index.php?rest_route=%2Fwp%2Fv2%2Fcategories&post=66738"},{"taxonomy":"post_tag","embeddable":true,"href":"http:\/\/folhadosudeste.com\/site\/index.php?rest_route=%2Fwp%2Fv2%2Ftags&post=66738"}],"curies":[{"name":"wp","href":"https:\/\/api.w.org\/{rel}","templated":true}]}}