{"id":66783,"date":"2019-09-27T17:16:37","date_gmt":"2019-09-27T17:16:37","guid":{"rendered":"http:\/\/folhadosudeste.com\/site\/?p=66783"},"modified":"2019-09-27T17:16:37","modified_gmt":"2019-09-27T17:16:37","slug":"folha-policial-da-semana-3","status":"publish","type":"post","link":"http:\/\/folhadosudeste.com\/site\/?p=66783","title":{"rendered":"FOLHA POLICIAL DA SEMANA"},"content":{"rendered":"<p><img decoding=\"async\" src=\"http:\/\/folhadosudeste.com\/site\/wp-content\/uploads\/2019\/06\/Viaturas-1.jpg\"><\/p>\n<p style=\"text-align: justify;\"><strong>Batida entre moto e carro deixa motociclista ferida<\/strong><\/p>\n<p style=\"text-align: justify;\">\nUma batida entre um Fox e uma motocicleta na tarde de ter\u00e7a-feira, 24, deixou uma motociclista ferida. O acidente aconteceu no per\u00edmetro urbano da BR 356, pr\u00f3ximo a entrada do bairro Padre Tiago. De acordo com informa\u00e7\u00f5es do Corpo de Bombeiros, a motorista do Fox n\u00e3o percebeu a aproxima\u00e7\u00e3o da motocicleta ao atravessar a via para acessar um posto de combust\u00edvel. A motociclista socorrida pelo SAMU e encaminhada ao Hospital S\u00e3o Paulo, para atendimento. A Pol\u00edcia Rodovi\u00e1ria Federal esteve no local, assumiu a ocorr\u00eancia e controlou o tr\u00e2nsito que ficou parcialmente interditado. A motorista do carro n\u00e3o teve ferimentos.<\/p>\n<p>&nbsp;<\/p>\n<p style=\"text-align: justify;\"><strong>Preso no Esp\u00edrito Santo \u201cpatr\u00e3o do tr\u00e1fico\u201d de Carangola<\/strong><\/p>\n<p style=\"text-align: justify;\">\nA Pol\u00edcia Militar de Carangola na ter\u00e7a-feira, 22 a pris\u00e3o do homem que seria o \u201cpatr\u00e3o do tr\u00e1fico\u201d de Carangola. O respons\u00e1vel por colocar na cidade a maior quantidade de drogas j\u00e1 apreendida na cidade, 350 kg de maconha, foi encontrado na zona rural de Patrim\u00f4nio da Penha, interior do estado do Esp\u00edrito Santo. A Pol\u00edcia Militar de Carangola enviou informe aos meios de comunica\u00e7\u00e3o com a seguinte informa\u00e7\u00e3o. \u201cAp\u00f3s intensas buscas, a Pol\u00edcia Militar de Carangola e a Ag\u00eancia de Intelig\u00eancia da Pol\u00edcia Militar do Estado do Esp\u00edrito Santo conseguiram prender o procurado na zona rural do distrito de Patrim\u00f4nio da Penha-ES. Foi cumprido um Mandado de Pris\u00e3o expedido pela Justi\u00e7a de Carangola, pois o autor estava foragido da cidade desde o dia da apreens\u00e3o da droga e pris\u00e3o de seus colaboradores. Mais uma vez a Pol\u00edcia Militar agradece a todos que colaboraram com as den\u00fancias an\u00f4nimas via 181. Nesta opera\u00e7\u00e3o foram presas sete pessoas ligadas ao tr\u00e1fico de drogas.\u201d A Pol\u00edcia Civil segue investigando onde a droga foi comprada e para quais os lugares os entorpecentes seriam distribu\u00eddos. O acusado foi levado para a Delegacia Regional de Alegre -ES e encaminhado para o Centro de Deten\u00e7\u00e3o de Cachoeiro do Itapemirim. Se condenado, poder\u00e1 ser transferido para o Pres\u00eddio de Carangola.<\/p>\n<p>&nbsp;<\/p>\n<p style=\"text-align: justify;\"><strong>Acidente da BR 116 deixa um morto e quatro feridos<\/strong><\/p>\n<p style=\"text-align: justify;\">\nUm acidente no KM 781 da BR 116, pr\u00f3ximo a Leopoldina resultou na morte de um homem de 67 anos e deixou outras quatro pessoas feridas. O fato aconteceu na manh\u00e3 de quarta-feira, 25, pr\u00f3ximo ao local conhecido como Bica D&#8217;\u00e1gua. De acordo com informa\u00e7\u00f5es da Pol\u00edcia Rodovi\u00e1ria Federal, chovia no momento do acidente. Os patrulheiros ainda n\u00e3o sabem as causas nem divulgaram a din\u00e2mica do acidente que precisa de per\u00edcia para ser esclarecida. O que sabe \u00e9 que um VW\/Gol, com placas de Al\u00e9m Para\u00edba e um Fiat Dobl\u00f4, com placas de Juiz de Fora, colidiram na altura do Km 781. O Dobl\u00f4 seguia sentido Al\u00e9m Para\u00edba com um ocupante e o Gol sentido Leopoldina com quatro pessoas, uma delas a v\u00edtima de 67 anos. Militares do Corpo de Bombeiros de Leopoldina e tr\u00eas equipes do SAMU trabalharam no socorro \u00e0s v\u00edtimas que foram levadas para o Pronto-Socorro Municipal da Casa de Caridade Leopoldinense. Um dos ocupantes do Gol ficou preso nas ferragens e precisou ser retirado, pelos Bombeiros, com a utiliza\u00e7\u00e3o de um desencarcerador. A pista ficou interditada durante o resgate das v\u00edtimas e a PRF que assumiu a ocorr\u00eancia do acidente tamb\u00e9m fez o controle do tr\u00e1fego. A per\u00edcia T\u00e9cnica da Pol\u00edcia Civil verifica as causas do acidente.<\/p>\n<p style=\"text-align: justify;\">Menor apreendido com drogas no Santa Terezinha<\/p>\n<p style=\"text-align: justify;\">\nUm garoto menor, que n\u00e3o teve a idade divulgada, foi apreendido na noite de quarta-feira, 26, na Rua Miradouro no bairro Santa Terezinha. De acordo com o Boletim de Ocorr\u00eancias da PM, durante um patrulhamento de rotina, os policiais perceberam que o garoto apresentava atitude suspeita e durante revista encontraram um tablete de maconha. O menor foi encaminhado para a Delegacia do Safira acompanhado da m\u00e3e dele. Ele foi ouvido e liberado em seguida. A maconha foi apreendida.<\/p>\n<p>&nbsp;<\/p>\n<p style=\"text-align: justify;\"><strong>Um homem \u00e9 preso em \u00f4nibus transportando drogas do Rio de Janeiro para Muria\u00e9<\/strong><\/p>\n<p style=\"text-align: justify;\">Um homem de 29 anos foi preso em flagrante na quarta-feira, 25, transportando drogas dentro de um \u00f4nibus que seguia do Rio de Janeiro para Muria\u00e9. A pris\u00e3o foi realizada por policiais civis da 3\u00aa Delegacia Regional da Pol\u00edcia Civil de Leopoldina. O rapaz carregava 280 pinos de coca\u00edna com os dizeres \u201cVera Fischer\u201d, que foram apreendidos. Os policiais receberam den\u00fancias e abordaram o ve\u00edculo na altura do Km 768 da rodovia BR-116, em Leopoldina. Ao entrar no \u00f4nibus o suspeito se assustou e tremia muito, e acabou sendo abordado de imediato. A droga foi encontrada quando os policiais fizeram buscas na mochila do rapaz que estava no bagageiro acima de sua poltrona. Nela havia caixas de leite que continham os pinos de coca\u00edna. O homem foi preso e conduzido para a Delegacia de Pol\u00edcia Civil de Leopoldina.<\/p>\n","protected":false},"excerpt":{"rendered":"<p>Batida entre moto e carro deixa motociclista ferida Uma batida entre um Fox e uma motocicleta na tarde de ter\u00e7a-feira, 24, deixou uma motociclista ferida. O acidente aconteceu no per\u00edmetro urbano da BR 356, pr\u00f3ximo a entrada do bairro Padre Tiago. De acordo com informa\u00e7\u00f5es do Corpo de Bombeiros, a motorista do Fox n\u00e3o percebeu [&hellip;]<\/p>\n","protected":false},"author":6,"featured_media":0,"comment_status":"open","ping_status":"closed","sticky":false,"template":"","format":"standard","meta":{"_joinchat":[],"footnotes":""},"categories":[1],"tags":[],"class_list":["post-66783","post","type-post","status-publish","format-standard","hentry","category-sem-categoria"],"_links":{"self":[{"href":"http:\/\/folhadosudeste.com\/site\/index.php?rest_route=\/wp\/v2\/posts\/66783","targetHints":{"allow":["GET"]}}],"collection":[{"href":"http:\/\/folhadosudeste.com\/site\/index.php?rest_route=\/wp\/v2\/posts"}],"about":[{"href":"http:\/\/folhadosudeste.com\/site\/index.php?rest_route=\/wp\/v2\/types\/post"}],"author":[{"embeddable":true,"href":"http:\/\/folhadosudeste.com\/site\/index.php?rest_route=\/wp\/v2\/users\/6"}],"replies":[{"embeddable":true,"href":"http:\/\/folhadosudeste.com\/site\/index.php?rest_route=%2Fwp%2Fv2%2Fcomments&post=66783"}],"version-history":[{"count":1,"href":"http:\/\/folhadosudeste.com\/site\/index.php?rest_route=\/wp\/v2\/posts\/66783\/revisions"}],"predecessor-version":[{"id":66784,"href":"http:\/\/folhadosudeste.com\/site\/index.php?rest_route=\/wp\/v2\/posts\/66783\/revisions\/66784"}],"wp:attachment":[{"href":"http:\/\/folhadosudeste.com\/site\/index.php?rest_route=%2Fwp%2Fv2%2Fmedia&parent=66783"}],"wp:term":[{"taxonomy":"category","embeddable":true,"href":"http:\/\/folhadosudeste.com\/site\/index.php?rest_route=%2Fwp%2Fv2%2Fcategories&post=66783"},{"taxonomy":"post_tag","embeddable":true,"href":"http:\/\/folhadosudeste.com\/site\/index.php?rest_route=%2Fwp%2Fv2%2Ftags&post=66783"}],"curies":[{"name":"wp","href":"https:\/\/api.w.org\/{rel}","templated":true}]}}