{"id":66940,"date":"2019-10-02T13:53:36","date_gmt":"2019-10-02T13:53:36","guid":{"rendered":"http:\/\/folhadosudeste.com\/site\/?p=66940"},"modified":"2019-10-02T13:53:36","modified_gmt":"2019-10-02T13:53:36","slug":"palestra-da-inicio-as-comemoracoes-da-semana-do-idoso-em-muriae","status":"publish","type":"post","link":"http:\/\/folhadosudeste.com\/site\/?p=66940","title":{"rendered":"Palestra d\u00e1 in\u00edcio \u00e0s comemora\u00e7\u00f5es da Semana do Idoso em Muria\u00e9"},"content":{"rendered":"<p><a href=\"http:\/\/folhadosudeste.com\/site\/wp-content\/uploads\/2019\/10\/DSC_1631.jpg\"><img loading=\"lazy\" decoding=\"async\" class=\"alignnone wp-image-66941 size-large\" src=\"http:\/\/folhadosudeste.com\/site\/wp-content\/uploads\/2019\/10\/DSC_1631-1024x673.jpg\" alt=\"\" width=\"800\" height=\"526\" srcset=\"http:\/\/folhadosudeste.com\/site\/wp-content\/uploads\/2019\/10\/DSC_1631-1024x673.jpg 1024w, http:\/\/folhadosudeste.com\/site\/wp-content\/uploads\/2019\/10\/DSC_1631-300x197.jpg 300w, http:\/\/folhadosudeste.com\/site\/wp-content\/uploads\/2019\/10\/DSC_1631-768x505.jpg 768w, http:\/\/folhadosudeste.com\/site\/wp-content\/uploads\/2019\/10\/DSC_1631-120x80.jpg 120w, http:\/\/folhadosudeste.com\/site\/wp-content\/uploads\/2019\/10\/DSC_1631.jpg 1500w\" sizes=\"auto, (max-width: 800px) 100vw, 800px\" \/><\/a>&nbsp;&nbsp;&nbsp;&nbsp;&nbsp;&nbsp;<\/p>\n<p style=\"text-align: justify;\"><i>Programa\u00e7\u00e3o prossegue at\u00e9 sexta-feira (4) no Centro do Idoso e nos CRAS da cidade<u><\/u><u><\/u><\/i><\/p>\n<p style=\"text-align: justify;\"><u><\/u>&nbsp;<u><\/u>A Semana do Idoso em Muria\u00e9 teve in\u00edcio na tarde de ter\u00e7a-feira (1\u00ba), com palestra que abordou sobre os direitos da pessoa acima de 60 anos. O conte\u00fado foi ministrado pelo delegado de Pol\u00edcia Civil Rangel Martino para os integrantes do Centro de Conviv\u00eancia para Idosos, o CCI.<u><\/u><u><\/u><\/p>\n<p style=\"text-align: justify;\"><u><\/u>&nbsp;<u><\/u>A programa\u00e7\u00e3o do dia incluiu ainda apresenta\u00e7\u00e3o do coral das idosas e um momento de ora\u00e7\u00e3o em agradecimento pela vida com Marcos Caetano.<u><\/u><u><\/u><\/p>\n<p style=\"text-align: justify;\"><u><\/u>&nbsp;<u><\/u>As atividades organizadas pela Prefeitura, atrav\u00e9s da Secretaria Municipal de Desenvolvimento Social, prosseguem at\u00e9 a pr\u00f3xima sexta-feira (4). Neste dia, acontecer\u00e1 a vernissage, com exposi\u00e7\u00e3o, a partir das 18h30min, de trabalhos realizados durante a oficina de pintura. Durante a semana acontecem ainda apresenta\u00e7\u00f5es musicais, de capoeira, de dan\u00e7a e da turma de alfabetiza\u00e7\u00e3o.<u><\/u><u><\/u><\/p>\n<p style=\"text-align: justify;\"><u><\/u>&nbsp;<u><\/u>\u201cTudo o que \u00e9 feito, \u00e9 feito \u00fanica e exclusivamente para os nossos idosos com muito carinho. Queremos que nossos idosos tenham qualidade de vida, e \u00e9 isso que buscamos a cada dia promover com nossas a\u00e7\u00f5es e projetos\u201d, afirma o prefeito Grego.<u><\/u><u><\/u><\/p>\n<p style=\"text-align: justify;\"><u><\/u>&nbsp;<u><\/u>Al\u00e9m do CCI, os Centros de Conviv\u00eancia da Assist\u00eancia Social (CRAS) tamb\u00e9m est\u00e3o realizando a\u00e7\u00f5es voltadas para os idosos.&nbsp;&nbsp;<u><\/u><u><\/u><\/p>\n<p style=\"text-align: justify;\"><u><\/u>&nbsp;<u><\/u>A Semana do Idoso em Muria\u00e9 acontece em comemora\u00e7\u00e3o ao Dia Internacional do Idoso, celebrado em 1\u00ba de outubro.<u><\/u><u><\/u><\/p>\n<p style=\"text-align: justify;\"><u><\/u>&nbsp;<u><\/u><b>Confira abaixo a programa\u00e7\u00e3o completa:<u><\/u><u><\/u><\/b><\/p>\n<p style=\"text-align: justify;\"><strong>\u2013 Quarta-feira (2), \u00e0s 14h:<\/strong><u><\/u><u><\/u><\/p>\n<p style=\"text-align: justify;\">Apresenta\u00e7\u00e3o da oficina de capoeira<u><\/u><u><\/u><\/p>\n<p style=\"text-align: justify;\">Apresenta\u00e7\u00e3o da oficina de dan\u00e7a<u><\/u><u><\/u><\/p>\n<p style=\"text-align: justify;\">Apresenta\u00e7\u00e3o do Grupo de Dan\u00e7a Edson Perotti<u><\/u><u><\/u><\/p>\n<p style=\"text-align: justify;\"><u><\/u>&nbsp;<u><\/u><strong>\u2013 Quinta-feira (3), \u00e0s 14h:<\/strong><u><\/u><u><\/u><\/p>\n<p style=\"text-align: justify;\">Apresenta\u00e7\u00e3o do coral<u><\/u><u><\/u><\/p>\n<p style=\"text-align: justify;\">Apresenta\u00e7\u00e3o da turma da alfabetiza\u00e7\u00e3o<u><\/u><u><\/u><\/p>\n<p style=\"text-align: justify;\">Forr\u00f3 com Toinzim do Acordeon e Vin\u00edcius Dias<u><\/u><u><\/u><\/p>\n<p style=\"text-align: justify;\"><u><\/u>&nbsp;<u><\/u><strong>\u2013 Sexta-feira (4), \u00e0s 18h30min:<\/strong><u><\/u><u><\/u><\/p>\n<p style=\"text-align: justify;\">Vernissage<\/p>\n<p><a href=\"http:\/\/folhadosudeste.com\/site\/wp-content\/uploads\/2019\/10\/DSC_1670.jpg\"><img loading=\"lazy\" decoding=\"async\" class=\"alignnone wp-image-66945 size-large\" src=\"http:\/\/folhadosudeste.com\/site\/wp-content\/uploads\/2019\/10\/DSC_1670-1024x687.jpg\" alt=\"\" width=\"800\" height=\"537\" srcset=\"http:\/\/folhadosudeste.com\/site\/wp-content\/uploads\/2019\/10\/DSC_1670-1024x687.jpg 1024w, http:\/\/folhadosudeste.com\/site\/wp-content\/uploads\/2019\/10\/DSC_1670-300x201.jpg 300w, http:\/\/folhadosudeste.com\/site\/wp-content\/uploads\/2019\/10\/DSC_1670-768x515.jpg 768w, http:\/\/folhadosudeste.com\/site\/wp-content\/uploads\/2019\/10\/DSC_1670-120x80.jpg 120w, http:\/\/folhadosudeste.com\/site\/wp-content\/uploads\/2019\/10\/DSC_1670.jpg 1500w\" sizes=\"auto, (max-width: 800px) 100vw, 800px\" \/><\/a><\/p>\n<p><!--more--><\/p>\n<p><a href=\"http:\/\/folhadosudeste.com\/site\/wp-content\/uploads\/2019\/10\/DSC_1666.jpg\"><img loading=\"lazy\" decoding=\"async\" class=\"alignnone wp-image-66944 size-large\" src=\"http:\/\/folhadosudeste.com\/site\/wp-content\/uploads\/2019\/10\/DSC_1666-1024x673.jpg\" alt=\"\" width=\"800\" height=\"526\" srcset=\"http:\/\/folhadosudeste.com\/site\/wp-content\/uploads\/2019\/10\/DSC_1666-1024x673.jpg 1024w, http:\/\/folhadosudeste.com\/site\/wp-content\/uploads\/2019\/10\/DSC_1666-300x197.jpg 300w, http:\/\/folhadosudeste.com\/site\/wp-content\/uploads\/2019\/10\/DSC_1666-768x505.jpg 768w, http:\/\/folhadosudeste.com\/site\/wp-content\/uploads\/2019\/10\/DSC_1666-120x80.jpg 120w, http:\/\/folhadosudeste.com\/site\/wp-content\/uploads\/2019\/10\/DSC_1666.jpg 1500w\" sizes=\"auto, (max-width: 800px) 100vw, 800px\" \/><\/a> <a href=\"http:\/\/folhadosudeste.com\/site\/wp-content\/uploads\/2019\/10\/DSC_1650.jpg\"><img loading=\"lazy\" decoding=\"async\" class=\"alignnone wp-image-66943 size-large\" src=\"http:\/\/folhadosudeste.com\/site\/wp-content\/uploads\/2019\/10\/DSC_1650-1024x730.jpg\" alt=\"\" width=\"800\" height=\"570\" srcset=\"http:\/\/folhadosudeste.com\/site\/wp-content\/uploads\/2019\/10\/DSC_1650-1024x730.jpg 1024w, http:\/\/folhadosudeste.com\/site\/wp-content\/uploads\/2019\/10\/DSC_1650-300x214.jpg 300w, http:\/\/folhadosudeste.com\/site\/wp-content\/uploads\/2019\/10\/DSC_1650-768x547.jpg 768w, http:\/\/folhadosudeste.com\/site\/wp-content\/uploads\/2019\/10\/DSC_1650.jpg 1500w\" sizes=\"auto, (max-width: 800px) 100vw, 800px\" \/><\/a> <a href=\"http:\/\/folhadosudeste.com\/site\/wp-content\/uploads\/2019\/10\/DSC_1643.jpg\"><img loading=\"lazy\" decoding=\"async\" class=\"alignnone wp-image-66942 size-large\" src=\"http:\/\/folhadosudeste.com\/site\/wp-content\/uploads\/2019\/10\/DSC_1643-1024x689.jpg\" alt=\"\" width=\"800\" height=\"538\" srcset=\"http:\/\/folhadosudeste.com\/site\/wp-content\/uploads\/2019\/10\/DSC_1643-1024x689.jpg 1024w, http:\/\/folhadosudeste.com\/site\/wp-content\/uploads\/2019\/10\/DSC_1643-300x202.jpg 300w, http:\/\/folhadosudeste.com\/site\/wp-content\/uploads\/2019\/10\/DSC_1643-768x517.jpg 768w, http:\/\/folhadosudeste.com\/site\/wp-content\/uploads\/2019\/10\/DSC_1643-120x80.jpg 120w, http:\/\/folhadosudeste.com\/site\/wp-content\/uploads\/2019\/10\/DSC_1643.jpg 1500w\" sizes=\"auto, (max-width: 800px) 100vw, 800px\" \/><\/a><\/p>\n","protected":false},"excerpt":{"rendered":"<p>&nbsp;&nbsp;&nbsp;&nbsp;&nbsp;&nbsp; Programa\u00e7\u00e3o prossegue at\u00e9 sexta-feira (4) no Centro do Idoso e nos CRAS da cidade &nbsp;A Semana do Idoso em Muria\u00e9 teve in\u00edcio na tarde de ter\u00e7a-feira (1\u00ba), com palestra que abordou sobre os direitos da pessoa acima de 60 anos. O conte\u00fado foi ministrado pelo delegado de Pol\u00edcia Civil Rangel Martino para os integrantes [&hellip;]<\/p>\n","protected":false},"author":6,"featured_media":0,"comment_status":"open","ping_status":"closed","sticky":false,"template":"","format":"standard","meta":{"_joinchat":[],"footnotes":""},"categories":[1],"tags":[],"class_list":["post-66940","post","type-post","status-publish","format-standard","hentry","category-sem-categoria"],"_links":{"self":[{"href":"http:\/\/folhadosudeste.com\/site\/index.php?rest_route=\/wp\/v2\/posts\/66940","targetHints":{"allow":["GET"]}}],"collection":[{"href":"http:\/\/folhadosudeste.com\/site\/index.php?rest_route=\/wp\/v2\/posts"}],"about":[{"href":"http:\/\/folhadosudeste.com\/site\/index.php?rest_route=\/wp\/v2\/types\/post"}],"author":[{"embeddable":true,"href":"http:\/\/folhadosudeste.com\/site\/index.php?rest_route=\/wp\/v2\/users\/6"}],"replies":[{"embeddable":true,"href":"http:\/\/folhadosudeste.com\/site\/index.php?rest_route=%2Fwp%2Fv2%2Fcomments&post=66940"}],"version-history":[{"count":1,"href":"http:\/\/folhadosudeste.com\/site\/index.php?rest_route=\/wp\/v2\/posts\/66940\/revisions"}],"predecessor-version":[{"id":66946,"href":"http:\/\/folhadosudeste.com\/site\/index.php?rest_route=\/wp\/v2\/posts\/66940\/revisions\/66946"}],"wp:attachment":[{"href":"http:\/\/folhadosudeste.com\/site\/index.php?rest_route=%2Fwp%2Fv2%2Fmedia&parent=66940"}],"wp:term":[{"taxonomy":"category","embeddable":true,"href":"http:\/\/folhadosudeste.com\/site\/index.php?rest_route=%2Fwp%2Fv2%2Fcategories&post=66940"},{"taxonomy":"post_tag","embeddable":true,"href":"http:\/\/folhadosudeste.com\/site\/index.php?rest_route=%2Fwp%2Fv2%2Ftags&post=66940"}],"curies":[{"name":"wp","href":"https:\/\/api.w.org\/{rel}","templated":true}]}}