{"id":66962,"date":"2019-10-04T13:07:23","date_gmt":"2019-10-04T13:07:23","guid":{"rendered":"http:\/\/folhadosudeste.com\/site\/?p=66962"},"modified":"2019-10-04T13:07:23","modified_gmt":"2019-10-04T13:07:23","slug":"feirantes-e-prefeitura-definem-novo-local-para-realizacao-da-feira-enquanto-mercado-do-produtor-e-reformado","status":"publish","type":"post","link":"http:\/\/folhadosudeste.com\/site\/?p=66962","title":{"rendered":"Feirantes e prefeitura definem novo local para realiza\u00e7\u00e3o da feira enquanto Mercado do Produtor \u00e9 reformado"},"content":{"rendered":"<p><a href=\"http:\/\/folhadosudeste.com\/site\/wp-content\/uploads\/2019\/10\/DSC_0004.jpg\"><img loading=\"lazy\" decoding=\"async\" class=\"alignnone size-full wp-image-66964\" src=\"http:\/\/folhadosudeste.com\/site\/wp-content\/uploads\/2019\/10\/DSC_0004.jpg\" alt=\"\" width=\"800\" height=\"530\" srcset=\"http:\/\/folhadosudeste.com\/site\/wp-content\/uploads\/2019\/10\/DSC_0004.jpg 800w, http:\/\/folhadosudeste.com\/site\/wp-content\/uploads\/2019\/10\/DSC_0004-300x199.jpg 300w, http:\/\/folhadosudeste.com\/site\/wp-content\/uploads\/2019\/10\/DSC_0004-768x509.jpg 768w, http:\/\/folhadosudeste.com\/site\/wp-content\/uploads\/2019\/10\/DSC_0004-120x80.jpg 120w, http:\/\/folhadosudeste.com\/site\/wp-content\/uploads\/2019\/10\/DSC_0004-345x230.jpg 345w, http:\/\/folhadosudeste.com\/site\/wp-content\/uploads\/2019\/10\/DSC_0004-590x390.jpg 590w\" sizes=\"auto, (max-width: 800px) 100vw, 800px\" \/><\/a><\/p>\n<p style=\"text-align: justify;\">A feira livre das quartas-feiras e s\u00e1bados que acontece no Mercado do Produtor passar\u00e1 suas atividades para o in\u00edcio da Avenida JK, em breve, pr\u00f3ximo ao bairro do Porto e seguir\u00e1 at\u00e9 as proximidades da confec\u00e7\u00e3o Paulienne, A informa\u00e7\u00e3o \u00e9 do produtor rural e Presidente da Associa\u00e7\u00e3o dos Feirantes de Muria\u00e9 e Regi\u00e3o, M\u00e1rio Vaz Lorete. Ele divulgou a informa\u00e7\u00e3o logo ap\u00f3s uma reuni\u00e3o entre representantes da categoria e o Prefeito Grego, na tarde de quinta-feira, 3 de outubro.<\/p>\n<p style=\"text-align: justify;\">\u201cA feira ter\u00e1 uma modifica\u00e7\u00e3o, vamos nos mudar e come\u00e7ar a trabalhar na entrada da Av. JK para que possa ser constru\u00eddo um novo barrac\u00e3o para a feira. N\u00e3o vai atrapalhar o tr\u00e2nsito e os \u00f4nibus, que n\u00e3o perder\u00e3o nenhum ponto, tudo foi feito de acordo. N\u00e3o \u00e9 um espa\u00e7o que d\u00ea muita conta para a feira, mas foi o melhor que encontramos. N\u00e3o sabemos a data ainda, mas as obras devem come\u00e7ar em 30 ou 60 dias. Vamos esperar que o barrac\u00e3o seja constru\u00eddo, porque j\u00e1 est\u00e1 tudo documentado. Os feirantes reclamam que o espa\u00e7o atual \u00e9 muito prec\u00e1rio, falta uma cozinha e banheiros novos e n\u00f3s tamb\u00e9m queremos ter \u00e1gua em cada um dos boxes. A promessa do prefeito \u00e9 que de l\u00e1 saia uma obra muito boa\u201d, afirma Lorete.<\/p>\n<p style=\"text-align: justify;\">Ele ainda explica que cada feirante ter\u00e1 seu espa\u00e7o individualizado e que ser\u00e1 colocado um port\u00e3o no estacionamento, para que s\u00f3 os clientes possam us\u00e1-lo. A estimativa do Sr. M\u00e1rio \u00e9 que as obras sejam conclu\u00eddas, no m\u00e1ximo, at\u00e9 fevereiro de 2020. A feira de domingo continua no mesmo local, atr\u00e1s do Sales. A Associa\u00e7\u00e3o dos Feirantes conta com 240 produtores que v\u00eam de 12 localidades como: Belis\u00e1rio, Ros\u00e1rio da Limeira, S\u00e3o Jo\u00e3o do Gl\u00f3ria, \u00c1gua Limpa do Pont\u00e3o, Vi\u00e7osa, Eugen\u00f3polis, Patroc\u00ednio do Muria\u00e9, Mata dos Pena e diversos outros locais. As mercadorias abastecem 14 cidades, conforme informa\u00e7\u00f5es de M\u00e1rio Lorete.<\/p>\n<p style=\"text-align: justify;\">&nbsp;<\/p>\n<p style=\"text-align: justify;\">No dia 30 de setembro a Prefeitura de Muria\u00e9 divulgou nota oficial informando sobre a reforma no Mercado do Produtor. Veja na \u00edntegra o que diz o texto.<\/p>\n<p style=\"text-align: justify;\">&nbsp;<\/p>\n<p style=\"text-align: justify;\"><strong>NOTA OFICIAL DA PREFEITURA DE MURIA\u00c9 SOBRE REFORMA DO MERCADO DO PRODUTOR <\/strong><\/p>\n<p style=\"text-align: justify;\">&nbsp;<\/p>\n<p style=\"text-align: justify;\">Obras visam proporcionar mais conforto para os feirantes e oferecer melhor estrutura e atendimento aos consumidores. A Prefeitura de Muria\u00e9, por meio da Secretaria Municipal de Agricultura, comunica que o galp\u00e3o do Mercado do Produtor, localizado no Centro da cidade, passar\u00e1 por reformas. As obras visam proporcionar mais conforto para os feirantes e oferecer melhor estrutura e atendimento aos consumidores. Durante o per\u00edodo em que a obra estiver sendo executada, a feira, como \u00e9 popularmente conhecida, ser\u00e1 transferida temporariamente para outro endere\u00e7o. Este espa\u00e7o tempor\u00e1rio ser\u00e1 escolhido pelos pr\u00f3prios feirantes. Tal medida se faz necess\u00e1ria devido \u00e0 impossibilidade de se fazer as interven\u00e7\u00f5es necess\u00e1rias com o funcionamento da feira no local. Vale frisar que a Prefeitura est\u00e1 mantendo di\u00e1logo com os produtores desde o in\u00edcio, e assim que o projeto da reforma estiver pronto, o mesmo ser\u00e1 apresentado aos feirantes.<\/p>\n<p style=\"text-align: justify;\">&nbsp;<\/p>\n<p style=\"text-align: justify;\">Fonte- ASCOM PMM &#8211; Gabriela Marquito, 30 de setembro de 2019<\/p>\n<p><a href=\"http:\/\/folhadosudeste.com\/site\/wp-content\/uploads\/2019\/10\/DSC_0003-1.jpg\"><img loading=\"lazy\" decoding=\"async\" class=\"alignnone size-full wp-image-66965\" src=\"http:\/\/folhadosudeste.com\/site\/wp-content\/uploads\/2019\/10\/DSC_0003-1.jpg\" alt=\"\" width=\"800\" height=\"530\" srcset=\"http:\/\/folhadosudeste.com\/site\/wp-content\/uploads\/2019\/10\/DSC_0003-1.jpg 800w, http:\/\/folhadosudeste.com\/site\/wp-content\/uploads\/2019\/10\/DSC_0003-1-300x199.jpg 300w, http:\/\/folhadosudeste.com\/site\/wp-content\/uploads\/2019\/10\/DSC_0003-1-768x509.jpg 768w, http:\/\/folhadosudeste.com\/site\/wp-content\/uploads\/2019\/10\/DSC_0003-1-120x80.jpg 120w, http:\/\/folhadosudeste.com\/site\/wp-content\/uploads\/2019\/10\/DSC_0003-1-345x230.jpg 345w, http:\/\/folhadosudeste.com\/site\/wp-content\/uploads\/2019\/10\/DSC_0003-1-590x390.jpg 590w\" sizes=\"auto, (max-width: 800px) 100vw, 800px\" \/><\/a><\/p>\n","protected":false},"excerpt":{"rendered":"<p>A feira livre das quartas-feiras e s\u00e1bados que acontece no Mercado do Produtor passar\u00e1 suas atividades para o in\u00edcio da Avenida JK, em breve, pr\u00f3ximo ao bairro do Porto e seguir\u00e1 at\u00e9 as proximidades da confec\u00e7\u00e3o Paulienne, A informa\u00e7\u00e3o \u00e9 do produtor rural e Presidente da Associa\u00e7\u00e3o dos Feirantes de Muria\u00e9 e Regi\u00e3o, M\u00e1rio Vaz [&hellip;]<\/p>\n","protected":false},"author":6,"featured_media":0,"comment_status":"open","ping_status":"closed","sticky":false,"template":"","format":"standard","meta":{"_joinchat":[],"footnotes":""},"categories":[1],"tags":[],"class_list":["post-66962","post","type-post","status-publish","format-standard","hentry","category-sem-categoria"],"_links":{"self":[{"href":"http:\/\/folhadosudeste.com\/site\/index.php?rest_route=\/wp\/v2\/posts\/66962","targetHints":{"allow":["GET"]}}],"collection":[{"href":"http:\/\/folhadosudeste.com\/site\/index.php?rest_route=\/wp\/v2\/posts"}],"about":[{"href":"http:\/\/folhadosudeste.com\/site\/index.php?rest_route=\/wp\/v2\/types\/post"}],"author":[{"embeddable":true,"href":"http:\/\/folhadosudeste.com\/site\/index.php?rest_route=\/wp\/v2\/users\/6"}],"replies":[{"embeddable":true,"href":"http:\/\/folhadosudeste.com\/site\/index.php?rest_route=%2Fwp%2Fv2%2Fcomments&post=66962"}],"version-history":[{"count":1,"href":"http:\/\/folhadosudeste.com\/site\/index.php?rest_route=\/wp\/v2\/posts\/66962\/revisions"}],"predecessor-version":[{"id":66968,"href":"http:\/\/folhadosudeste.com\/site\/index.php?rest_route=\/wp\/v2\/posts\/66962\/revisions\/66968"}],"wp:attachment":[{"href":"http:\/\/folhadosudeste.com\/site\/index.php?rest_route=%2Fwp%2Fv2%2Fmedia&parent=66962"}],"wp:term":[{"taxonomy":"category","embeddable":true,"href":"http:\/\/folhadosudeste.com\/site\/index.php?rest_route=%2Fwp%2Fv2%2Fcategories&post=66962"},{"taxonomy":"post_tag","embeddable":true,"href":"http:\/\/folhadosudeste.com\/site\/index.php?rest_route=%2Fwp%2Fv2%2Ftags&post=66962"}],"curies":[{"name":"wp","href":"https:\/\/api.w.org\/{rel}","templated":true}]}}