{"id":66967,"date":"2019-10-04T13:11:16","date_gmt":"2019-10-04T13:11:16","guid":{"rendered":"http:\/\/folhadosudeste.com\/site\/?p=66967"},"modified":"2019-10-04T13:11:16","modified_gmt":"2019-10-04T13:11:16","slug":"em-comemoracao-a-semana-do-idoso-o-jornal-folha-do-sudeste-faz-entrevista-com-assistente-social-do-lar-ozanam-ana-paula-de-freitas-orioli","status":"publish","type":"post","link":"http:\/\/folhadosudeste.com\/site\/?p=66967","title":{"rendered":"Em comemora\u00e7\u00e3o a Semana do Idoso o Jornal Folha do Sudeste faz entrevista com Assistente Social do Lar Ozanam, Ana Paula de Freitas Orioli"},"content":{"rendered":"<p><a href=\"http:\/\/folhadosudeste.com\/site\/wp-content\/uploads\/2019\/10\/DSC_0018.jpg\"><img loading=\"lazy\" decoding=\"async\" class=\"alignnone size-full wp-image-66970\" src=\"http:\/\/folhadosudeste.com\/site\/wp-content\/uploads\/2019\/10\/DSC_0018.jpg\" alt=\"\" width=\"800\" height=\"530\" srcset=\"http:\/\/folhadosudeste.com\/site\/wp-content\/uploads\/2019\/10\/DSC_0018.jpg 800w, http:\/\/folhadosudeste.com\/site\/wp-content\/uploads\/2019\/10\/DSC_0018-300x199.jpg 300w, http:\/\/folhadosudeste.com\/site\/wp-content\/uploads\/2019\/10\/DSC_0018-768x509.jpg 768w, http:\/\/folhadosudeste.com\/site\/wp-content\/uploads\/2019\/10\/DSC_0018-120x80.jpg 120w, http:\/\/folhadosudeste.com\/site\/wp-content\/uploads\/2019\/10\/DSC_0018-345x230.jpg 345w, http:\/\/folhadosudeste.com\/site\/wp-content\/uploads\/2019\/10\/DSC_0018-590x390.jpg 590w\" sizes=\"auto, (max-width: 800px) 100vw, 800px\" \/><\/a><\/p>\n<p style=\"text-align: justify;\">O Dia Internacional do Idoso \u00e9 comemorado em primeiro de outubro. Mas em Muria\u00e9 as festividades e atividades de conscientiza\u00e7\u00e3o seguem por toda semana. Em homenagem aos Idosos na sua Semana Especial, para celebrar a data, o jornal Folha do Sudeste realizou uma entrevista com a Assistente Social do Lar Ozanam, Ana Paula de Freitas Orioli. Ela contou um pouco da rotina e do trabalho realizado com os internos da institui\u00e7\u00e3o, que atua h\u00e1 mais de 40 anos acolhendo e cuidando dos idosos.&nbsp;<\/p>\n<p style=\"text-align: justify;\">Atualmente, o Lar Ozanam acolhe 48 idosos. A institui\u00e7\u00e3o n\u00e3o tem fins lucrativos e vive de subven\u00e7\u00e3o social e doa\u00e7\u00f5es. De acordo com Ana Paula, a maior car\u00eancia \u00e9 de produtos de limpeza e fraldas geri\u00e1tricas.<\/p>\n<p style=\"text-align: justify;\">JFdS- Como esta data t\u00e3o especial est\u00e1 sendo comemorada no Lar Ozanam?<\/p>\n<p style=\"text-align: justify;\">AP \u2013 Esta semana est\u00e1 sendo muito festiva. N\u00f3s tivemos a visita de duas escolas na ter\u00e7a feira, os alunos trouxeram um caf\u00e9 da manh\u00e3 especial e doa\u00e7\u00f5es que conseguiram atrav\u00e9s de campanhas &nbsp;e esta intera\u00e7\u00e3o entre jovens e idosos \u00e9 sempre muito positiva. Hoje a garotada v\u00ea a terceira idade como idosos mais ativos, e n\u00e3o como os que atendemos aqui, com certas limita\u00e7\u00f5es. Ent\u00e3o foi muito interessante passar para eles esta outra realidade.<\/p>\n<p style=\"text-align: justify;\">&nbsp;Na parte da tarde uma outra escola trouxe crian\u00e7as com idades entre quatro e cinco anos que cantaram e demonstraram muito carinho com os idosos. Eles tamb\u00e9m fizeram campanha e trouxeram um lanche especial e doa\u00e7\u00f5es de produtos de limpeza. J\u00e1 na quarta-feira \u00e0 tarde, o palha\u00e7o Patrick Dadalto, do Projeto Bagun\u00e7a do Rio de Janeiro, apoiado pela Fundarte, veio se apresentar para os idosos. Al\u00e9m das visitas especiais contamos tamb\u00e9m com os grupos de trabalho que mensalmente v\u00eam dar carinho e aten\u00e7\u00e3o para os idosos.<\/p>\n<p style=\"text-align: justify;\">&nbsp;<\/p>\n<p style=\"text-align: justify;\">JFdS &#8211;&nbsp; Voc\u00ea mencionou que o Lar recebe doa\u00e7\u00f5es, o que \u00e9 mais necess\u00e1rio para os idosos?<\/p>\n<p style=\"text-align: justify;\">AP &#8211;&nbsp; A fralda geri\u00e1trica continua sendo um item muito utilizado, porque dos 48 idosos, quase trinta fazem uso de fraldas, contando seis trocas no m\u00ednimo, por dia, d\u00e1 um n\u00famero muito grande. Os produtos de limpeza tamb\u00e9m fazem falta em fun\u00e7\u00e3o do tamanho do nosso espa\u00e7o, precisamos muito de cloro, amaciante, sab\u00e3o l\u00edquido, detergente, \u00e1gua sanit\u00e1ria e desinfetantes.<\/p>\n<p style=\"text-align: justify;\">&nbsp;<\/p>\n<p style=\"text-align: justify;\">JFdS \u2013 E na quest\u00e3o da alimenta\u00e7\u00e3o?<\/p>\n<p style=\"text-align: justify;\">AP \u2013 Conseguimos um aumento das subven\u00e7\u00f5es com o munic\u00edpio e vamos nos mantendo em rela\u00e7\u00e3o ao leite, utilizamos 600 litros de leite por m\u00eas e isso fica caro. E com as subven\u00e7\u00f5es o munic\u00edpio repassa o gasto do leite para n\u00f3s.<\/p>\n<p style=\"text-align: justify;\">&nbsp;<\/p>\n<p style=\"text-align: justify;\">JFdS \u2013 O Lar Ozanam disp\u00f5e de uma equipe que cuida e trata dos idosos muito bem, mas as visitas alegram a rotina deles, como os interessados devem proceder para realizar as visitas?<\/p>\n<p style=\"text-align: justify;\">AP \u2013 Temos idosos com e sem refer\u00eancia familiar. E esses volunt\u00e1rios que chegam para visita, trazem muita alegria. Justamente por isso disponibilizamos o hor\u00e1rio de visitas di\u00e1rio entre 14h e 16h para que este idoso, que n\u00e3o tem refer\u00eancia familiar, possa receber apoio. Muitas vezes, a pessoa vem pela primeira vez e se apaixona, porque nossos idosos s\u00e3o extremamente carinhosos, gostam de conversar, de falar das suas experi\u00eancias de vida. Quero agradecer mais uma vez a toda sociedade que sempre nos apoia e abra\u00e7a as nossas campanhas. Convido a todos para nos fazer uma visita, porque, com certeza, nossos idosos ganham, mas quem visita ganha muito mais.<\/p>\n<p style=\"text-align: justify;\">&nbsp;<\/p>\n<p style=\"text-align: justify;\">JFdS \u2013 As visitas precisam ser agendadas?<\/p>\n<p style=\"text-align: justify;\">AP \u2013 Normalmente, com grupos pequenos n\u00e3o necessita agendamento, mas se quiser fazer alguma atividade especial com os idosos, como bingos, dia da beleza, algum lanche compartilhado precisa agendar, porque temos grupos que j\u00e1 realizam atividades e a\u00ed \u00e9 necess\u00e1rio encaixar os hor\u00e1rios.<\/p>\n<p><a href=\"http:\/\/folhadosudeste.com\/site\/wp-content\/uploads\/2019\/10\/71735138_1803316233136659_7339703400642117632_n.jpg\"><img loading=\"lazy\" decoding=\"async\" class=\"alignnone size-full wp-image-66971\" src=\"http:\/\/folhadosudeste.com\/site\/wp-content\/uploads\/2019\/10\/71735138_1803316233136659_7339703400642117632_n.jpg\" alt=\"\" width=\"800\" height=\"800\" srcset=\"http:\/\/folhadosudeste.com\/site\/wp-content\/uploads\/2019\/10\/71735138_1803316233136659_7339703400642117632_n.jpg 800w, http:\/\/folhadosudeste.com\/site\/wp-content\/uploads\/2019\/10\/71735138_1803316233136659_7339703400642117632_n-150x150.jpg 150w, http:\/\/folhadosudeste.com\/site\/wp-content\/uploads\/2019\/10\/71735138_1803316233136659_7339703400642117632_n-300x300.jpg 300w, http:\/\/folhadosudeste.com\/site\/wp-content\/uploads\/2019\/10\/71735138_1803316233136659_7339703400642117632_n-768x768.jpg 768w\" sizes=\"auto, (max-width: 800px) 100vw, 800px\" \/><\/a> <a href=\"http:\/\/folhadosudeste.com\/site\/wp-content\/uploads\/2019\/10\/DSC_0002.jpg\"><img loading=\"lazy\" decoding=\"async\" class=\"alignnone size-full wp-image-66972\" src=\"http:\/\/folhadosudeste.com\/site\/wp-content\/uploads\/2019\/10\/DSC_0002.jpg\" alt=\"\" width=\"800\" height=\"530\" srcset=\"http:\/\/folhadosudeste.com\/site\/wp-content\/uploads\/2019\/10\/DSC_0002.jpg 800w, http:\/\/folhadosudeste.com\/site\/wp-content\/uploads\/2019\/10\/DSC_0002-300x199.jpg 300w, http:\/\/folhadosudeste.com\/site\/wp-content\/uploads\/2019\/10\/DSC_0002-768x509.jpg 768w, http:\/\/folhadosudeste.com\/site\/wp-content\/uploads\/2019\/10\/DSC_0002-120x80.jpg 120w, http:\/\/folhadosudeste.com\/site\/wp-content\/uploads\/2019\/10\/DSC_0002-345x230.jpg 345w, http:\/\/folhadosudeste.com\/site\/wp-content\/uploads\/2019\/10\/DSC_0002-590x390.jpg 590w\" sizes=\"auto, (max-width: 800px) 100vw, 800px\" \/><\/a><\/p>\n<p><!--more--><\/p>\n<p><a href=\"http:\/\/folhadosudeste.com\/site\/wp-content\/uploads\/2019\/10\/DSC_0009.jpg\"><img loading=\"lazy\" decoding=\"async\" class=\"alignnone size-full wp-image-66973\" src=\"http:\/\/folhadosudeste.com\/site\/wp-content\/uploads\/2019\/10\/DSC_0009.jpg\" alt=\"\" width=\"800\" height=\"530\" srcset=\"http:\/\/folhadosudeste.com\/site\/wp-content\/uploads\/2019\/10\/DSC_0009.jpg 800w, http:\/\/folhadosudeste.com\/site\/wp-content\/uploads\/2019\/10\/DSC_0009-300x199.jpg 300w, http:\/\/folhadosudeste.com\/site\/wp-content\/uploads\/2019\/10\/DSC_0009-768x509.jpg 768w, http:\/\/folhadosudeste.com\/site\/wp-content\/uploads\/2019\/10\/DSC_0009-120x80.jpg 120w, http:\/\/folhadosudeste.com\/site\/wp-content\/uploads\/2019\/10\/DSC_0009-345x230.jpg 345w, http:\/\/folhadosudeste.com\/site\/wp-content\/uploads\/2019\/10\/DSC_0009-590x390.jpg 590w\" sizes=\"auto, (max-width: 800px) 100vw, 800px\" \/><\/a> <a href=\"http:\/\/folhadosudeste.com\/site\/wp-content\/uploads\/2019\/10\/DSC_0011.jpg\"><img loading=\"lazy\" decoding=\"async\" class=\"alignnone size-full wp-image-66974\" src=\"http:\/\/folhadosudeste.com\/site\/wp-content\/uploads\/2019\/10\/DSC_0011.jpg\" alt=\"\" width=\"800\" height=\"530\" srcset=\"http:\/\/folhadosudeste.com\/site\/wp-content\/uploads\/2019\/10\/DSC_0011.jpg 800w, http:\/\/folhadosudeste.com\/site\/wp-content\/uploads\/2019\/10\/DSC_0011-300x199.jpg 300w, http:\/\/folhadosudeste.com\/site\/wp-content\/uploads\/2019\/10\/DSC_0011-768x509.jpg 768w, http:\/\/folhadosudeste.com\/site\/wp-content\/uploads\/2019\/10\/DSC_0011-120x80.jpg 120w, http:\/\/folhadosudeste.com\/site\/wp-content\/uploads\/2019\/10\/DSC_0011-345x230.jpg 345w, http:\/\/folhadosudeste.com\/site\/wp-content\/uploads\/2019\/10\/DSC_0011-590x390.jpg 590w\" sizes=\"auto, (max-width: 800px) 100vw, 800px\" \/><\/a> <a href=\"http:\/\/folhadosudeste.com\/site\/wp-content\/uploads\/2019\/10\/DSC_0013.jpg\"><img loading=\"lazy\" decoding=\"async\" class=\"alignnone size-full wp-image-66976\" src=\"http:\/\/folhadosudeste.com\/site\/wp-content\/uploads\/2019\/10\/DSC_0013.jpg\" alt=\"\" width=\"800\" height=\"530\" srcset=\"http:\/\/folhadosudeste.com\/site\/wp-content\/uploads\/2019\/10\/DSC_0013.jpg 800w, http:\/\/folhadosudeste.com\/site\/wp-content\/uploads\/2019\/10\/DSC_0013-300x199.jpg 300w, http:\/\/folhadosudeste.com\/site\/wp-content\/uploads\/2019\/10\/DSC_0013-768x509.jpg 768w, http:\/\/folhadosudeste.com\/site\/wp-content\/uploads\/2019\/10\/DSC_0013-120x80.jpg 120w, http:\/\/folhadosudeste.com\/site\/wp-content\/uploads\/2019\/10\/DSC_0013-345x230.jpg 345w, http:\/\/folhadosudeste.com\/site\/wp-content\/uploads\/2019\/10\/DSC_0013-590x390.jpg 590w\" sizes=\"auto, (max-width: 800px) 100vw, 800px\" \/><\/a> <a href=\"http:\/\/folhadosudeste.com\/site\/wp-content\/uploads\/2019\/10\/WhatsApp-Image-2019-10-02-at-16.36.11.jpeg\"><img loading=\"lazy\" decoding=\"async\" class=\"alignnone size-full wp-image-66977\" src=\"http:\/\/folhadosudeste.com\/site\/wp-content\/uploads\/2019\/10\/WhatsApp-Image-2019-10-02-at-16.36.11.jpeg\" alt=\"\" width=\"2016\" height=\"1512\" srcset=\"http:\/\/folhadosudeste.com\/site\/wp-content\/uploads\/2019\/10\/WhatsApp-Image-2019-10-02-at-16.36.11.jpeg 2016w, http:\/\/folhadosudeste.com\/site\/wp-content\/uploads\/2019\/10\/WhatsApp-Image-2019-10-02-at-16.36.11-300x225.jpeg 300w, http:\/\/folhadosudeste.com\/site\/wp-content\/uploads\/2019\/10\/WhatsApp-Image-2019-10-02-at-16.36.11-768x576.jpeg 768w, http:\/\/folhadosudeste.com\/site\/wp-content\/uploads\/2019\/10\/WhatsApp-Image-2019-10-02-at-16.36.11-1024x768.jpeg 1024w\" sizes=\"auto, (max-width: 2016px) 100vw, 2016px\" \/><\/a> <a href=\"http:\/\/folhadosudeste.com\/site\/wp-content\/uploads\/2019\/10\/WhatsApp-Image-2019-10-02-at-16.36.12.jpeg\"><img loading=\"lazy\" decoding=\"async\" class=\"alignnone size-full wp-image-66979\" src=\"http:\/\/folhadosudeste.com\/site\/wp-content\/uploads\/2019\/10\/WhatsApp-Image-2019-10-02-at-16.36.12.jpeg\" alt=\"\" width=\"2016\" height=\"1512\" srcset=\"http:\/\/folhadosudeste.com\/site\/wp-content\/uploads\/2019\/10\/WhatsApp-Image-2019-10-02-at-16.36.12.jpeg 2016w, http:\/\/folhadosudeste.com\/site\/wp-content\/uploads\/2019\/10\/WhatsApp-Image-2019-10-02-at-16.36.12-300x225.jpeg 300w, http:\/\/folhadosudeste.com\/site\/wp-content\/uploads\/2019\/10\/WhatsApp-Image-2019-10-02-at-16.36.12-768x576.jpeg 768w, http:\/\/folhadosudeste.com\/site\/wp-content\/uploads\/2019\/10\/WhatsApp-Image-2019-10-02-at-16.36.12-1024x768.jpeg 1024w\" sizes=\"auto, (max-width: 2016px) 100vw, 2016px\" \/><\/a><\/p>\n","protected":false},"excerpt":{"rendered":"<p>O Dia Internacional do Idoso \u00e9 comemorado em primeiro de outubro. Mas em Muria\u00e9 as festividades e atividades de conscientiza\u00e7\u00e3o seguem por toda semana. Em homenagem aos Idosos na sua Semana Especial, para celebrar a data, o jornal Folha do Sudeste realizou uma entrevista com a Assistente Social do Lar Ozanam, Ana Paula de Freitas [&hellip;]<\/p>\n","protected":false},"author":6,"featured_media":0,"comment_status":"open","ping_status":"closed","sticky":false,"template":"","format":"standard","meta":{"_joinchat":[],"footnotes":""},"categories":[1],"tags":[],"class_list":["post-66967","post","type-post","status-publish","format-standard","hentry","category-sem-categoria"],"_links":{"self":[{"href":"http:\/\/folhadosudeste.com\/site\/index.php?rest_route=\/wp\/v2\/posts\/66967","targetHints":{"allow":["GET"]}}],"collection":[{"href":"http:\/\/folhadosudeste.com\/site\/index.php?rest_route=\/wp\/v2\/posts"}],"about":[{"href":"http:\/\/folhadosudeste.com\/site\/index.php?rest_route=\/wp\/v2\/types\/post"}],"author":[{"embeddable":true,"href":"http:\/\/folhadosudeste.com\/site\/index.php?rest_route=\/wp\/v2\/users\/6"}],"replies":[{"embeddable":true,"href":"http:\/\/folhadosudeste.com\/site\/index.php?rest_route=%2Fwp%2Fv2%2Fcomments&post=66967"}],"version-history":[{"count":1,"href":"http:\/\/folhadosudeste.com\/site\/index.php?rest_route=\/wp\/v2\/posts\/66967\/revisions"}],"predecessor-version":[{"id":66986,"href":"http:\/\/folhadosudeste.com\/site\/index.php?rest_route=\/wp\/v2\/posts\/66967\/revisions\/66986"}],"wp:attachment":[{"href":"http:\/\/folhadosudeste.com\/site\/index.php?rest_route=%2Fwp%2Fv2%2Fmedia&parent=66967"}],"wp:term":[{"taxonomy":"category","embeddable":true,"href":"http:\/\/folhadosudeste.com\/site\/index.php?rest_route=%2Fwp%2Fv2%2Fcategories&post=66967"},{"taxonomy":"post_tag","embeddable":true,"href":"http:\/\/folhadosudeste.com\/site\/index.php?rest_route=%2Fwp%2Fv2%2Ftags&post=66967"}],"curies":[{"name":"wp","href":"https:\/\/api.w.org\/{rel}","templated":true}]}}