{"id":66987,"date":"2019-10-04T13:14:47","date_gmt":"2019-10-04T13:14:47","guid":{"rendered":"http:\/\/folhadosudeste.com\/site\/?p=66987"},"modified":"2019-10-04T13:14:47","modified_gmt":"2019-10-04T13:14:47","slug":"muriae-sedia-seminario-nacional-de-turismo-e-patrimonio-cultural","status":"publish","type":"post","link":"http:\/\/folhadosudeste.com\/site\/?p=66987","title":{"rendered":"Muria\u00e9 sedia Semin\u00e1rio Nacional de Turismo e Patrim\u00f4nio Cultural"},"content":{"rendered":"<p><a href=\"http:\/\/folhadosudeste.com\/site\/wp-content\/uploads\/2019\/10\/DSC_0072.jpg\"><img loading=\"lazy\" decoding=\"async\" class=\"alignnone size-full wp-image-66989\" src=\"http:\/\/folhadosudeste.com\/site\/wp-content\/uploads\/2019\/10\/DSC_0072.jpg\" alt=\"\" width=\"800\" height=\"530\" srcset=\"http:\/\/folhadosudeste.com\/site\/wp-content\/uploads\/2019\/10\/DSC_0072.jpg 800w, http:\/\/folhadosudeste.com\/site\/wp-content\/uploads\/2019\/10\/DSC_0072-300x199.jpg 300w, http:\/\/folhadosudeste.com\/site\/wp-content\/uploads\/2019\/10\/DSC_0072-768x509.jpg 768w, http:\/\/folhadosudeste.com\/site\/wp-content\/uploads\/2019\/10\/DSC_0072-120x80.jpg 120w, http:\/\/folhadosudeste.com\/site\/wp-content\/uploads\/2019\/10\/DSC_0072-345x230.jpg 345w, http:\/\/folhadosudeste.com\/site\/wp-content\/uploads\/2019\/10\/DSC_0072-590x390.jpg 590w\" sizes=\"auto, (max-width: 800px) 100vw, 800px\" \/><\/a><\/p>\n<p style=\"text-align: justify;\">O munic\u00edpio de Muria\u00e9 \u00e9 o \u00fanico do pa\u00eds a participar do programa Agenda 21 da Cultura desenvolvido pela Organiza\u00e7\u00e3o Internacional Cidades e Governos Locais Unidos<\/p>\n<p style=\"text-align: justify;\"><strong>Programa\u00e7\u00e3o<\/strong><\/p>\n<p style=\"text-align: justify;\"><strong>03\/10 Quinta-feira:&nbsp;18h:<\/strong>&nbsp;Credenciamento;&nbsp;In\u00edcio da Feira de Neg\u00f3cios Tur\u00edsticos de Minas Gerais;&nbsp;Exposi\u00e7\u00e3o Fotografias \u201cTurismo e Patrim\u00f4nio Cultural\u201d<\/p>\n<p style=\"text-align: justify;\">Lan\u00e7amento do livro \u201cFauna da Serra do Brigadeiro, Minas Gerais\u201d;&nbsp;<strong>19h:<\/strong>&nbsp;Abertura oficial do evento (Marcelo \u00c1lvaro Ant\u00f4nio, ministro do Turismo);&nbsp;<strong>20h:<\/strong>&nbsp;Palestra principal;&nbsp;Lan\u00e7amento do F\u00f3rum Mineiro de Gestores Municipais de Cultura;&nbsp;Pr\u00eamio Muria\u00e9 de Fotografia \u2013 Paisagens e Patrim\u00f4nio Cultural de Muria\u00e9;&nbsp;Pr\u00eamio de Incentivo ao Patrim\u00f4nio Cultural \u201cMaria Bernadete Andrade Silva\u201d;&nbsp;<strong>21h30:<\/strong>&nbsp;Coquetel e apresenta\u00e7\u00e3o cultural<\/p>\n<p style=\"text-align: justify;\"><strong>04\/10 Sexta-feira:&nbsp;8h:<\/strong>&nbsp;Caf\u00e9 e credenciamento;&nbsp;Feira de Neg\u00f3cios Tur\u00edsticos de Minas Gerais;&nbsp;<strong>9h:<\/strong>Lan\u00e7amento da Cartilha de Educa\u00e7\u00e3o Patrimonial;&nbsp;<strong>9h30 \u00e0s 12h:<\/strong>&nbsp;Workshops simult\u00e2neos:<\/p>\n<ol style=\"text-align: justify;\">\n<li>Regionaliza\u00e7\u00e3o, capta\u00e7\u00e3o de recurso e financiamento,&nbsp;<strong>2.<\/strong>Marketing de destino e promo\u00e7\u00e3o do turismo,&nbsp;<strong>3.<\/strong>&nbsp;Marketing para produtos artesanais,&nbsp;<strong>4.<\/strong>&nbsp;Ecoturismo e passeios tur\u00edsticos: inova\u00e7\u00e3o, sustentabilidade e neg\u00f3cios,&nbsp;<strong>5.<\/strong>&nbsp;Experi\u00eancias gastron\u00f4micas para hot\u00e9is, bares e restaurantes,&nbsp;<strong>6<\/strong>. Cuidados no preparo e manipula\u00e7\u00e3o de alimentos para hot\u00e9is, bares e restaurantes.<\/li>\n<\/ol>\n<p style=\"text-align: justify;\"><strong>12h \u00e0s 14h:<\/strong>&nbsp;Intervalo para o almo\u00e7o;&nbsp;<strong>14h \u00e0s 16h:<\/strong>&nbsp;Painel \u201cDesenvolvimento Humano e Cidades Sustent\u00e1veis: estrat\u00e9gias de desenvolvimento territorial\u201d;&nbsp;<strong>16h \u00e0s 17h30:<\/strong>&nbsp;Painel \u201cCriatividade e Cidade: mem\u00f3ria, turismo e desenvolvimento regional\u201d;&nbsp;<strong>17h30:<\/strong>&nbsp;Muria\u00e9 pelo olhar dos turistas e dos operadores locais;&nbsp;<strong>18h<\/strong>: Certificado Capacita\u00e7\u00e3o Agente de Turismo Rural Senar-MG;&nbsp;<strong>18h30:<\/strong>&nbsp;Encerramento \u2013 caf\u00e9 com apresenta\u00e7\u00e3o cultural;&nbsp;<strong>19h30:<\/strong>&nbsp;Festival Samba Gastrobeer (Lagoa da G\u00e1vea)<\/p>\n<p style=\"text-align: justify;\"><strong>05\/10 S\u00e1bado:&nbsp;10h:<\/strong>&nbsp;Visita guiada: Rota de pedestre \u201cCaminho Cultural\u201d (passeio tur\u00edstico pelos principais pontos tur\u00edsticos da cidade de Muria\u00e9);&nbsp;<strong>15h:<\/strong>&nbsp;Festival Samba Gastrobeer (Lagoa da G\u00e1vea).<\/p>\n<p style=\"text-align: justify;\">Conhe\u00e7a os 17 Objetivos da Agenda 2030 (<a href=\"http:\/\/www.agenda2030.org.br\/\">http:\/\/www.agenda2030.org.br<\/a>\/)<\/p>\n<p style=\"text-align: justify;\">Data: 3 a 5 de outubro de 2019.&nbsp;Local: Centro Universit\u00e1rio Unifaminas (Av. Cristiano Ferreira Varella, 655 \u2013 Bairro Universit\u00e1rio, Muria\u00e9).&nbsp;Inscri\u00e7\u00e3o:&nbsp;<a href=\"https:\/\/www.sympla.com.br\/seminario-nacional-de-turismo-e-patrimonio-cultural---muriae-mg__633919\">https:\/\/www.sympla.com.br\/seminario-nacional-de-turismo-e-patrimonio-cultural\u2014muriae-mg__633919<\/a><\/p>\n<p style=\"text-align: justify;\"><strong>Realiza\u00e7\u00e3o:&nbsp;<\/strong>Prefeitura Municipal de Muria\u00e9, Funda\u00e7\u00e3o de Cultura e Artes de Muria\u00e9 \u2013 Fundarte e Sebrae.<\/p>\n<p style=\"text-align: justify;\">Veja a mat\u00e9ria completa na pr\u00f3xima edi\u00e7\u00e3o.<\/p>\n<p style=\"text-align: justify;\"><a href=\"http:\/\/folhadosudeste.com\/site\/wp-content\/uploads\/2019\/10\/DSC_0027.jpg\"><img loading=\"lazy\" decoding=\"async\" class=\"alignnone size-full wp-image-66990\" src=\"http:\/\/folhadosudeste.com\/site\/wp-content\/uploads\/2019\/10\/DSC_0027.jpg\" alt=\"\" width=\"800\" height=\"530\" srcset=\"http:\/\/folhadosudeste.com\/site\/wp-content\/uploads\/2019\/10\/DSC_0027.jpg 800w, http:\/\/folhadosudeste.com\/site\/wp-content\/uploads\/2019\/10\/DSC_0027-300x199.jpg 300w, http:\/\/folhadosudeste.com\/site\/wp-content\/uploads\/2019\/10\/DSC_0027-768x509.jpg 768w, http:\/\/folhadosudeste.com\/site\/wp-content\/uploads\/2019\/10\/DSC_0027-120x80.jpg 120w, http:\/\/folhadosudeste.com\/site\/wp-content\/uploads\/2019\/10\/DSC_0027-345x230.jpg 345w, http:\/\/folhadosudeste.com\/site\/wp-content\/uploads\/2019\/10\/DSC_0027-590x390.jpg 590w\" sizes=\"auto, (max-width: 800px) 100vw, 800px\" \/><\/a> <a href=\"http:\/\/folhadosudeste.com\/site\/wp-content\/uploads\/2019\/10\/DSC_0037.jpg\"><img loading=\"lazy\" decoding=\"async\" class=\"alignnone size-full wp-image-66991\" src=\"http:\/\/folhadosudeste.com\/site\/wp-content\/uploads\/2019\/10\/DSC_0037.jpg\" alt=\"\" width=\"800\" height=\"530\" srcset=\"http:\/\/folhadosudeste.com\/site\/wp-content\/uploads\/2019\/10\/DSC_0037.jpg 800w, http:\/\/folhadosudeste.com\/site\/wp-content\/uploads\/2019\/10\/DSC_0037-300x199.jpg 300w, http:\/\/folhadosudeste.com\/site\/wp-content\/uploads\/2019\/10\/DSC_0037-768x509.jpg 768w, http:\/\/folhadosudeste.com\/site\/wp-content\/uploads\/2019\/10\/DSC_0037-120x80.jpg 120w, http:\/\/folhadosudeste.com\/site\/wp-content\/uploads\/2019\/10\/DSC_0037-345x230.jpg 345w, http:\/\/folhadosudeste.com\/site\/wp-content\/uploads\/2019\/10\/DSC_0037-590x390.jpg 590w\" sizes=\"auto, (max-width: 800px) 100vw, 800px\" \/><\/a><\/p>\n<p><!--more--><\/p>\n<p style=\"text-align: justify;\"><a href=\"http:\/\/folhadosudeste.com\/site\/wp-content\/uploads\/2019\/10\/DSC_0040-1.jpg\"><img loading=\"lazy\" decoding=\"async\" class=\"alignnone size-full wp-image-66992\" src=\"http:\/\/folhadosudeste.com\/site\/wp-content\/uploads\/2019\/10\/DSC_0040-1.jpg\" alt=\"\" width=\"800\" height=\"530\" srcset=\"http:\/\/folhadosudeste.com\/site\/wp-content\/uploads\/2019\/10\/DSC_0040-1.jpg 800w, http:\/\/folhadosudeste.com\/site\/wp-content\/uploads\/2019\/10\/DSC_0040-1-300x199.jpg 300w, http:\/\/folhadosudeste.com\/site\/wp-content\/uploads\/2019\/10\/DSC_0040-1-768x509.jpg 768w, http:\/\/folhadosudeste.com\/site\/wp-content\/uploads\/2019\/10\/DSC_0040-1-120x80.jpg 120w, http:\/\/folhadosudeste.com\/site\/wp-content\/uploads\/2019\/10\/DSC_0040-1-345x230.jpg 345w, http:\/\/folhadosudeste.com\/site\/wp-content\/uploads\/2019\/10\/DSC_0040-1-590x390.jpg 590w\" sizes=\"auto, (max-width: 800px) 100vw, 800px\" \/><\/a> <a href=\"http:\/\/folhadosudeste.com\/site\/wp-content\/uploads\/2019\/10\/DSC_0054.jpg\"><img loading=\"lazy\" decoding=\"async\" class=\"alignnone size-full wp-image-66993\" src=\"http:\/\/folhadosudeste.com\/site\/wp-content\/uploads\/2019\/10\/DSC_0054.jpg\" alt=\"\" width=\"800\" height=\"530\" srcset=\"http:\/\/folhadosudeste.com\/site\/wp-content\/uploads\/2019\/10\/DSC_0054.jpg 800w, http:\/\/folhadosudeste.com\/site\/wp-content\/uploads\/2019\/10\/DSC_0054-300x199.jpg 300w, http:\/\/folhadosudeste.com\/site\/wp-content\/uploads\/2019\/10\/DSC_0054-768x509.jpg 768w, http:\/\/folhadosudeste.com\/site\/wp-content\/uploads\/2019\/10\/DSC_0054-120x80.jpg 120w, http:\/\/folhadosudeste.com\/site\/wp-content\/uploads\/2019\/10\/DSC_0054-345x230.jpg 345w, http:\/\/folhadosudeste.com\/site\/wp-content\/uploads\/2019\/10\/DSC_0054-590x390.jpg 590w\" sizes=\"auto, (max-width: 800px) 100vw, 800px\" \/><\/a> <a href=\"http:\/\/folhadosudeste.com\/site\/wp-content\/uploads\/2019\/10\/DSC_0056.jpg\"><img loading=\"lazy\" decoding=\"async\" class=\"alignnone size-full wp-image-66994\" src=\"http:\/\/folhadosudeste.com\/site\/wp-content\/uploads\/2019\/10\/DSC_0056.jpg\" alt=\"\" width=\"800\" height=\"530\" srcset=\"http:\/\/folhadosudeste.com\/site\/wp-content\/uploads\/2019\/10\/DSC_0056.jpg 800w, http:\/\/folhadosudeste.com\/site\/wp-content\/uploads\/2019\/10\/DSC_0056-300x199.jpg 300w, http:\/\/folhadosudeste.com\/site\/wp-content\/uploads\/2019\/10\/DSC_0056-768x509.jpg 768w, http:\/\/folhadosudeste.com\/site\/wp-content\/uploads\/2019\/10\/DSC_0056-120x80.jpg 120w, http:\/\/folhadosudeste.com\/site\/wp-content\/uploads\/2019\/10\/DSC_0056-345x230.jpg 345w, http:\/\/folhadosudeste.com\/site\/wp-content\/uploads\/2019\/10\/DSC_0056-590x390.jpg 590w\" sizes=\"auto, (max-width: 800px) 100vw, 800px\" \/><\/a> <a href=\"http:\/\/folhadosudeste.com\/site\/wp-content\/uploads\/2019\/10\/DSC_0066.jpg\"><img loading=\"lazy\" decoding=\"async\" class=\"alignnone size-full wp-image-66996\" src=\"http:\/\/folhadosudeste.com\/site\/wp-content\/uploads\/2019\/10\/DSC_0066.jpg\" alt=\"\" width=\"800\" height=\"530\" srcset=\"http:\/\/folhadosudeste.com\/site\/wp-content\/uploads\/2019\/10\/DSC_0066.jpg 800w, http:\/\/folhadosudeste.com\/site\/wp-content\/uploads\/2019\/10\/DSC_0066-300x199.jpg 300w, http:\/\/folhadosudeste.com\/site\/wp-content\/uploads\/2019\/10\/DSC_0066-768x509.jpg 768w, http:\/\/folhadosudeste.com\/site\/wp-content\/uploads\/2019\/10\/DSC_0066-120x80.jpg 120w, http:\/\/folhadosudeste.com\/site\/wp-content\/uploads\/2019\/10\/DSC_0066-345x230.jpg 345w, http:\/\/folhadosudeste.com\/site\/wp-content\/uploads\/2019\/10\/DSC_0066-590x390.jpg 590w\" sizes=\"auto, (max-width: 800px) 100vw, 800px\" \/><\/a> <a href=\"http:\/\/folhadosudeste.com\/site\/wp-content\/uploads\/2019\/10\/DSC_0092.jpg\"><img loading=\"lazy\" decoding=\"async\" class=\"alignnone size-full wp-image-66997\" src=\"http:\/\/folhadosudeste.com\/site\/wp-content\/uploads\/2019\/10\/DSC_0092.jpg\" alt=\"\" width=\"800\" height=\"530\" srcset=\"http:\/\/folhadosudeste.com\/site\/wp-content\/uploads\/2019\/10\/DSC_0092.jpg 800w, http:\/\/folhadosudeste.com\/site\/wp-content\/uploads\/2019\/10\/DSC_0092-300x199.jpg 300w, http:\/\/folhadosudeste.com\/site\/wp-content\/uploads\/2019\/10\/DSC_0092-768x509.jpg 768w, http:\/\/folhadosudeste.com\/site\/wp-content\/uploads\/2019\/10\/DSC_0092-120x80.jpg 120w, http:\/\/folhadosudeste.com\/site\/wp-content\/uploads\/2019\/10\/DSC_0092-345x230.jpg 345w, http:\/\/folhadosudeste.com\/site\/wp-content\/uploads\/2019\/10\/DSC_0092-590x390.jpg 590w\" sizes=\"auto, (max-width: 800px) 100vw, 800px\" \/><\/a><\/p>\n","protected":false},"excerpt":{"rendered":"<p>O munic\u00edpio de Muria\u00e9 \u00e9 o \u00fanico do pa\u00eds a participar do programa Agenda 21 da Cultura desenvolvido pela Organiza\u00e7\u00e3o Internacional Cidades e Governos Locais Unidos Programa\u00e7\u00e3o 03\/10 Quinta-feira:&nbsp;18h:&nbsp;Credenciamento;&nbsp;In\u00edcio da Feira de Neg\u00f3cios Tur\u00edsticos de Minas Gerais;&nbsp;Exposi\u00e7\u00e3o Fotografias \u201cTurismo e Patrim\u00f4nio Cultural\u201d Lan\u00e7amento do livro \u201cFauna da Serra do Brigadeiro, Minas Gerais\u201d;&nbsp;19h:&nbsp;Abertura oficial do evento [&hellip;]<\/p>\n","protected":false},"author":6,"featured_media":0,"comment_status":"open","ping_status":"closed","sticky":false,"template":"","format":"standard","meta":{"_joinchat":[],"footnotes":""},"categories":[1],"tags":[],"class_list":["post-66987","post","type-post","status-publish","format-standard","hentry","category-sem-categoria"],"_links":{"self":[{"href":"http:\/\/folhadosudeste.com\/site\/index.php?rest_route=\/wp\/v2\/posts\/66987","targetHints":{"allow":["GET"]}}],"collection":[{"href":"http:\/\/folhadosudeste.com\/site\/index.php?rest_route=\/wp\/v2\/posts"}],"about":[{"href":"http:\/\/folhadosudeste.com\/site\/index.php?rest_route=\/wp\/v2\/types\/post"}],"author":[{"embeddable":true,"href":"http:\/\/folhadosudeste.com\/site\/index.php?rest_route=\/wp\/v2\/users\/6"}],"replies":[{"embeddable":true,"href":"http:\/\/folhadosudeste.com\/site\/index.php?rest_route=%2Fwp%2Fv2%2Fcomments&post=66987"}],"version-history":[{"count":1,"href":"http:\/\/folhadosudeste.com\/site\/index.php?rest_route=\/wp\/v2\/posts\/66987\/revisions"}],"predecessor-version":[{"id":67003,"href":"http:\/\/folhadosudeste.com\/site\/index.php?rest_route=\/wp\/v2\/posts\/66987\/revisions\/67003"}],"wp:attachment":[{"href":"http:\/\/folhadosudeste.com\/site\/index.php?rest_route=%2Fwp%2Fv2%2Fmedia&parent=66987"}],"wp:term":[{"taxonomy":"category","embeddable":true,"href":"http:\/\/folhadosudeste.com\/site\/index.php?rest_route=%2Fwp%2Fv2%2Fcategories&post=66987"},{"taxonomy":"post_tag","embeddable":true,"href":"http:\/\/folhadosudeste.com\/site\/index.php?rest_route=%2Fwp%2Fv2%2Ftags&post=66987"}],"curies":[{"name":"wp","href":"https:\/\/api.w.org\/{rel}","templated":true}]}}