{"id":67036,"date":"2019-10-04T13:40:23","date_gmt":"2019-10-04T13:40:23","guid":{"rendered":"http:\/\/folhadosudeste.com\/site\/?p=67036"},"modified":"2019-10-04T13:40:23","modified_gmt":"2019-10-04T13:40:23","slug":"folha-policial-da-semana-4","status":"publish","type":"post","link":"http:\/\/folhadosudeste.com\/site\/?p=67036","title":{"rendered":"FOLHA POLICIAL DA SEMANA"},"content":{"rendered":"<p><a href=\"http:\/\/folhadosudeste.com\/site\/wp-content\/uploads\/2019\/10\/Viaturas-1.jpg\"><img loading=\"lazy\" decoding=\"async\" class=\"alignnone size-full wp-image-67037\" src=\"http:\/\/folhadosudeste.com\/site\/wp-content\/uploads\/2019\/10\/Viaturas-1.jpg\" alt=\"\" width=\"940\" height=\"350\" srcset=\"http:\/\/folhadosudeste.com\/site\/wp-content\/uploads\/2019\/10\/Viaturas-1.jpg 940w, http:\/\/folhadosudeste.com\/site\/wp-content\/uploads\/2019\/10\/Viaturas-1-300x112.jpg 300w, http:\/\/folhadosudeste.com\/site\/wp-content\/uploads\/2019\/10\/Viaturas-1-768x286.jpg 768w\" sizes=\"auto, (max-width: 940px) 100vw, 940px\" \/><\/a><\/p>\n<p style=\"text-align: justify;\"><strong>Rapaz de 19 anos \u00e9 baleado no Vermelho<\/strong><\/p>\n<p style=\"text-align: justify;\">Um rapaz de 19 anos foi baleado no rosto e encaminhado para o Hospital S\u00e3o Paulo por vizinhos. O fato aconteceu na noite desta ter\u00e7a-feira,2, na Rua Tereza Garcia, na entrada do campo do distrito de Vermelho. A v\u00edtima, que foi submetida a cirurgia e n\u00e3o corre risco de morte, contou aos policiais que a tentativa de homic\u00eddio aconteceu por desaven\u00e7as familiares. O suspeito j\u00e1 foi identificado e est\u00e1 foragido.<\/p>\n<p style=\"text-align: justify;\"><strong>Acidente na BR 116 deixa tr\u00eas mortos e um ferido grave<\/strong><\/p>\n<p style=\"text-align: justify;\">Tr\u00eas pessoas morreram e uma teve ferimentos graves ap\u00f3s os ve\u00edculos em que estavam se envolverem em um acidente na BR 116, em Leopoldina, pr\u00f3ximo ao viaduto da Bela Vista no km 765. O fato aconteceu no in\u00edcio da tarde de ter\u00e7a-feira, 1\u00b0 e envolveu uma carreta carregada de gr\u00e3os, com placas de Viana &#8211; ES e um Nisan Versa, placas do Rio de Janeiro -RJ. As v\u00edtimas s\u00e3o dois idosos de 65 e 78 anos que morreram na hora e uma mulher de 40 anos que ficou presa nas ferragens, chegou a ser socorrida, mas faleceu no hospital. Todos seguiam no Nissan. O motorista da carreta, que acabou tombando na pista com o impacto da batida, foi socorrido com ferimentos graves e levado ao hospital de Leopoldina. De acordo com informa\u00e7\u00f5es preliminares o Nissam n\u00e3o conseguiu fazer uma curva e bateu na carreta que seguia em sentido contr\u00e1rio. Outro acidente foi registrado quase no mesmo momento no km 773 da mesma rodovia, no local conhecido como Trevo do Cemit\u00e9rio. Uma motocicleta atropelou um pedestre que atravessava a via. Amadeu Campos Baptista foi socorrido e levado para a Casa de Caridade de Leopoldina, mas faleceu no final da tarde do mesmo dia.<br \/>\nEm fun\u00e7\u00e3o dos acidentes um trecho da BR ficou interditado e o tr\u00e2nsito precisou ser desviado pelo centro de Leopoldina. A Pol\u00edcia Rodovi\u00e1ria Federal assumiu a ocorr\u00eancia e a Per\u00edcia T\u00e9cnica da Pol\u00edcia Civil vai analisar as causas dos acidentes.<\/p>\n<p style=\"text-align: justify;\"><strong>Troca de tiros termina em pris\u00f5es na tarde de domingo em Patroc\u00ednio do Muria\u00e9<\/strong><\/p>\n<p style=\"text-align: justify;\">Duas pessoas foram presas, uma delas menor de idade, na noite deste domingo,30 na estrada que liga Muria\u00e9 a Comunidade do Iva\u00ed depois de assaltarem um posto de gasolina e trocarem tiros com a pol\u00edcia. De acordo com o boletim de ocorr\u00eancias, os presos assaltaram um posto de combust\u00edveis no distrito de Sapucaia, pr\u00f3ximo a entrada de Patroc\u00ednio do Muria\u00e9. As c\u00e2meras de seguran\u00e7a do posto registraram a a\u00e7\u00e3o dos bandidos e mostraram toda a a\u00e7\u00e3o. Os funcion\u00e1rios ficaram o tempo todo sob a mira de armas e um deles chegou a ser agredido. A a\u00e7\u00e3o durou pouco mais de dois minutos e as imagens mostram quatro assaltantes. A PM montou um cerco e conseguiu encontrar o carro da fuga seguindo pela estrada do Iva\u00ed, foi quando fizeram a abordagem e os bandidos atiraram nos policiais que revidaram. N\u00e3o h\u00e1 informa\u00e7\u00f5es sobre feridos. Dois suspeitos conseguiram fugir. A Pol\u00edcia recuperou parte do dinheiro roubado que estava espalhado pela estrada.<\/p>\n<p style=\"text-align: justify;\"><strong>Mulher morre em acidente na BR 116 pr\u00f3ximo \u00e0 AABB<\/strong><\/p>\n<p style=\"text-align: justify;\">Ediana Francisca da Silva Rodrigues,43, natural Vieiras, faleceu na manh\u00e3 de domingo,29, em um acidente na BR-116, pr\u00f3ximo ao Clube dos Banc\u00e1rios. O carro onde ela viajava saiu da pista e caiu em uma ribanceira. Ela foi atirada para fora do ve\u00edculo e n\u00e3o sobreviveu. De acordo com a PRF ela estava no banco traseiro e n\u00e3o usava cinto de seguran\u00e7a, por isso foi arremessada para fora. O carro seguia com quatro ocupantes, outros dois passageiros foram socorridos pelos Bombeiros e SAMU e encaminhados em estado grave para o Hospital S\u00e3o Paulo. Um dos passageiros teve ferimentos leves. O grupo ia de I\u00fana-ES para o Rio de Janeiro.<\/p>\n","protected":false},"excerpt":{"rendered":"<p>Rapaz de 19 anos \u00e9 baleado no Vermelho Um rapaz de 19 anos foi baleado no rosto e encaminhado para o Hospital S\u00e3o Paulo por vizinhos. O fato aconteceu na noite desta ter\u00e7a-feira,2, na Rua Tereza Garcia, na entrada do campo do distrito de Vermelho. A v\u00edtima, que foi submetida a cirurgia e n\u00e3o corre [&hellip;]<\/p>\n","protected":false},"author":6,"featured_media":0,"comment_status":"open","ping_status":"closed","sticky":false,"template":"","format":"standard","meta":{"_joinchat":[],"footnotes":""},"categories":[1],"tags":[],"class_list":["post-67036","post","type-post","status-publish","format-standard","hentry","category-sem-categoria"],"_links":{"self":[{"href":"http:\/\/folhadosudeste.com\/site\/index.php?rest_route=\/wp\/v2\/posts\/67036","targetHints":{"allow":["GET"]}}],"collection":[{"href":"http:\/\/folhadosudeste.com\/site\/index.php?rest_route=\/wp\/v2\/posts"}],"about":[{"href":"http:\/\/folhadosudeste.com\/site\/index.php?rest_route=\/wp\/v2\/types\/post"}],"author":[{"embeddable":true,"href":"http:\/\/folhadosudeste.com\/site\/index.php?rest_route=\/wp\/v2\/users\/6"}],"replies":[{"embeddable":true,"href":"http:\/\/folhadosudeste.com\/site\/index.php?rest_route=%2Fwp%2Fv2%2Fcomments&post=67036"}],"version-history":[{"count":1,"href":"http:\/\/folhadosudeste.com\/site\/index.php?rest_route=\/wp\/v2\/posts\/67036\/revisions"}],"predecessor-version":[{"id":67038,"href":"http:\/\/folhadosudeste.com\/site\/index.php?rest_route=\/wp\/v2\/posts\/67036\/revisions\/67038"}],"wp:attachment":[{"href":"http:\/\/folhadosudeste.com\/site\/index.php?rest_route=%2Fwp%2Fv2%2Fmedia&parent=67036"}],"wp:term":[{"taxonomy":"category","embeddable":true,"href":"http:\/\/folhadosudeste.com\/site\/index.php?rest_route=%2Fwp%2Fv2%2Fcategories&post=67036"},{"taxonomy":"post_tag","embeddable":true,"href":"http:\/\/folhadosudeste.com\/site\/index.php?rest_route=%2Fwp%2Fv2%2Ftags&post=67036"}],"curies":[{"name":"wp","href":"https:\/\/api.w.org\/{rel}","templated":true}]}}