{"id":67059,"date":"2019-10-07T18:30:54","date_gmt":"2019-10-07T18:30:54","guid":{"rendered":"http:\/\/folhadosudeste.com\/site\/?p=67059"},"modified":"2019-10-07T18:30:54","modified_gmt":"2019-10-07T18:30:54","slug":"eleitas-novas-conselheiras-tutelares-de-muriae","status":"publish","type":"post","link":"http:\/\/folhadosudeste.com\/site\/?p=67059","title":{"rendered":"Eleitas novas conselheiras tutelares de Muria\u00e9"},"content":{"rendered":"<p><a href=\"http:\/\/folhadosudeste.com\/site\/wp-content\/uploads\/2019\/10\/DSCN4777.jpg\"><img loading=\"lazy\" decoding=\"async\" class=\"alignnone wp-image-67060 size-large\" src=\"http:\/\/folhadosudeste.com\/site\/wp-content\/uploads\/2019\/10\/DSCN4777-1024x757.jpg\" alt=\"\" width=\"800\" height=\"591\" srcset=\"http:\/\/folhadosudeste.com\/site\/wp-content\/uploads\/2019\/10\/DSCN4777-1024x757.jpg 1024w, http:\/\/folhadosudeste.com\/site\/wp-content\/uploads\/2019\/10\/DSCN4777-300x222.jpg 300w, http:\/\/folhadosudeste.com\/site\/wp-content\/uploads\/2019\/10\/DSCN4777-768x568.jpg 768w, http:\/\/folhadosudeste.com\/site\/wp-content\/uploads\/2019\/10\/DSCN4777-590x437.jpg 590w, http:\/\/folhadosudeste.com\/site\/wp-content\/uploads\/2019\/10\/DSCN4777.jpg 1500w\" sizes=\"auto, (max-width: 800px) 100vw, 800px\" \/><\/a><\/p>\n<p style=\"text-align: justify;\"><i>Integrantes do Conselho Tutelar ter\u00e3o mandato de quatro anos; elei\u00e7\u00e3o aconteceu no domingo (6), no Teatro Zaccaria Marques<u><\/u><u><\/u><\/i><u><\/u>&nbsp;<u><\/u><\/p>\n<p style=\"text-align: justify;\">As dez novas conselheiras tutelares de Muria\u00e9 &#8211; sendo cinco titulares e cinco suplentes &#8211; foram eleitas neste domingo (6) para o mandato de quatro anos. A elei\u00e7\u00e3o aconteceu no Teatro Zaccaria Marques (pr\u00e9dio da Fundarte).<u><\/u><u><\/u><u><\/u>&nbsp;<u><\/u><\/p>\n<p style=\"text-align: justify;\">As candidatas foram eleitas por col\u00e9gio eleitoral formado por representantes de diversas institui\u00e7\u00f5es, como Prefeitura, Pol\u00edcia Civil, C\u00e2mara de Vereadores, Minist\u00e9rio P\u00fablico, hospitais, clubes de servi\u00e7os, escolas, entre outros, conforme Lei Municipal 4.965\/2015. Das cinco conselheiras titulares eleitas, tr\u00eas foram reconduzidas ao cargo.<u><\/u><u><\/u><u><\/u>&nbsp;<u><\/u><\/p>\n<p style=\"text-align: justify;\">As integrantes ser\u00e3o empossadas dia 10 de janeiro de 2020.<u><\/u><u><\/u><u><\/u>&nbsp;<u><\/u><\/p>\n<p style=\"text-align: justify;\"><b>O Conselho Tutelar &#8211;<\/b>&nbsp;O Conselho Tutelar \u00e9 \u00f3rg\u00e3o permanente e aut\u00f4nomo, encarregado pela sociedade de zelar pelos direitos da crian\u00e7a e do adolescente, cumprindo as atribui\u00e7\u00f5es previstas nos artigos 95 e 136 do Estatuto da Crian\u00e7a e do Adolescente (ECA).<u><\/u><u><\/u><\/p>\n<p style=\"text-align: justify;\"><b><u><\/u>&nbsp;<u><\/u><\/b><b>Conhe\u00e7a as novas conselheiras tutelares de Muria\u00e9:<u><\/u><u><\/u><\/b><\/p>\n<p style=\"text-align: justify;\"><b>Titulares:<u><\/u><u><\/u><\/b><\/p>\n<p style=\"text-align: justify;\">&#8211; K\u00e1tia Aparecida Monteiro Simas Campos &#8211; 45 votos (recondu\u00e7\u00e3o)<u><\/u><u><\/u><\/p>\n<p style=\"text-align: justify;\">&#8211; Michelle Cunha Giannichi &#8211; 44 votos (recondu\u00e7\u00e3o)<u><\/u><u><\/u><\/p>\n<p style=\"text-align: justify;\">&#8211; Heloisa Helena de Campos &#8211; 41 votos (recondu\u00e7\u00e3o)<u><\/u><u><\/u><\/p>\n<p style=\"text-align: justify;\">&#8211; Juliana F\u00e9lix Penido &#8211; 40 votos<\/p>\n<p style=\"text-align: justify;\"><u><\/u><u><\/u>&#8211; Juliana Reis &#8211; 38 votos (venceu no primeiro crit\u00e9rio de desempate: pontua\u00e7\u00e3o no teste escrito)<u><\/u><u><\/u><\/p>\n<p style=\"text-align: justify;\"><u><\/u>&nbsp;<u><\/u><\/p>\n<p style=\"text-align: justify;\"><b>Suplentes:<u><\/u><u><\/u><\/b><\/p>\n<p style=\"text-align: justify;\">&#8211; J\u00falia Maria Matias da Concei\u00e7\u00e3o Bruno &#8211; 38 votos<u><\/u><u><\/u><\/p>\n<p style=\"text-align: justify;\">&#8211; M\u00f4nica Ribeiro de Almeida Valentim &#8211; 28 votos<u><\/u><u><\/u><\/p>\n<p style=\"text-align: justify;\">&#8211; Nathalia Cristina Rosa da Silva &#8211; 21 votos<u><\/u><u><\/u><\/p>\n<p style=\"text-align: justify;\">&#8211; Vanessa da Cunha Claudino &#8211; 18 votos<u><\/u><u><\/u><\/p>\n<p style=\"text-align: justify;\">&#8211; Valdin\u00e9a Luzia da Silva &#8211; 16 votos<u><\/u><u><\/u><\/p>\n<p style=\"text-align: justify;\"><b><u><\/u>&nbsp;<u><\/u><\/b><\/p>\n<p style=\"text-align: justify;\"><b>Eliminada:<u><\/u><u><\/u><\/b><\/p>\n<p style=\"text-align: justify;\">&#8211; Cl\u00e1udia Ara\u00fajo de Carvalho Bueno &#8211; 12 votos<u><\/u><u><\/u><\/p>\n<p style=\"text-align: justify;\"><b>Eleitas novas conselheiras tutelares de Muria\u00e9<u><\/u><u><\/u><\/b><\/p>\n<p style=\"text-align: justify;\"><i>Integrantes do Conselho Tutelar ter\u00e3o mandato de quatro anos; elei\u00e7\u00e3o aconteceu no domingo (6), no Teatro Zaccaria Marques<u><\/u><u><\/u><\/i><\/p>\n<p style=\"text-align: justify;\"><u><\/u>&nbsp;<u><\/u><\/p>\n<p style=\"text-align: justify;\">As dez novas conselheiras tutelares de Muria\u00e9 &#8211; sendo cinco titulares e cinco suplentes &#8211; foram eleitas neste domingo (6) para o mandato de quatro anos. A elei\u00e7\u00e3o aconteceu no Teatro Zaccaria Marques (pr\u00e9dio da Fundarte).<u><\/u><u><\/u><\/p>\n<p style=\"text-align: justify;\"><u><\/u>&nbsp;<u><\/u><\/p>\n<p style=\"text-align: justify;\">As candidatas foram eleitas por col\u00e9gio eleitoral formado por representantes de diversas institui\u00e7\u00f5es, como Prefeitura, Pol\u00edcia Civil, C\u00e2mara de Vereadores, Minist\u00e9rio P\u00fablico, hospitais, clubes de servi\u00e7os, escolas, entre outros, conforme Lei Municipal 4.965\/2015. Das cinco conselheiras titulares eleitas, tr\u00eas foram reconduzidas ao cargo.<u><\/u><u><\/u><\/p>\n<p style=\"text-align: justify;\"><u><\/u>&nbsp;<u><\/u><\/p>\n<p style=\"text-align: justify;\">As integrantes ser\u00e3o empossadas dia 10 de janeiro de 2020.<u><\/u><u><\/u><\/p>\n<p style=\"text-align: justify;\"><u><\/u>&nbsp;<u><\/u><\/p>\n<p style=\"text-align: justify;\"><b>O Conselho Tutelar &#8211;<\/b>&nbsp;O Conselho Tutelar \u00e9 \u00f3rg\u00e3o permanente e aut\u00f4nomo, encarregado pela sociedade de zelar pelos direitos da crian\u00e7a e do adolescente, cumprindo as atribui\u00e7\u00f5es previstas nos artigos 95 e 136 do Estatuto da Crian\u00e7a e do Adolescente (ECA).<u><\/u><u><\/u><\/p>\n<p style=\"text-align: justify;\"><b><u><\/u>&nbsp;<u><\/u><\/b><\/p>\n<p style=\"text-align: justify;\"><b>Conhe\u00e7a as novas conselheiras tutelares de Muria\u00e9:<u><\/u><u><\/u><\/b><\/p>\n<p style=\"text-align: justify;\"><b>Titulares:<u><\/u><u><\/u><\/b><\/p>\n<p style=\"text-align: justify;\">&#8211; K\u00e1tia Aparecida Monteiro Simas Campos &#8211; 45 votos (recondu\u00e7\u00e3o)<u><\/u><u><\/u><\/p>\n<p style=\"text-align: justify;\">&#8211; Michelle Cunha Giannichi &#8211; 44 votos (recondu\u00e7\u00e3o)<u><\/u><u><\/u><\/p>\n<p style=\"text-align: justify;\">&#8211; Heloisa Helena de Campos &#8211; 41 votos (recondu\u00e7\u00e3o)<u><\/u><u><\/u><\/p>\n<p style=\"text-align: justify;\">&#8211; Juliana F\u00e9lix Penido &#8211; 40 votos<u><\/u><u><\/u><\/p>\n<p style=\"text-align: justify;\">&#8211; Juliana Reis &#8211; 38 votos (venceu no primeiro crit\u00e9rio de desempate: pontua\u00e7\u00e3o no teste escrito)<u><\/u><u><\/u><\/p>\n<p style=\"text-align: justify;\"><u><\/u>&nbsp;<u><\/u><\/p>\n<p style=\"text-align: justify;\"><b>Suplentes:<u><\/u><u><\/u><\/b><\/p>\n<p style=\"text-align: justify;\">&#8211; J\u00falia Maria Matias da Concei\u00e7\u00e3o Bruno &#8211; 38 votos<u><\/u><u><\/u><\/p>\n<p style=\"text-align: justify;\">&#8211; M\u00f4nica Ribeiro de Almeida Valentim &#8211; 28 votos<u><\/u><u><\/u><\/p>\n<p style=\"text-align: justify;\">&#8211; Nathalia Cristina Rosa da Silva &#8211; 21 votos<u><\/u><u><\/u><\/p>\n<p style=\"text-align: justify;\">&#8211; Vanessa da Cunha Claudino &#8211; 18 votos<u><\/u><u><\/u><\/p>\n<p style=\"text-align: justify;\">&#8211; Valdin\u00e9a Luzia da Silva &#8211; 16 votos<u><\/u><u><\/u><\/p>\n<p style=\"text-align: justify;\"><b><u><\/u>&nbsp;<u><\/u><\/b><\/p>\n<p style=\"text-align: justify;\"><b>Eliminada:<u><\/u><u><\/u><\/b><\/p>\n<p style=\"text-align: justify;\">&#8211; Cl\u00e1udia Ara\u00fajo de Carvalho Bueno &#8211; 12 votos<\/p>\n<p><a href=\"http:\/\/folhadosudeste.com\/site\/wp-content\/uploads\/2019\/10\/DSCN4781.jpg\"><img loading=\"lazy\" decoding=\"async\" class=\"alignnone wp-image-67061 size-large\" src=\"http:\/\/folhadosudeste.com\/site\/wp-content\/uploads\/2019\/10\/DSCN4781-1024x610.jpg\" alt=\"\" width=\"800\" height=\"477\" srcset=\"http:\/\/folhadosudeste.com\/site\/wp-content\/uploads\/2019\/10\/DSCN4781-1024x610.jpg 1024w, http:\/\/folhadosudeste.com\/site\/wp-content\/uploads\/2019\/10\/DSCN4781-300x179.jpg 300w, http:\/\/folhadosudeste.com\/site\/wp-content\/uploads\/2019\/10\/DSCN4781-768x457.jpg 768w, http:\/\/folhadosudeste.com\/site\/wp-content\/uploads\/2019\/10\/DSCN4781.jpg 1500w\" sizes=\"auto, (max-width: 800px) 100vw, 800px\" \/><\/a> <a href=\"http:\/\/folhadosudeste.com\/site\/wp-content\/uploads\/2019\/10\/DSCN4785.jpg\"><img loading=\"lazy\" decoding=\"async\" class=\"alignnone wp-image-67062 size-large\" src=\"http:\/\/folhadosudeste.com\/site\/wp-content\/uploads\/2019\/10\/DSCN4785-1024x556.jpg\" alt=\"\" width=\"800\" height=\"434\" srcset=\"http:\/\/folhadosudeste.com\/site\/wp-content\/uploads\/2019\/10\/DSCN4785-1024x556.jpg 1024w, http:\/\/folhadosudeste.com\/site\/wp-content\/uploads\/2019\/10\/DSCN4785-300x163.jpg 300w, http:\/\/folhadosudeste.com\/site\/wp-content\/uploads\/2019\/10\/DSCN4785-768x417.jpg 768w, http:\/\/folhadosudeste.com\/site\/wp-content\/uploads\/2019\/10\/DSCN4785.jpg 1500w\" sizes=\"auto, (max-width: 800px) 100vw, 800px\" \/><\/a> <a href=\"http:\/\/folhadosudeste.com\/site\/wp-content\/uploads\/2019\/10\/DSCN4794.jpg\"><img loading=\"lazy\" decoding=\"async\" class=\"alignnone wp-image-67063 size-large\" src=\"http:\/\/folhadosudeste.com\/site\/wp-content\/uploads\/2019\/10\/DSCN4794-1024x768.jpg\" alt=\"\" width=\"800\" height=\"600\" srcset=\"http:\/\/folhadosudeste.com\/site\/wp-content\/uploads\/2019\/10\/DSCN4794-1024x768.jpg 1024w, http:\/\/folhadosudeste.com\/site\/wp-content\/uploads\/2019\/10\/DSCN4794-300x225.jpg 300w, http:\/\/folhadosudeste.com\/site\/wp-content\/uploads\/2019\/10\/DSCN4794-768x576.jpg 768w, http:\/\/folhadosudeste.com\/site\/wp-content\/uploads\/2019\/10\/DSCN4794.jpg 1500w\" sizes=\"auto, (max-width: 800px) 100vw, 800px\" \/><\/a> <a href=\"http:\/\/folhadosudeste.com\/site\/wp-content\/uploads\/2019\/10\/IMG_9453.jpg\"><img loading=\"lazy\" decoding=\"async\" class=\"alignnone wp-image-67064 size-large\" src=\"http:\/\/folhadosudeste.com\/site\/wp-content\/uploads\/2019\/10\/IMG_9453-1024x738.jpg\" alt=\"\" width=\"800\" height=\"577\" srcset=\"http:\/\/folhadosudeste.com\/site\/wp-content\/uploads\/2019\/10\/IMG_9453-1024x738.jpg 1024w, http:\/\/folhadosudeste.com\/site\/wp-content\/uploads\/2019\/10\/IMG_9453-300x216.jpg 300w, http:\/\/folhadosudeste.com\/site\/wp-content\/uploads\/2019\/10\/IMG_9453-768x553.jpg 768w, http:\/\/folhadosudeste.com\/site\/wp-content\/uploads\/2019\/10\/IMG_9453.jpg 1500w\" sizes=\"auto, (max-width: 800px) 100vw, 800px\" \/><\/a><\/p>\n","protected":false},"excerpt":{"rendered":"<p>Integrantes do Conselho Tutelar ter\u00e3o mandato de quatro anos; elei\u00e7\u00e3o aconteceu no domingo (6), no Teatro Zaccaria Marques&nbsp; As dez novas conselheiras tutelares de Muria\u00e9 &#8211; sendo cinco titulares e cinco suplentes &#8211; foram eleitas neste domingo (6) para o mandato de quatro anos. A elei\u00e7\u00e3o aconteceu no Teatro Zaccaria Marques (pr\u00e9dio da Fundarte).&nbsp; As [&hellip;]<\/p>\n","protected":false},"author":6,"featured_media":0,"comment_status":"open","ping_status":"closed","sticky":false,"template":"","format":"standard","meta":{"_joinchat":[],"footnotes":""},"categories":[1],"tags":[],"class_list":["post-67059","post","type-post","status-publish","format-standard","hentry","category-sem-categoria"],"_links":{"self":[{"href":"http:\/\/folhadosudeste.com\/site\/index.php?rest_route=\/wp\/v2\/posts\/67059","targetHints":{"allow":["GET"]}}],"collection":[{"href":"http:\/\/folhadosudeste.com\/site\/index.php?rest_route=\/wp\/v2\/posts"}],"about":[{"href":"http:\/\/folhadosudeste.com\/site\/index.php?rest_route=\/wp\/v2\/types\/post"}],"author":[{"embeddable":true,"href":"http:\/\/folhadosudeste.com\/site\/index.php?rest_route=\/wp\/v2\/users\/6"}],"replies":[{"embeddable":true,"href":"http:\/\/folhadosudeste.com\/site\/index.php?rest_route=%2Fwp%2Fv2%2Fcomments&post=67059"}],"version-history":[{"count":1,"href":"http:\/\/folhadosudeste.com\/site\/index.php?rest_route=\/wp\/v2\/posts\/67059\/revisions"}],"predecessor-version":[{"id":67065,"href":"http:\/\/folhadosudeste.com\/site\/index.php?rest_route=\/wp\/v2\/posts\/67059\/revisions\/67065"}],"wp:attachment":[{"href":"http:\/\/folhadosudeste.com\/site\/index.php?rest_route=%2Fwp%2Fv2%2Fmedia&parent=67059"}],"wp:term":[{"taxonomy":"category","embeddable":true,"href":"http:\/\/folhadosudeste.com\/site\/index.php?rest_route=%2Fwp%2Fv2%2Fcategories&post=67059"},{"taxonomy":"post_tag","embeddable":true,"href":"http:\/\/folhadosudeste.com\/site\/index.php?rest_route=%2Fwp%2Fv2%2Ftags&post=67059"}],"curies":[{"name":"wp","href":"https:\/\/api.w.org\/{rel}","templated":true}]}}