{"id":67069,"date":"2019-10-07T18:50:23","date_gmt":"2019-10-07T18:50:23","guid":{"rendered":"http:\/\/folhadosudeste.com\/site\/?p=67069"},"modified":"2019-10-07T18:50:23","modified_gmt":"2019-10-07T18:50:23","slug":"energisa-alerta-para-o-consumo-consciente-neste-periodo-seco-e-quente","status":"publish","type":"post","link":"http:\/\/folhadosudeste.com\/site\/?p=67069","title":{"rendered":"Energisa alerta para o consumo consciente neste per\u00edodo seco e quente"},"content":{"rendered":"<p style=\"text-align: justify;\"><i>Temperatura mais altas causam maior esfor\u00e7o dos equipamentos eletr\u00f4nicos<\/i><\/p>\n<p class=\"m_-4887588770353945760MsoNoSpacing\" style=\"text-align: justify;\">Est\u00e1 chegando a \u00e9poca das altas temperaturas. E a aten\u00e7\u00e3o deve ser refor\u00e7ada neste per\u00edodo. Isso porque os equipamentos trabalham muito mais, gastando mais energia para se manter com o mesmo funcionamento que nos meses mais frios.<u><\/u><u><\/u><\/p>\n<p class=\"m_-4887588770353945760MsoNoSpacing\" style=\"text-align: justify;\"><u><\/u>\u201cOu seja, mesmo que o h\u00e1bito de consumo n\u00e3o mude, \u00e9 poss\u00edvel que haja uma varia\u00e7\u00e3o no valor da conta de luz.&nbsp;Por exemplo: o motor da geladeira e o ar-condicionado precisam funcionar com mais intensidade para manter a temperatura baixa por conta do calor do ambiente\u201d, explica o gerente de Servi\u00e7os Comerciais, Luciano Lima.<u><\/u><u><\/u><\/p>\n<p class=\"m_-4887588770353945760MsoNoSpacing\" style=\"text-align: justify;\"><u><\/u>Nesses casos, manter portas e janelas fechadas em ambientes com ar-condicionado ou n\u00e3o deixar a geladeira aberta por longos per\u00edodos s\u00e3o a\u00e7\u00f5es simples, mas que podem representar uma boa economia na hora de pagar a conta de luz.<u><\/u><u><\/u><\/p>\n<p class=\"m_-4887588770353945760MsoNoSpacing\" style=\"text-align: justify;\"><u><\/u>Outro fator que impacta no valor das faturas s\u00e3o as bandeiras tarif\u00e1rias, criadas pela Ag\u00eancia Nacional de Energia El\u00e9trica \u2013 ANEEL, que anunciou que a bandeira ser\u00e1 amarela neste m\u00eas de outubro, com taxa extra de R$ 1,50 a cada 100 quilowatt-hora (kWh) consumidos. Apesar da melhora nas condi\u00e7\u00f5es clim\u00e1ticas nos \u00faltimos dias, ainda estamos em um per\u00edodo menos favor\u00e1vel para a gera\u00e7\u00e3o de energia el\u00e9trica.<u><\/u><u><\/u><\/p>\n<p class=\"m_-4887588770353945760MsoNoSpacing\" style=\"text-align: justify;\"><u><\/u>\u201cNas faturas de energia tamb\u00e9m existem impostos estaduais e federais que s\u00e3o calculados de acordo com o consumo. Diante deste cen\u00e1rio, a empresa recomenda que os clientes acompanhem de perto o seu hist\u00f3rico de consumo. Assim, \u00e9 poss\u00edvel entender a varia\u00e7\u00e3o de consumo no per\u00edodo\u201d, explica Luciano.<u><\/u><u><\/u><\/p>\n<p class=\"m_-4887588770353945760MsoNoSpacing\" style=\"text-align: justify;\"><u><\/u>E para ficar por dentro de dicas importantes sobre o uso consciente da energia el\u00e9trica, a Energisa preparou um v\u00eddeo para ajudar os clientes a economizar. Veja&nbsp;<a href=\"https:\/\/www.youtube.com\/watch?v=XpfgLZ2mLPk\" target=\"_blank\" rel=\"noopener\" data-saferedirecturl=\"https:\/\/www.google.com\/url?q=https:\/\/www.youtube.com\/watch?v%3DXpfgLZ2mLPk&amp;source=gmail&amp;ust=1570560043083000&amp;usg=AFQjCNFXTldLkjHC12JNVXvpYGGfl5ogWA\">aqui<\/a>&nbsp;e se liga nas orienta\u00e7\u00f5es. Atitudes simples podem gerar economia de energia o ano todo.<\/p>\n<p><a href=\"http:\/\/folhadosudeste.com\/site\/wp-content\/uploads\/2019\/10\/image005-1.jpg\"><img loading=\"lazy\" decoding=\"async\" class=\"alignnone size-full wp-image-67070\" src=\"http:\/\/folhadosudeste.com\/site\/wp-content\/uploads\/2019\/10\/image005-1.jpg\" alt=\"\" width=\"1212\" height=\"857\" srcset=\"http:\/\/folhadosudeste.com\/site\/wp-content\/uploads\/2019\/10\/image005-1.jpg 1212w, http:\/\/folhadosudeste.com\/site\/wp-content\/uploads\/2019\/10\/image005-1-300x212.jpg 300w, http:\/\/folhadosudeste.com\/site\/wp-content\/uploads\/2019\/10\/image005-1-768x543.jpg 768w, http:\/\/folhadosudeste.com\/site\/wp-content\/uploads\/2019\/10\/image005-1-1024x724.jpg 1024w\" sizes=\"auto, (max-width: 1212px) 100vw, 1212px\" \/><\/a><\/p>\n<div style=\"width: 640px;\" class=\"wp-video\"><!--[if lt IE 9]><script>document.createElement('video');<\/script><![endif]-->\n<video class=\"wp-video-shortcode\" id=\"video-67069-1\" width=\"640\" height=\"360\" preload=\"metadata\" controls=\"controls\"><source type=\"video\/mp4\" src=\"http:\/\/folhadosudeste.com\/site\/wp-content\/uploads\/2019\/10\/Energisa-_-Varia\u00e7\u00e3o-de-Consumo.mp4?_=1\" \/><a href=\"http:\/\/folhadosudeste.com\/site\/wp-content\/uploads\/2019\/10\/Energisa-_-Varia\u00e7\u00e3o-de-Consumo.mp4\">http:\/\/folhadosudeste.com\/site\/wp-content\/uploads\/2019\/10\/Energisa-_-Varia\u00e7\u00e3o-de-Consumo.mp4<\/a><\/video><\/div>\n","protected":false},"excerpt":{"rendered":"<p>Temperatura mais altas causam maior esfor\u00e7o dos equipamentos eletr\u00f4nicos Est\u00e1 chegando a \u00e9poca das altas temperaturas. E a aten\u00e7\u00e3o deve ser refor\u00e7ada neste per\u00edodo. Isso porque os equipamentos trabalham muito mais, gastando mais energia para se manter com o mesmo funcionamento que nos meses mais frios. \u201cOu seja, mesmo que o h\u00e1bito de consumo n\u00e3o [&hellip;]<\/p>\n","protected":false},"author":6,"featured_media":0,"comment_status":"open","ping_status":"closed","sticky":false,"template":"","format":"standard","meta":{"_joinchat":[],"footnotes":""},"categories":[1],"tags":[],"class_list":["post-67069","post","type-post","status-publish","format-standard","hentry","category-sem-categoria"],"_links":{"self":[{"href":"http:\/\/folhadosudeste.com\/site\/index.php?rest_route=\/wp\/v2\/posts\/67069","targetHints":{"allow":["GET"]}}],"collection":[{"href":"http:\/\/folhadosudeste.com\/site\/index.php?rest_route=\/wp\/v2\/posts"}],"about":[{"href":"http:\/\/folhadosudeste.com\/site\/index.php?rest_route=\/wp\/v2\/types\/post"}],"author":[{"embeddable":true,"href":"http:\/\/folhadosudeste.com\/site\/index.php?rest_route=\/wp\/v2\/users\/6"}],"replies":[{"embeddable":true,"href":"http:\/\/folhadosudeste.com\/site\/index.php?rest_route=%2Fwp%2Fv2%2Fcomments&post=67069"}],"version-history":[{"count":1,"href":"http:\/\/folhadosudeste.com\/site\/index.php?rest_route=\/wp\/v2\/posts\/67069\/revisions"}],"predecessor-version":[{"id":67072,"href":"http:\/\/folhadosudeste.com\/site\/index.php?rest_route=\/wp\/v2\/posts\/67069\/revisions\/67072"}],"wp:attachment":[{"href":"http:\/\/folhadosudeste.com\/site\/index.php?rest_route=%2Fwp%2Fv2%2Fmedia&parent=67069"}],"wp:term":[{"taxonomy":"category","embeddable":true,"href":"http:\/\/folhadosudeste.com\/site\/index.php?rest_route=%2Fwp%2Fv2%2Fcategories&post=67069"},{"taxonomy":"post_tag","embeddable":true,"href":"http:\/\/folhadosudeste.com\/site\/index.php?rest_route=%2Fwp%2Fv2%2Ftags&post=67069"}],"curies":[{"name":"wp","href":"https:\/\/api.w.org\/{rel}","templated":true}]}}