{"id":67074,"date":"2019-10-09T19:29:20","date_gmt":"2019-10-09T19:29:20","guid":{"rendered":"http:\/\/folhadosudeste.com\/site\/?p=67074"},"modified":"2019-10-09T19:29:20","modified_gmt":"2019-10-09T19:29:20","slug":"muriae-sediou-o-seminario-nacional-de-turismo-e-patrimonio-cultural","status":"publish","type":"post","link":"http:\/\/folhadosudeste.com\/site\/?p=67074","title":{"rendered":"MURIA\u00c9 SEDIOU O SEMIN\u00c1RIO NACIONAL DE TURISMO E PATRIM\u00d4NIO CULTURAL"},"content":{"rendered":"<p><a href=\"http:\/\/folhadosudeste.com\/site\/wp-content\/uploads\/2019\/10\/PLATEIA-2.jpg\"><img loading=\"lazy\" decoding=\"async\" class=\"alignnone size-full wp-image-67075\" src=\"http:\/\/folhadosudeste.com\/site\/wp-content\/uploads\/2019\/10\/PLATEIA-2.jpg\" alt=\"\" width=\"1024\" height=\"768\" srcset=\"http:\/\/folhadosudeste.com\/site\/wp-content\/uploads\/2019\/10\/PLATEIA-2.jpg 1024w, http:\/\/folhadosudeste.com\/site\/wp-content\/uploads\/2019\/10\/PLATEIA-2-300x225.jpg 300w, http:\/\/folhadosudeste.com\/site\/wp-content\/uploads\/2019\/10\/PLATEIA-2-768x576.jpg 768w\" sizes=\"auto, (max-width: 1024px) 100vw, 1024px\" \/><\/a><\/p>\n<p style=\"text-align: justify;\">Evento aconteceu entre dias 3 e 5 de outubro, no Unifaminas com &nbsp;entrada gratuita e contou com palestras, apresenta\u00e7\u00f5es culturais, pain\u00e9is tem\u00e1ticos, exposi\u00e7\u00e3o de fotografias, entre outros.<\/p>\n<p style=\"text-align: justify;\">O objetivo do Semin\u00e1rio foi promover o debate participativo sobre a tem\u00e1tica e a capacita\u00e7\u00e3o dos diversos atores envolvidos, como gestores, artes\u00e3os e prestadores de servi\u00e7o, al\u00e9m de v\u00e1rias atividades paralelas.<\/p>\n<p style=\"text-align: justify;\">A edi\u00e7\u00e3o de 2019 com o tema \u201cDesenvolvimento e Cidades Sustent\u00e1veis\u201d fez uma abordagem da cultura em suas m\u00faltiplas express\u00f5es como patrim\u00f4nio cultural.<\/p>\n<p style=\"text-align: justify;\">O Semin\u00e1rio foi uma realiza\u00e7\u00e3o da Prefeitura de Muria\u00e9, Fundarte e Sebrae, com apoio institucional do Unifaminas e Fecitur e parceria de viabiliza\u00e7\u00e3o do Circuito Tur\u00edstico Serra do Brigadeiro e Agenda 21 da Cultura.<\/p>\n<p style=\"text-align: justify;\">Vale lembrar que Muria\u00e9 \u00e9 \u00fanica cidade brasileira a participar do programa desenvolvido pela organiza\u00e7\u00e3o internacional \u201cCidades e Governos Locais Unidos \u2013 CGLU\u201d, denominado \u201cCultura nas cidades sustent\u00e1veis: Aprendendo com Cultura 21\u201d.<\/p>\n<p style=\"text-align: justify;\">Na abertura, no hall principal, foi montada uma Feira de Neg\u00f3cios Tur\u00edsticos com v\u00e1rios stands mostrando o potencial tur\u00edstico desta regi\u00e3o de Minas com seus parques, serras e circuitos e ainda as iniciativas j\u00e1 criadas para alavancar o turismo regional, bem como a produ\u00e7\u00e3o de artesanatos e produtos diversos.<\/p>\n<p style=\"text-align: justify;\">Estava sendo aguardada a presen\u00e7a do Ministro do Turismo, Marcelo \u00c1lvaro Ant\u00f4nio, o qual n\u00e3o pode comparecer, mas enviou seu representante Deputado Estadual Professor Irineu, presidente da comiss\u00e3o extraordin\u00e1ria de turismo e gastronomia da Assembleia Legislativa de MG. Entre os presentes, o prefeito de Muria\u00e9, Grego e a Diretora da Fundarte, Flavia Neves que abriram oficialmente o semin\u00e1rio que contou com a presen\u00e7a de v\u00e1rios prefeitos de munic\u00edpios da regi\u00e3o, bem como autoridades ligadas ao turismo e ao Patrim\u00f4nio Cultural tais como: Jo\u00e3o Cruz Reis Filho, Diretor T\u00e9cnico do Sebrae; \u00cdvna Mascarenhas, Diretora do Fundo Estadual de Cultura de Minas Gerais, representando o Secret\u00e1rio de Estado de Cultura e Turismo, Marcelo Matte; Adriana Ferreira Cruz, Vice-presidente da Federa\u00e7\u00e3o dos Circuitos Tur\u00edsticos de Minas Gerais; Ramon Vieira, Assessor de Gabinete do IEPHA-MG; Elise Ferreira, presidente do Circuito Tur\u00edstico Serra do Brigadeiro; Mayla Toffolo Coordenadora do curso de Gastronomia e Nutri\u00e7\u00e3o do Unifaminas, entre outros.<\/p>\n<p style=\"text-align: justify;\">&nbsp;<\/p>\n<p style=\"text-align: justify;\">Ap\u00f3s a abertura oficial foram entregues os Pr\u00eamios aos vencedores do 1\u00ba Pr\u00eamio Muria\u00e9 de Fotografia da Fundarte.<\/p>\n<p style=\"text-align: justify;\">As melhores fotografias, sob o tema \u201cturismo e patrim\u00f4nio cultural\u201d, abrangidas pelo subtema: \u201cpaisagem, patrim\u00f4nio material e patrim\u00f4nio imaterial\u201d renderam lindas fotos.<\/p>\n<p style=\"text-align: justify;\">Foram inscritas 13 (treze) fotografias na categoria profissional e 69 (sessenta e nove) fotografias na categoria amador e pela excel\u00eancia do trabalho realizado a Funda\u00e7\u00e3o de Cultura e Artes de Muria\u00e9 outorgou men\u00e7\u00e3o honrosa aos seguintes fot\u00f3grafos:<\/p>\n<p style=\"text-align: justify;\">Categoria Amador:<\/p>\n<p style=\"text-align: justify;\">Alexandre Fernandes Masson Jacques, Bruno Bennec, Daniela Barbosa Bisaggio, Erick de Almeida Cordeiro, Iv\u00e2nia Cristina Corr\u00eaa de Andrade, Micheline do Carmo Silva Rangel, Patricia Caroline de Melo Martins.<\/p>\n<p style=\"text-align: justify;\">&nbsp;<\/p>\n<p style=\"text-align: justify;\">Categoria Profissional:<\/p>\n<p style=\"text-align: justify;\">Andr\u00e9 Gomes de Sousa Berlinck, Ayrton Sanches Fernandes, Cl\u00e1udio Antonio Gon\u00e7alves Cordeiro, Fabio Augusto Pinheiro, Fernando Raine Teixeira, Magno Thompson Valente dos Santos. Marcelo Corr\u00eaa da Silva, Thamires da Paix\u00e3o Costa.<\/p>\n<p style=\"text-align: justify;\">&nbsp;<\/p>\n<p style=\"text-align: justify;\">Vencedores Categoria Amador:<\/p>\n<p style=\"text-align: justify;\">3\u00ba lugar &#8211; Marcus Vin\u00edcius de Oliveira Guedes \u2013 subtema paisagem: Cachoeira Usina da Fuma\u00e7a. 2\u00ba lugar &#8211; Darlon Muniz de Souza \u2013 subtema patrim\u00f4nio material: Complexo do Cristo Redentor. 1\u00ba lugar &#8211; Jhonatan Weslley Araujo Lima &#8211; subtema paisagem: \u2018Vista Panor\u00e2mica da Pedra Santa Maria\u201d.<\/p>\n<p style=\"text-align: justify;\">&nbsp;<\/p>\n<p style=\"text-align: justify;\">Vencedores Categoria Profissional:<\/p>\n<p style=\"text-align: justify;\">3\u00ba lugar &#8211; Euler Pereira Luz \u2013 subtema patrim\u00f4nio imaterial: \u201cRoda de Capoeira\u201d. 2\u00ba lugar &#8211; Yasmin Amarante Rodrigues Gouv\u00eaa \u2013 subtema paisagem: propiedade rural na estrada da cachoeira \u201cUsina da Fuma\u00e7a\u201d.&nbsp; 1\u00ba lugar &#8211; Andr\u00e9 Luiz Rangel da Silva &#8211; subtema patrim\u00f4nio material: rel\u00f3gio da pra\u00e7a Jo\u00e3o Pinheiro. As fotos foram expostas durante o evento para aprecia\u00e7\u00e3o de todos.<\/p>\n<p style=\"text-align: justify;\">Logo ap\u00f3s, foram entregues os Pr\u00eamios de Incentivo ao Patrim\u00f4nio Cultural de Muria\u00e9 \u201cMaria Bernadete Andrade Silva\u201d &#8211; ano 2019.<\/p>\n<p style=\"text-align: justify;\">\u00c9 necess\u00e1rio pensar em patrim\u00f4nio cultural n\u00e3o apenas como pol\u00edtica p\u00fablica de preserva\u00e7\u00e3o de um repert\u00f3rio de bens visando sua integridade f\u00edsica, ele \u00e9 o di\u00e1logo constante entre passado e presente e que ser\u00e1 legado \u00e0s futuras gera\u00e7\u00f5es. Por isso, o \u201cPr\u00eamio de Incentivo ao Patrim\u00f4nio Cultural de Muria\u00e9\u201d se faz acontecer com o objetivo de dar visibilidade e agradecimento \u00e0s pr\u00e1ticas de preserva\u00e7\u00e3o cultural feitas pelos cidad\u00e3os muriaeenses, o pr\u00eamio \u00e9 subdividido em cinco categorias, s\u00e3o elas:<\/p>\n<p style=\"text-align: justify;\">&nbsp;<\/p>\n<p style=\"text-align: justify;\">CATEGORIA&nbsp; 1: PATRIM\u00d4NIO MATERIAL, BENS TOMBADOS:&nbsp;<\/p>\n<p style=\"text-align: justify;\">CENTRO CULTURAL E TUR\u00cdSTICO REGIONAL DR. PIO SOARES CANEDO &#8211; GRANDE HOTEL MURIAHE.<\/p>\n<p style=\"text-align: justify;\">CATEGORIA 2: PATRIM\u00d4NIO MATERIAL, BENS INVENTARIADOS: RESID\u00caNCIA NEWTON RESENDE J\u00daNIOR.<\/p>\n<p style=\"text-align: justify;\">&nbsp;<\/p>\n<p style=\"text-align: justify;\">CATEGORIA&nbsp; 3: PATRIM\u00d4NIO IMATERIAL:<\/p>\n<p style=\"text-align: justify;\">FOLIA JORNADA DE REIS ANJO SERAFIM<\/p>\n<p style=\"text-align: justify;\">&nbsp;<\/p>\n<p style=\"text-align: justify;\">CATEGORIA&nbsp; 4: RESPONSABILIDADE SOCIAL:<\/p>\n<p style=\"text-align: justify;\">LIONS HELEN KELLER.<\/p>\n<p style=\"text-align: justify;\">&nbsp;<\/p>\n<p style=\"text-align: justify;\">CATEGORIA&nbsp; 5: A\u00c7\u00d5ES EDUCATIVAS:<\/p>\n<p style=\"text-align: justify;\">ASSOCIA\u00c7\u00c3O DE SURDOS DE MURIA\u00c9<\/p>\n<p style=\"text-align: justify;\">&nbsp;<\/p>\n<p style=\"text-align: justify;\">J\u00e1 na sexta-feira, pela manh\u00e3 aconteceu o lan\u00e7amento da Cartilha de Educa\u00e7\u00e3o Patrimonial;&nbsp;e &nbsp;Workshops simult\u00e2neos com os temas:&nbsp;<\/p>\n<ol style=\"text-align: justify;\">\n<li>Regionaliza\u00e7\u00e3o, capta\u00e7\u00e3o de recurso e financiamento,&nbsp;<\/li>\n<li>Marketing de destino e promo\u00e7\u00e3o do turismo,&nbsp;<\/li>\n<li>Marketing para produtos artesanais,&nbsp;<\/li>\n<li>Ecoturismo e passeios tur\u00edsticos: inova\u00e7\u00e3o, sustentabilidade e neg\u00f3cios,&nbsp;<\/li>\n<li>Experi\u00eancias gastron\u00f4micas para hot\u00e9is, bares e restaurantes,&nbsp;<\/li>\n<li>Cuidados no preparo e manipula\u00e7\u00e3o de alimentos para hot\u00e9is, bares e restaurantes.<\/li>\n<\/ol>\n<p style=\"text-align: justify;\">\u00c0 tarde, iniciando os trabalhos, tivemos a apresenta\u00e7\u00e3o da pesquisa \u201cMuria\u00e9 pelo olhar dos turistas e dos operadores locais\u201d, uma pesquisa realizada pela Fundarte em parceria com o Sebrae apresentada pelo consultor, Fl\u00e1vio Vitarelli. Logo ap\u00f3s, a Diretora Fl\u00e1via Neves ao lado do Secret\u00e1rio de Cultura de S\u00e3o Jos\u00e9 da Lapa, S\u00e9rgio de Paula lan\u00e7aram o F\u00f3rum Mineiro de Gestores Municipais de Cultura, que busca a intera\u00e7\u00e3o dos gestores na promo\u00e7\u00e3o e no desenvolvimento das a\u00e7\u00f5es de cultura.<\/p>\n<p style=\"text-align: justify;\">Na sequencia o Painel \u201cDesenvolvimento Humano e Cidades Sustent\u00e1veis: estrat\u00e9gias de desenvolvimento territorial\u201d com media\u00e7\u00e3o do professor Jos\u00e9 de Oliveira Junior e relatoria de Amanda Carolina Pinto Moreira e como debatedores: Ana Paula do Val, Leonardo Civale, Rodrigo de Oliveira Perp\u00e9tuo, Caroline Craveiro, Juan Brizuela, Ma\u00edta Machado, Rodrigo Nunes Ferreira, Walk\u00edria Maria de Freitas Martins.&nbsp;&nbsp;&nbsp;&nbsp;&nbsp;&nbsp;&nbsp;&nbsp;&nbsp;&nbsp;&nbsp;&nbsp;&nbsp;&nbsp;&nbsp;&nbsp;&nbsp;&nbsp;&nbsp;&nbsp;&nbsp;&nbsp;<\/p>\n<p style=\"text-align: justify;\">Em seguida;&nbsp;tamb\u00e9m com media\u00e7\u00e3o de Jos\u00e9 de Oliveira Junior tivemos o painel Criatividade e Cidade: Mem\u00f3ria, Turismo e Desenvolvimento Regional e como debatedores: Laura Renno Tenenwurcel, Marcos Olender, Ant\u00f4nio Renato Guarino, M\u00f4nica Olender, Ramon Vieira, Regina Varella, e Fl\u00e1vio Vitarelli.&nbsp;&nbsp;<\/p>\n<p style=\"text-align: justify;\">Ao final do Semin\u00e1rio foi entregue o certificado de Capacita\u00e7\u00e3o de Agente de Turismo Rural, em parceria com o SENAR, e que foi ministrado pela instrutora Cla\u00fadia Ferolla, aos alunos que conclu\u00edram o curso realizado entre abril e outubro desse ano, com 6 m\u00f3dulos de forma\u00e7\u00e3o com foco na promo\u00e7\u00e3o do conhecimento sobre as potencialidades e servi\u00e7os do turismo em Muria\u00e9 e regi\u00e3o, formando 9 agentes de turismo rural.<\/p>\n<p style=\"text-align: justify;\">Os Certificados foram entregues pela Diretora da Fundarte, Fl\u00e1via Neves e pelo Presidente do Sindicato dos Produtores Rurais de Muria\u00e9, Henrique Aquino aos alunos, Carlos Henriques da Silva,&nbsp; Cl\u00f3vis Roberto Agostini,&nbsp; Dirce Maria Dias da Fonseca, Eliab Souza Clemente, Gilca Maria Ubner Vieira Napier, Gislei Pedro Ferreira, Roselene Duarte de Souza, Vander Bruni da Silva,Wesley Ferreira da Silva.<\/p>\n<p style=\"text-align: justify;\">J\u00e1 no s\u00e1bado, pela manh\u00e3, foi realizada uma visita guiada, \u00e0 p\u00e9, pelo Caminho Cultural da Cidade.<\/p>\n<p><a href=\"http:\/\/folhadosudeste.com\/site\/wp-content\/uploads\/2019\/10\/ABERTURA-OFICIAL.jpg\"><img loading=\"lazy\" decoding=\"async\" class=\"alignnone size-full wp-image-67076\" src=\"http:\/\/folhadosudeste.com\/site\/wp-content\/uploads\/2019\/10\/ABERTURA-OFICIAL.jpg\" alt=\"\" width=\"1024\" height=\"768\" srcset=\"http:\/\/folhadosudeste.com\/site\/wp-content\/uploads\/2019\/10\/ABERTURA-OFICIAL.jpg 1024w, http:\/\/folhadosudeste.com\/site\/wp-content\/uploads\/2019\/10\/ABERTURA-OFICIAL-300x225.jpg 300w, http:\/\/folhadosudeste.com\/site\/wp-content\/uploads\/2019\/10\/ABERTURA-OFICIAL-768x576.jpg 768w\" sizes=\"auto, (max-width: 1024px) 100vw, 1024px\" \/><\/a><\/p>\n<p><!--more--><\/p>\n<p><a href=\"http:\/\/folhadosudeste.com\/site\/wp-content\/uploads\/2019\/10\/ABERTURA-PLATEIA.jpg\"><img loading=\"lazy\" decoding=\"async\" class=\"alignnone size-full wp-image-67077\" src=\"http:\/\/folhadosudeste.com\/site\/wp-content\/uploads\/2019\/10\/ABERTURA-PLATEIA.jpg\" alt=\"\" width=\"1024\" height=\"768\" srcset=\"http:\/\/folhadosudeste.com\/site\/wp-content\/uploads\/2019\/10\/ABERTURA-PLATEIA.jpg 1024w, http:\/\/folhadosudeste.com\/site\/wp-content\/uploads\/2019\/10\/ABERTURA-PLATEIA-300x225.jpg 300w, http:\/\/folhadosudeste.com\/site\/wp-content\/uploads\/2019\/10\/ABERTURA-PLATEIA-768x576.jpg 768w\" sizes=\"auto, (max-width: 1024px) 100vw, 1024px\" \/><\/a> <a href=\"http:\/\/folhadosudeste.com\/site\/wp-content\/uploads\/2019\/10\/APRESENTA\u00c7\u00c3-ESCOLA-MUNICIPAL-DE-DAN\u00c7A.jpg\"><img loading=\"lazy\" decoding=\"async\" class=\"alignnone size-full wp-image-67078\" src=\"http:\/\/folhadosudeste.com\/site\/wp-content\/uploads\/2019\/10\/APRESENTA\u00c7\u00c3-ESCOLA-MUNICIPAL-DE-DAN\u00c7A.jpg\" alt=\"\" width=\"1024\" height=\"768\" srcset=\"http:\/\/folhadosudeste.com\/site\/wp-content\/uploads\/2019\/10\/APRESENTA\u00c7\u00c3-ESCOLA-MUNICIPAL-DE-DAN\u00c7A.jpg 1024w, http:\/\/folhadosudeste.com\/site\/wp-content\/uploads\/2019\/10\/APRESENTA\u00c7\u00c3-ESCOLA-MUNICIPAL-DE-DAN\u00c7A-300x225.jpg 300w, http:\/\/folhadosudeste.com\/site\/wp-content\/uploads\/2019\/10\/APRESENTA\u00c7\u00c3-ESCOLA-MUNICIPAL-DE-DAN\u00c7A-768x576.jpg 768w\" sizes=\"auto, (max-width: 1024px) 100vw, 1024px\" \/><\/a> <a href=\"http:\/\/folhadosudeste.com\/site\/wp-content\/uploads\/2019\/10\/APRESENTA\u00c7\u00c3O-ARTISTICA.jpg\"><img loading=\"lazy\" decoding=\"async\" class=\"alignnone size-full wp-image-67079\" src=\"http:\/\/folhadosudeste.com\/site\/wp-content\/uploads\/2019\/10\/APRESENTA\u00c7\u00c3O-ARTISTICA.jpg\" alt=\"\" width=\"1024\" height=\"768\" srcset=\"http:\/\/folhadosudeste.com\/site\/wp-content\/uploads\/2019\/10\/APRESENTA\u00c7\u00c3O-ARTISTICA.jpg 1024w, http:\/\/folhadosudeste.com\/site\/wp-content\/uploads\/2019\/10\/APRESENTA\u00c7\u00c3O-ARTISTICA-300x225.jpg 300w, http:\/\/folhadosudeste.com\/site\/wp-content\/uploads\/2019\/10\/APRESENTA\u00c7\u00c3O-ARTISTICA-768x576.jpg 768w\" sizes=\"auto, (max-width: 1024px) 100vw, 1024px\" \/><\/a> <a href=\"http:\/\/folhadosudeste.com\/site\/wp-content\/uploads\/2019\/10\/DEBATE-PAINEL-1.jpg\"><img loading=\"lazy\" decoding=\"async\" class=\"alignnone size-full wp-image-67080\" src=\"http:\/\/folhadosudeste.com\/site\/wp-content\/uploads\/2019\/10\/DEBATE-PAINEL-1.jpg\" alt=\"\" width=\"1024\" height=\"744\" srcset=\"http:\/\/folhadosudeste.com\/site\/wp-content\/uploads\/2019\/10\/DEBATE-PAINEL-1.jpg 1024w, http:\/\/folhadosudeste.com\/site\/wp-content\/uploads\/2019\/10\/DEBATE-PAINEL-1-300x218.jpg 300w, http:\/\/folhadosudeste.com\/site\/wp-content\/uploads\/2019\/10\/DEBATE-PAINEL-1-768x558.jpg 768w\" sizes=\"auto, (max-width: 1024px) 100vw, 1024px\" \/><\/a> <a href=\"http:\/\/folhadosudeste.com\/site\/wp-content\/uploads\/2019\/10\/ENTREGA-DO-PREMIO-BERNADETE.jpg\"><img loading=\"lazy\" decoding=\"async\" class=\"alignnone size-full wp-image-67081\" src=\"http:\/\/folhadosudeste.com\/site\/wp-content\/uploads\/2019\/10\/ENTREGA-DO-PREMIO-BERNADETE.jpg\" alt=\"\" width=\"1024\" height=\"768\" srcset=\"http:\/\/folhadosudeste.com\/site\/wp-content\/uploads\/2019\/10\/ENTREGA-DO-PREMIO-BERNADETE.jpg 1024w, http:\/\/folhadosudeste.com\/site\/wp-content\/uploads\/2019\/10\/ENTREGA-DO-PREMIO-BERNADETE-300x225.jpg 300w, http:\/\/folhadosudeste.com\/site\/wp-content\/uploads\/2019\/10\/ENTREGA-DO-PREMIO-BERNADETE-768x576.jpg 768w\" sizes=\"auto, (max-width: 1024px) 100vw, 1024px\" \/><\/a> <a href=\"http:\/\/folhadosudeste.com\/site\/wp-content\/uploads\/2019\/10\/EXPOSI\u00c7\u00c3O-FOTOS-PREMIADAS.jpg\"><img loading=\"lazy\" decoding=\"async\" class=\"alignnone size-full wp-image-67082\" src=\"http:\/\/folhadosudeste.com\/site\/wp-content\/uploads\/2019\/10\/EXPOSI\u00c7\u00c3O-FOTOS-PREMIADAS.jpg\" alt=\"\" width=\"1024\" height=\"768\" srcset=\"http:\/\/folhadosudeste.com\/site\/wp-content\/uploads\/2019\/10\/EXPOSI\u00c7\u00c3O-FOTOS-PREMIADAS.jpg 1024w, http:\/\/folhadosudeste.com\/site\/wp-content\/uploads\/2019\/10\/EXPOSI\u00c7\u00c3O-FOTOS-PREMIADAS-300x225.jpg 300w, http:\/\/folhadosudeste.com\/site\/wp-content\/uploads\/2019\/10\/EXPOSI\u00c7\u00c3O-FOTOS-PREMIADAS-768x576.jpg 768w\" sizes=\"auto, (max-width: 1024px) 100vw, 1024px\" \/><\/a> <a href=\"http:\/\/folhadosudeste.com\/site\/wp-content\/uploads\/2019\/10\/LAN\u00c7AMENTO-CARTILHA.jpg\"><img loading=\"lazy\" decoding=\"async\" class=\"alignnone size-full wp-image-67083\" src=\"http:\/\/folhadosudeste.com\/site\/wp-content\/uploads\/2019\/10\/LAN\u00c7AMENTO-CARTILHA.jpg\" alt=\"\" width=\"960\" height=\"1280\" srcset=\"http:\/\/folhadosudeste.com\/site\/wp-content\/uploads\/2019\/10\/LAN\u00c7AMENTO-CARTILHA.jpg 960w, http:\/\/folhadosudeste.com\/site\/wp-content\/uploads\/2019\/10\/LAN\u00c7AMENTO-CARTILHA-225x300.jpg 225w, http:\/\/folhadosudeste.com\/site\/wp-content\/uploads\/2019\/10\/LAN\u00c7AMENTO-CARTILHA-768x1024.jpg 768w\" sizes=\"auto, (max-width: 960px) 100vw, 960px\" \/><\/a> <a href=\"http:\/\/folhadosudeste.com\/site\/wp-content\/uploads\/2019\/10\/PAINEL-2.jpg\"><img loading=\"lazy\" decoding=\"async\" class=\"alignnone size-full wp-image-67084\" src=\"http:\/\/folhadosudeste.com\/site\/wp-content\/uploads\/2019\/10\/PAINEL-2.jpg\" alt=\"\" width=\"1024\" height=\"768\" srcset=\"http:\/\/folhadosudeste.com\/site\/wp-content\/uploads\/2019\/10\/PAINEL-2.jpg 1024w, http:\/\/folhadosudeste.com\/site\/wp-content\/uploads\/2019\/10\/PAINEL-2-300x225.jpg 300w, http:\/\/folhadosudeste.com\/site\/wp-content\/uploads\/2019\/10\/PAINEL-2-768x576.jpg 768w\" sizes=\"auto, (max-width: 1024px) 100vw, 1024px\" \/><\/a> <a href=\"http:\/\/folhadosudeste.com\/site\/wp-content\/uploads\/2019\/10\/PREMIO-FOTOGRAFIA.jpg\"><img loading=\"lazy\" decoding=\"async\" class=\"alignnone size-full wp-image-67085\" src=\"http:\/\/folhadosudeste.com\/site\/wp-content\/uploads\/2019\/10\/PREMIO-FOTOGRAFIA.jpg\" alt=\"\" width=\"1024\" height=\"768\" srcset=\"http:\/\/folhadosudeste.com\/site\/wp-content\/uploads\/2019\/10\/PREMIO-FOTOGRAFIA.jpg 1024w, http:\/\/folhadosudeste.com\/site\/wp-content\/uploads\/2019\/10\/PREMIO-FOTOGRAFIA-300x225.jpg 300w, http:\/\/folhadosudeste.com\/site\/wp-content\/uploads\/2019\/10\/PREMIO-FOTOGRAFIA-768x576.jpg 768w\" sizes=\"auto, (max-width: 1024px) 100vw, 1024px\" \/><\/a> <a href=\"http:\/\/folhadosudeste.com\/site\/wp-content\/uploads\/2019\/10\/SAGUAO.jpg\"><img loading=\"lazy\" decoding=\"async\" class=\"alignnone size-full wp-image-67086\" src=\"http:\/\/folhadosudeste.com\/site\/wp-content\/uploads\/2019\/10\/SAGUAO.jpg\" alt=\"\" width=\"1280\" height=\"960\" srcset=\"http:\/\/folhadosudeste.com\/site\/wp-content\/uploads\/2019\/10\/SAGUAO.jpg 1280w, http:\/\/folhadosudeste.com\/site\/wp-content\/uploads\/2019\/10\/SAGUAO-300x225.jpg 300w, http:\/\/folhadosudeste.com\/site\/wp-content\/uploads\/2019\/10\/SAGUAO-768x576.jpg 768w, http:\/\/folhadosudeste.com\/site\/wp-content\/uploads\/2019\/10\/SAGUAO-1024x768.jpg 1024w\" sizes=\"auto, (max-width: 1280px) 100vw, 1280px\" \/><\/a> <a href=\"http:\/\/folhadosudeste.com\/site\/wp-content\/uploads\/2019\/10\/SECRETARIOS-FORUM.jpg\"><img loading=\"lazy\" decoding=\"async\" class=\"alignnone size-full wp-image-67087\" src=\"http:\/\/folhadosudeste.com\/site\/wp-content\/uploads\/2019\/10\/SECRETARIOS-FORUM.jpg\" alt=\"\" width=\"1600\" height=\"1200\" srcset=\"http:\/\/folhadosudeste.com\/site\/wp-content\/uploads\/2019\/10\/SECRETARIOS-FORUM.jpg 1600w, http:\/\/folhadosudeste.com\/site\/wp-content\/uploads\/2019\/10\/SECRETARIOS-FORUM-300x225.jpg 300w, http:\/\/folhadosudeste.com\/site\/wp-content\/uploads\/2019\/10\/SECRETARIOS-FORUM-768x576.jpg 768w, http:\/\/folhadosudeste.com\/site\/wp-content\/uploads\/2019\/10\/SECRETARIOS-FORUM-1024x768.jpg 1024w\" sizes=\"auto, (max-width: 1600px) 100vw, 1600px\" \/><\/a> <a href=\"http:\/\/folhadosudeste.com\/site\/wp-content\/uploads\/2019\/10\/VISITA-GUIADA.jpg\"><img loading=\"lazy\" decoding=\"async\" class=\"alignnone size-full wp-image-67088\" src=\"http:\/\/folhadosudeste.com\/site\/wp-content\/uploads\/2019\/10\/VISITA-GUIADA.jpg\" alt=\"\" width=\"1032\" height=\"581\" srcset=\"http:\/\/folhadosudeste.com\/site\/wp-content\/uploads\/2019\/10\/VISITA-GUIADA.jpg 1032w, http:\/\/folhadosudeste.com\/site\/wp-content\/uploads\/2019\/10\/VISITA-GUIADA-300x169.jpg 300w, http:\/\/folhadosudeste.com\/site\/wp-content\/uploads\/2019\/10\/VISITA-GUIADA-768x432.jpg 768w, http:\/\/folhadosudeste.com\/site\/wp-content\/uploads\/2019\/10\/VISITA-GUIADA-1024x576.jpg 1024w\" sizes=\"auto, (max-width: 1032px) 100vw, 1032px\" \/><\/a> <a href=\"http:\/\/folhadosudeste.com\/site\/wp-content\/uploads\/2019\/10\/VITARELLI.jpg\"><img loading=\"lazy\" decoding=\"async\" class=\"alignnone size-full wp-image-67089\" src=\"http:\/\/folhadosudeste.com\/site\/wp-content\/uploads\/2019\/10\/VITARELLI.jpg\" alt=\"\" width=\"1024\" height=\"768\" srcset=\"http:\/\/folhadosudeste.com\/site\/wp-content\/uploads\/2019\/10\/VITARELLI.jpg 1024w, http:\/\/folhadosudeste.com\/site\/wp-content\/uploads\/2019\/10\/VITARELLI-300x225.jpg 300w, http:\/\/folhadosudeste.com\/site\/wp-content\/uploads\/2019\/10\/VITARELLI-768x576.jpg 768w\" sizes=\"auto, (max-width: 1024px) 100vw, 1024px\" \/><\/a><\/p>\n","protected":false},"excerpt":{"rendered":"<p>Evento aconteceu entre dias 3 e 5 de outubro, no Unifaminas com &nbsp;entrada gratuita e contou com palestras, apresenta\u00e7\u00f5es culturais, pain\u00e9is tem\u00e1ticos, exposi\u00e7\u00e3o de fotografias, entre outros. O objetivo do Semin\u00e1rio foi promover o debate participativo sobre a tem\u00e1tica e a capacita\u00e7\u00e3o dos diversos atores envolvidos, como gestores, artes\u00e3os e prestadores de servi\u00e7o, al\u00e9m de [&hellip;]<\/p>\n","protected":false},"author":6,"featured_media":0,"comment_status":"open","ping_status":"closed","sticky":false,"template":"","format":"standard","meta":{"_joinchat":[],"footnotes":""},"categories":[1],"tags":[],"class_list":["post-67074","post","type-post","status-publish","format-standard","hentry","category-sem-categoria"],"_links":{"self":[{"href":"http:\/\/folhadosudeste.com\/site\/index.php?rest_route=\/wp\/v2\/posts\/67074","targetHints":{"allow":["GET"]}}],"collection":[{"href":"http:\/\/folhadosudeste.com\/site\/index.php?rest_route=\/wp\/v2\/posts"}],"about":[{"href":"http:\/\/folhadosudeste.com\/site\/index.php?rest_route=\/wp\/v2\/types\/post"}],"author":[{"embeddable":true,"href":"http:\/\/folhadosudeste.com\/site\/index.php?rest_route=\/wp\/v2\/users\/6"}],"replies":[{"embeddable":true,"href":"http:\/\/folhadosudeste.com\/site\/index.php?rest_route=%2Fwp%2Fv2%2Fcomments&post=67074"}],"version-history":[{"count":1,"href":"http:\/\/folhadosudeste.com\/site\/index.php?rest_route=\/wp\/v2\/posts\/67074\/revisions"}],"predecessor-version":[{"id":67090,"href":"http:\/\/folhadosudeste.com\/site\/index.php?rest_route=\/wp\/v2\/posts\/67074\/revisions\/67090"}],"wp:attachment":[{"href":"http:\/\/folhadosudeste.com\/site\/index.php?rest_route=%2Fwp%2Fv2%2Fmedia&parent=67074"}],"wp:term":[{"taxonomy":"category","embeddable":true,"href":"http:\/\/folhadosudeste.com\/site\/index.php?rest_route=%2Fwp%2Fv2%2Fcategories&post=67074"},{"taxonomy":"post_tag","embeddable":true,"href":"http:\/\/folhadosudeste.com\/site\/index.php?rest_route=%2Fwp%2Fv2%2Ftags&post=67074"}],"curies":[{"name":"wp","href":"https:\/\/api.w.org\/{rel}","templated":true}]}}