{"id":67240,"date":"2019-10-15T13:07:06","date_gmt":"2019-10-15T13:07:06","guid":{"rendered":"http:\/\/folhadosudeste.com\/site\/?p=67240"},"modified":"2019-10-15T13:07:06","modified_gmt":"2019-10-15T13:07:06","slug":"inedito-na-regiao-nupdec-e-criado-em-muriae","status":"publish","type":"post","link":"http:\/\/folhadosudeste.com\/site\/?p=67240","title":{"rendered":"In\u00e9dito na regi\u00e3o, Nupdec \u00e9 criado em Muria\u00e9"},"content":{"rendered":"<p><a href=\"http:\/\/folhadosudeste.com\/site\/wp-content\/uploads\/2019\/10\/DSC_2097.jpg\"><img loading=\"lazy\" decoding=\"async\" class=\"alignnone wp-image-67242 size-full\" src=\"http:\/\/folhadosudeste.com\/site\/wp-content\/uploads\/2019\/10\/DSC_2097.jpg\" alt=\"\" width=\"1000\" height=\"595\" srcset=\"http:\/\/folhadosudeste.com\/site\/wp-content\/uploads\/2019\/10\/DSC_2097.jpg 1000w, http:\/\/folhadosudeste.com\/site\/wp-content\/uploads\/2019\/10\/DSC_2097-300x179.jpg 300w, http:\/\/folhadosudeste.com\/site\/wp-content\/uploads\/2019\/10\/DSC_2097-768x457.jpg 768w\" sizes=\"auto, (max-width: 1000px) 100vw, 1000px\" \/><\/a><\/p>\n<p style=\"text-align: justify;\"><i>N\u00facleo Comunit\u00e1rio de Prote\u00e7\u00e3o e Defesa Civil conta com apoio de moradores em diversos bairros da cidade<u><\/u><u><\/u><\/i><\/p>\n<p style=\"text-align: justify;\"><u><\/u>Muria\u00e9 j\u00e1 conta com o N\u00facleo Comunit\u00e1rio de Prote\u00e7\u00e3o e Defesa Civil (Nupdec). In\u00e9dito na regi\u00e3o, o grupo de atua\u00e7\u00e3o, formado por equipes da Coordenadoria Municipal de Prote\u00e7\u00e3o e Defesa Civil (COMPDEC) e representantes da sociedade civil organizada, foi oficializado na tarde da \u00faltima sexta-feira (11).<u><\/u><u><\/u><\/p>\n<p style=\"text-align: justify;\"><u><\/u>O Nupdec atende \u00e0 Lei Federal 12.608\/2012, que estabelece a uni\u00e3o do poder p\u00fablico com a comunidade em grupos volunt\u00e1rios para apoiar o trabalho da Defesa Civil e de outros \u00f3rg\u00e3os no primeiro atendimento em ocorr\u00eancias no bairro.<u><\/u><u><\/u><\/p>\n<p style=\"text-align: justify;\"><u><\/u>Doze moradores de locais com potencial risco de sinistros \u2013 Aeroporto, Santa Terezinha, S\u00e3o Pedro, Patrim\u00f4nio S\u00e3o Jos\u00e9, Barra, Jos\u00e9 Cirilo, S\u00e3o Joaquim, Porto Belo, Encoberta, Santana e Planalto &#8211; participaram de capacita\u00e7\u00e3o na \u00faltima quinta e sexta-feira. O conte\u00fado foi repassado por agentes da Defesa Civil e militares do Corpo de Bombeiros. Ao final, receberam certificado e kit contendo colete e bon\u00e9, que identificam os integrantes do N\u00facleo.&nbsp;&nbsp;<u><\/u><u><\/u><\/p>\n<p style=\"text-align: justify;\"><u><\/u>Segundo a coordena\u00e7\u00e3o da Defesa Civil de Muria\u00e9, o objetivo do Nupdec \u00e9, com essa atua\u00e7\u00e3o em rede, oferecer mais rapidez nas respostas a poss\u00edveis sinistros, como deslizamentos de terra, alagamentos, entre outros. \u201cDesta forma, fica mais f\u00e1cil para n\u00f3s, da Defesa Civil, saber o que est\u00e1 acontecendo nos bairros e, com isso, ir mais r\u00e1pido a campo e dar celeridade na resposta\u201d, frisa o agente Raphael Anselmo.<\/p>\n<p><a href=\"http:\/\/folhadosudeste.com\/site\/wp-content\/uploads\/2019\/10\/DSC_2056.jpg\"><img loading=\"lazy\" decoding=\"async\" class=\"alignnone wp-image-67243 size-full\" src=\"http:\/\/folhadosudeste.com\/site\/wp-content\/uploads\/2019\/10\/DSC_2056.jpg\" alt=\"\" width=\"1000\" height=\"601\" srcset=\"http:\/\/folhadosudeste.com\/site\/wp-content\/uploads\/2019\/10\/DSC_2056.jpg 1000w, http:\/\/folhadosudeste.com\/site\/wp-content\/uploads\/2019\/10\/DSC_2056-300x180.jpg 300w, http:\/\/folhadosudeste.com\/site\/wp-content\/uploads\/2019\/10\/DSC_2056-768x462.jpg 768w\" sizes=\"auto, (max-width: 1000px) 100vw, 1000px\" \/><\/a><\/p>\n<p><!--more--><\/p>\n<p><a href=\"http:\/\/folhadosudeste.com\/site\/wp-content\/uploads\/2019\/10\/DSC_2048.jpg\"><img loading=\"lazy\" decoding=\"async\" class=\"alignnone size-full wp-image-67244\" src=\"http:\/\/folhadosudeste.com\/site\/wp-content\/uploads\/2019\/10\/DSC_2048.jpg\" alt=\"\" width=\"1000\" height=\"645\" srcset=\"http:\/\/folhadosudeste.com\/site\/wp-content\/uploads\/2019\/10\/DSC_2048.jpg 1000w, http:\/\/folhadosudeste.com\/site\/wp-content\/uploads\/2019\/10\/DSC_2048-300x194.jpg 300w, http:\/\/folhadosudeste.com\/site\/wp-content\/uploads\/2019\/10\/DSC_2048-768x495.jpg 768w\" sizes=\"auto, (max-width: 1000px) 100vw, 1000px\" \/><\/a> <a href=\"http:\/\/folhadosudeste.com\/site\/wp-content\/uploads\/2019\/10\/DSC_2040.jpg\"><img loading=\"lazy\" decoding=\"async\" class=\"alignnone size-full wp-image-67245\" src=\"http:\/\/folhadosudeste.com\/site\/wp-content\/uploads\/2019\/10\/DSC_2040.jpg\" alt=\"\" width=\"1000\" height=\"555\" srcset=\"http:\/\/folhadosudeste.com\/site\/wp-content\/uploads\/2019\/10\/DSC_2040.jpg 1000w, http:\/\/folhadosudeste.com\/site\/wp-content\/uploads\/2019\/10\/DSC_2040-300x167.jpg 300w, http:\/\/folhadosudeste.com\/site\/wp-content\/uploads\/2019\/10\/DSC_2040-768x426.jpg 768w\" sizes=\"auto, (max-width: 1000px) 100vw, 1000px\" \/><\/a><\/p>\n","protected":false},"excerpt":{"rendered":"<p>N\u00facleo Comunit\u00e1rio de Prote\u00e7\u00e3o e Defesa Civil conta com apoio de moradores em diversos bairros da cidade Muria\u00e9 j\u00e1 conta com o N\u00facleo Comunit\u00e1rio de Prote\u00e7\u00e3o e Defesa Civil (Nupdec). In\u00e9dito na regi\u00e3o, o grupo de atua\u00e7\u00e3o, formado por equipes da Coordenadoria Municipal de Prote\u00e7\u00e3o e Defesa Civil (COMPDEC) e representantes da sociedade civil organizada, [&hellip;]<\/p>\n","protected":false},"author":6,"featured_media":0,"comment_status":"open","ping_status":"closed","sticky":false,"template":"","format":"standard","meta":{"_joinchat":[],"footnotes":""},"categories":[1],"tags":[],"class_list":["post-67240","post","type-post","status-publish","format-standard","hentry","category-sem-categoria"],"_links":{"self":[{"href":"http:\/\/folhadosudeste.com\/site\/index.php?rest_route=\/wp\/v2\/posts\/67240","targetHints":{"allow":["GET"]}}],"collection":[{"href":"http:\/\/folhadosudeste.com\/site\/index.php?rest_route=\/wp\/v2\/posts"}],"about":[{"href":"http:\/\/folhadosudeste.com\/site\/index.php?rest_route=\/wp\/v2\/types\/post"}],"author":[{"embeddable":true,"href":"http:\/\/folhadosudeste.com\/site\/index.php?rest_route=\/wp\/v2\/users\/6"}],"replies":[{"embeddable":true,"href":"http:\/\/folhadosudeste.com\/site\/index.php?rest_route=%2Fwp%2Fv2%2Fcomments&post=67240"}],"version-history":[{"count":1,"href":"http:\/\/folhadosudeste.com\/site\/index.php?rest_route=\/wp\/v2\/posts\/67240\/revisions"}],"predecessor-version":[{"id":67246,"href":"http:\/\/folhadosudeste.com\/site\/index.php?rest_route=\/wp\/v2\/posts\/67240\/revisions\/67246"}],"wp:attachment":[{"href":"http:\/\/folhadosudeste.com\/site\/index.php?rest_route=%2Fwp%2Fv2%2Fmedia&parent=67240"}],"wp:term":[{"taxonomy":"category","embeddable":true,"href":"http:\/\/folhadosudeste.com\/site\/index.php?rest_route=%2Fwp%2Fv2%2Fcategories&post=67240"},{"taxonomy":"post_tag","embeddable":true,"href":"http:\/\/folhadosudeste.com\/site\/index.php?rest_route=%2Fwp%2Fv2%2Ftags&post=67240"}],"curies":[{"name":"wp","href":"https:\/\/api.w.org\/{rel}","templated":true}]}}