{"id":67259,"date":"2019-10-15T13:17:10","date_gmt":"2019-10-15T13:17:10","guid":{"rendered":"http:\/\/folhadosudeste.com\/site\/?p=67259"},"modified":"2019-10-15T13:19:47","modified_gmt":"2019-10-15T13:19:47","slug":"filhos-de-servidores-comemoram-dia-das-criancas-no-centro-administrativo","status":"publish","type":"post","link":"http:\/\/folhadosudeste.com\/site\/?p=67259","title":{"rendered":"Filhos de servidores comemoram Dia das Crian\u00e7as no Centro Administrativo"},"content":{"rendered":"<div><a href=\"http:\/\/folhadosudeste.com\/site\/wp-content\/uploads\/2019\/10\/DSC_2020.jpg\"><img loading=\"lazy\" decoding=\"async\" class=\"alignnone size-full wp-image-67260\" src=\"http:\/\/folhadosudeste.com\/site\/wp-content\/uploads\/2019\/10\/DSC_2020.jpg\" alt=\"\" width=\"900\" height=\"600\" srcset=\"http:\/\/folhadosudeste.com\/site\/wp-content\/uploads\/2019\/10\/DSC_2020.jpg 900w, http:\/\/folhadosudeste.com\/site\/wp-content\/uploads\/2019\/10\/DSC_2020-300x200.jpg 300w, http:\/\/folhadosudeste.com\/site\/wp-content\/uploads\/2019\/10\/DSC_2020-768x512.jpg 768w, http:\/\/folhadosudeste.com\/site\/wp-content\/uploads\/2019\/10\/DSC_2020-120x80.jpg 120w, http:\/\/folhadosudeste.com\/site\/wp-content\/uploads\/2019\/10\/DSC_2020-345x230.jpg 345w\" sizes=\"auto, (max-width: 900px) 100vw, 900px\" \/><\/a><\/div>\n<div style=\"text-align: justify;\"><em>Funcion\u00e1rios tamb\u00e9m puderam levar sobrinhos, irm\u00e3os e outros parentes pr\u00f3ximos para se divertirem em evento especial<\/em><\/div>\n<div style=\"text-align: justify;\">&nbsp;<\/div>\n<div style=\"text-align: justify;\">A alegria e a divers\u00e3o tomaram conta do Centro Administrativo nesta sexta-feira (11). Para comemorar o Dia das Crian\u00e7as, os servidores p\u00fablicos municipais puderam trazer seus filhos, sobrinhos e irm\u00e3os para brincarem, lancharem e conhecerem a sede da Prefeitura de Muria\u00e9.<\/div>\n<div style=\"text-align: justify;\">&nbsp;<\/div>\n<div style=\"text-align: justify;\">As festas aconteceram \u00e0s 10h e \u00e0s 16h, com direito a pula-pula e guloseimas como pipoca, algod\u00e3o-doce e picol\u00e9. A crian\u00e7ada tamb\u00e9m p\u00f4de se divertir com os convidados especiais: os palha\u00e7os Lili e Mocot\u00f3 e os personagens D\u00e9, Su, Goto e Lilico, que formam o Esquadr\u00e3o Demsur.<\/div>\n<div style=\"text-align: justify;\">&nbsp;<\/div>\n<div style=\"text-align: justify;\">&#8220;Ficamos muito contentes com a festa. \u00c9 uma iniciativa diferente da Prefeitura e que permite a todos n\u00f3s termos um momento diferente de lazer com nossos pequenos&#8221;, afirmou Luciana Castelano, servidora p\u00fablica h\u00e1 oito anos e m\u00e3e de Gabriela (10) e Luiz Ot\u00e1vio (8).<\/div>\n<div style=\"text-align: justify;\">&nbsp;<\/div>\n<div style=\"text-align: justify;\">A Festa das Crian\u00e7as continua neste s\u00e1bado (12), desta vez aberta a todos os muriaeenses e acontecendo no Horto Florestal. O evento acontece das 8h30 \u00e0s 11h, com entrada gratuita.<\/div>\n<div>&nbsp;<\/div>\n<div><a href=\"http:\/\/folhadosudeste.com\/site\/wp-content\/uploads\/2019\/10\/DSC_2007.jpg\"><img loading=\"lazy\" decoding=\"async\" class=\"alignnone size-full wp-image-67261\" src=\"http:\/\/folhadosudeste.com\/site\/wp-content\/uploads\/2019\/10\/DSC_2007.jpg\" alt=\"\" width=\"900\" height=\"600\" srcset=\"http:\/\/folhadosudeste.com\/site\/wp-content\/uploads\/2019\/10\/DSC_2007.jpg 900w, http:\/\/folhadosudeste.com\/site\/wp-content\/uploads\/2019\/10\/DSC_2007-300x200.jpg 300w, http:\/\/folhadosudeste.com\/site\/wp-content\/uploads\/2019\/10\/DSC_2007-768x512.jpg 768w, http:\/\/folhadosudeste.com\/site\/wp-content\/uploads\/2019\/10\/DSC_2007-120x80.jpg 120w, http:\/\/folhadosudeste.com\/site\/wp-content\/uploads\/2019\/10\/DSC_2007-345x230.jpg 345w\" sizes=\"auto, (max-width: 900px) 100vw, 900px\" \/><\/a> <a href=\"http:\/\/folhadosudeste.com\/site\/wp-content\/uploads\/2019\/10\/DSC_2014.jpg\"><img loading=\"lazy\" decoding=\"async\" class=\"alignnone size-full wp-image-67262\" src=\"http:\/\/folhadosudeste.com\/site\/wp-content\/uploads\/2019\/10\/DSC_2014.jpg\" alt=\"\" width=\"900\" height=\"600\" srcset=\"http:\/\/folhadosudeste.com\/site\/wp-content\/uploads\/2019\/10\/DSC_2014.jpg 900w, http:\/\/folhadosudeste.com\/site\/wp-content\/uploads\/2019\/10\/DSC_2014-300x200.jpg 300w, http:\/\/folhadosudeste.com\/site\/wp-content\/uploads\/2019\/10\/DSC_2014-768x512.jpg 768w, http:\/\/folhadosudeste.com\/site\/wp-content\/uploads\/2019\/10\/DSC_2014-120x80.jpg 120w, http:\/\/folhadosudeste.com\/site\/wp-content\/uploads\/2019\/10\/DSC_2014-345x230.jpg 345w\" sizes=\"auto, (max-width: 900px) 100vw, 900px\" \/><\/a><!--more--><\/div>\n<div><a href=\"http:\/\/folhadosudeste.com\/site\/wp-content\/uploads\/2019\/10\/DSC_2017.jpg\"><img loading=\"lazy\" decoding=\"async\" class=\"alignnone size-full wp-image-67263\" src=\"http:\/\/folhadosudeste.com\/site\/wp-content\/uploads\/2019\/10\/DSC_2017.jpg\" alt=\"\" width=\"900\" height=\"600\" srcset=\"http:\/\/folhadosudeste.com\/site\/wp-content\/uploads\/2019\/10\/DSC_2017.jpg 900w, http:\/\/folhadosudeste.com\/site\/wp-content\/uploads\/2019\/10\/DSC_2017-300x200.jpg 300w, http:\/\/folhadosudeste.com\/site\/wp-content\/uploads\/2019\/10\/DSC_2017-768x512.jpg 768w, http:\/\/folhadosudeste.com\/site\/wp-content\/uploads\/2019\/10\/DSC_2017-120x80.jpg 120w, http:\/\/folhadosudeste.com\/site\/wp-content\/uploads\/2019\/10\/DSC_2017-345x230.jpg 345w\" sizes=\"auto, (max-width: 900px) 100vw, 900px\" \/><\/a> <a href=\"http:\/\/folhadosudeste.com\/site\/wp-content\/uploads\/2019\/10\/DSC_2026.jpg\"><img loading=\"lazy\" decoding=\"async\" class=\"alignnone size-full wp-image-67264\" src=\"http:\/\/folhadosudeste.com\/site\/wp-content\/uploads\/2019\/10\/DSC_2026.jpg\" alt=\"\" width=\"900\" height=\"600\" srcset=\"http:\/\/folhadosudeste.com\/site\/wp-content\/uploads\/2019\/10\/DSC_2026.jpg 900w, http:\/\/folhadosudeste.com\/site\/wp-content\/uploads\/2019\/10\/DSC_2026-300x200.jpg 300w, http:\/\/folhadosudeste.com\/site\/wp-content\/uploads\/2019\/10\/DSC_2026-768x512.jpg 768w, http:\/\/folhadosudeste.com\/site\/wp-content\/uploads\/2019\/10\/DSC_2026-120x80.jpg 120w, http:\/\/folhadosudeste.com\/site\/wp-content\/uploads\/2019\/10\/DSC_2026-345x230.jpg 345w\" sizes=\"auto, (max-width: 900px) 100vw, 900px\" \/><\/a> <a href=\"http:\/\/folhadosudeste.com\/site\/wp-content\/uploads\/2019\/10\/DSC_2063.jpg\"><img loading=\"lazy\" decoding=\"async\" class=\"alignnone size-full wp-image-67265\" src=\"http:\/\/folhadosudeste.com\/site\/wp-content\/uploads\/2019\/10\/DSC_2063.jpg\" alt=\"\" width=\"900\" height=\"600\" srcset=\"http:\/\/folhadosudeste.com\/site\/wp-content\/uploads\/2019\/10\/DSC_2063.jpg 900w, http:\/\/folhadosudeste.com\/site\/wp-content\/uploads\/2019\/10\/DSC_2063-300x200.jpg 300w, http:\/\/folhadosudeste.com\/site\/wp-content\/uploads\/2019\/10\/DSC_2063-768x512.jpg 768w, http:\/\/folhadosudeste.com\/site\/wp-content\/uploads\/2019\/10\/DSC_2063-120x80.jpg 120w, http:\/\/folhadosudeste.com\/site\/wp-content\/uploads\/2019\/10\/DSC_2063-345x230.jpg 345w\" sizes=\"auto, (max-width: 900px) 100vw, 900px\" \/><\/a> <a href=\"http:\/\/folhadosudeste.com\/site\/wp-content\/uploads\/2019\/10\/DSC_2052.jpg\"><img loading=\"lazy\" decoding=\"async\" class=\"alignnone size-full wp-image-67266\" src=\"http:\/\/folhadosudeste.com\/site\/wp-content\/uploads\/2019\/10\/DSC_2052.jpg\" alt=\"\" width=\"900\" height=\"600\" srcset=\"http:\/\/folhadosudeste.com\/site\/wp-content\/uploads\/2019\/10\/DSC_2052.jpg 900w, http:\/\/folhadosudeste.com\/site\/wp-content\/uploads\/2019\/10\/DSC_2052-300x200.jpg 300w, http:\/\/folhadosudeste.com\/site\/wp-content\/uploads\/2019\/10\/DSC_2052-768x512.jpg 768w, http:\/\/folhadosudeste.com\/site\/wp-content\/uploads\/2019\/10\/DSC_2052-120x80.jpg 120w, http:\/\/folhadosudeste.com\/site\/wp-content\/uploads\/2019\/10\/DSC_2052-345x230.jpg 345w\" sizes=\"auto, (max-width: 900px) 100vw, 900px\" \/><\/a><\/div>\n","protected":false},"excerpt":{"rendered":"<p>Funcion\u00e1rios tamb\u00e9m puderam levar sobrinhos, irm\u00e3os e outros parentes pr\u00f3ximos para se divertirem em evento especial &nbsp; A alegria e a divers\u00e3o tomaram conta do Centro Administrativo nesta sexta-feira (11). Para comemorar o Dia das Crian\u00e7as, os servidores p\u00fablicos municipais puderam trazer seus filhos, sobrinhos e irm\u00e3os para brincarem, lancharem e conhecerem a sede da [&hellip;]<\/p>\n","protected":false},"author":6,"featured_media":0,"comment_status":"open","ping_status":"closed","sticky":false,"template":"","format":"standard","meta":{"_joinchat":[],"footnotes":""},"categories":[1],"tags":[],"class_list":["post-67259","post","type-post","status-publish","format-standard","hentry","category-sem-categoria"],"_links":{"self":[{"href":"http:\/\/folhadosudeste.com\/site\/index.php?rest_route=\/wp\/v2\/posts\/67259","targetHints":{"allow":["GET"]}}],"collection":[{"href":"http:\/\/folhadosudeste.com\/site\/index.php?rest_route=\/wp\/v2\/posts"}],"about":[{"href":"http:\/\/folhadosudeste.com\/site\/index.php?rest_route=\/wp\/v2\/types\/post"}],"author":[{"embeddable":true,"href":"http:\/\/folhadosudeste.com\/site\/index.php?rest_route=\/wp\/v2\/users\/6"}],"replies":[{"embeddable":true,"href":"http:\/\/folhadosudeste.com\/site\/index.php?rest_route=%2Fwp%2Fv2%2Fcomments&post=67259"}],"version-history":[{"count":4,"href":"http:\/\/folhadosudeste.com\/site\/index.php?rest_route=\/wp\/v2\/posts\/67259\/revisions"}],"predecessor-version":[{"id":67270,"href":"http:\/\/folhadosudeste.com\/site\/index.php?rest_route=\/wp\/v2\/posts\/67259\/revisions\/67270"}],"wp:attachment":[{"href":"http:\/\/folhadosudeste.com\/site\/index.php?rest_route=%2Fwp%2Fv2%2Fmedia&parent=67259"}],"wp:term":[{"taxonomy":"category","embeddable":true,"href":"http:\/\/folhadosudeste.com\/site\/index.php?rest_route=%2Fwp%2Fv2%2Fcategories&post=67259"},{"taxonomy":"post_tag","embeddable":true,"href":"http:\/\/folhadosudeste.com\/site\/index.php?rest_route=%2Fwp%2Fv2%2Ftags&post=67259"}],"curies":[{"name":"wp","href":"https:\/\/api.w.org\/{rel}","templated":true}]}}