{"id":67274,"date":"2019-10-15T20:59:10","date_gmt":"2019-10-15T20:59:10","guid":{"rendered":"http:\/\/folhadosudeste.com\/site\/?p=67274"},"modified":"2019-10-15T20:59:10","modified_gmt":"2019-10-15T20:59:10","slug":"cras-cultura-2019-tem-apresentacoes-artisticas-e-exposicoes-culturais","status":"publish","type":"post","link":"http:\/\/folhadosudeste.com\/site\/?p=67274","title":{"rendered":"CRAS Cultura 2019 tem apresenta\u00e7\u00f5es art\u00edsticas e exposi\u00e7\u00f5es culturais"},"content":{"rendered":"<p><a href=\"http:\/\/folhadosudeste.com\/site\/wp-content\/uploads\/2019\/10\/DSC_2247.jpg\"><img loading=\"lazy\" decoding=\"async\" class=\"alignnone size-full wp-image-67275\" src=\"http:\/\/folhadosudeste.com\/site\/wp-content\/uploads\/2019\/10\/DSC_2247.jpg\" alt=\"\" width=\"1000\" height=\"644\" srcset=\"http:\/\/folhadosudeste.com\/site\/wp-content\/uploads\/2019\/10\/DSC_2247.jpg 1000w, http:\/\/folhadosudeste.com\/site\/wp-content\/uploads\/2019\/10\/DSC_2247-300x193.jpg 300w, http:\/\/folhadosudeste.com\/site\/wp-content\/uploads\/2019\/10\/DSC_2247-768x495.jpg 768w\" sizes=\"auto, (max-width: 1000px) 100vw, 1000px\" \/><\/a><\/p>\n<p style=\"text-align: justify;\"><i>Projeto valoriza potencial das comunidades e talento dos moradores; programa\u00e7\u00e3o ter\u00e1 musical na quinta e sexta-feira (17 e 18), no Teatro Zaccaria Marques<u><\/u><u><\/u><\/i><\/p>\n<p style=\"text-align: justify;\">Os quatro Centros de Refer\u00eancia da Assist\u00eancia Social (CRAS) de Muria\u00e9 est\u00e3o com programa\u00e7\u00e3o especial nesta semana. Desde segunda-feira (14) eles est\u00e3o sendo palco do CRAS Cultura. O evento apresenta aos usu\u00e1rios da pol\u00edtica de assist\u00eancia social e moradores apresenta\u00e7\u00f5es art\u00edsticas e exposi\u00e7\u00f5es culturais.<u><\/u><u><\/u><\/p>\n<p style=\"text-align: justify;\"><u><\/u>O projeto in\u00e9dito criado pela Prefeitura em 2017 tem o objetivo de mostrar as potencialidades das regi\u00f5es atendidas e o talento dos moradores, fortalecendo v\u00ednculos entre eles e suas comunidades. Al\u00e9m dos usu\u00e1rios dos CRAS, os integrantes do Centro de Conviv\u00eancia para Idosos (CCI) e Projeto AABB Comunidade tamb\u00e9m est\u00e3o participando da programa\u00e7\u00e3o.<u><\/u><u><\/u><\/p>\n<p style=\"text-align: justify;\"><u><\/u>Durante os cinco dias acontecer\u00e3o caminhada cultural, apresenta\u00e7\u00f5es de dan\u00e7a, roda de capoeira, apresenta\u00e7\u00e3o de taekwondo, sarau de rua, painel de fotos, dan\u00e7a circular, entre outros. O CRAS Cultura contar\u00e1 ainda com apresenta\u00e7\u00e3o de m\u00fasicas dos anos 70 e 80 pelos idosos do CCI e com os musicais \u201cHigth School Musical\u201d e \u201cCats\u201d, que acontecem, respectivamente, nesta quinta e sexta-feira (17 e 18), a partir das 19h, no Teatro Zaccaria Marques.<u><\/u><u><\/u><\/p>\n<p style=\"text-align: justify;\"><u><\/u>&nbsp;<u><\/u><\/p>\n<p style=\"text-align: justify;\"><b>Programa\u00e7\u00e3o:<u><\/u><u><\/u><\/b><\/p>\n<p style=\"text-align: justify;\"><b>&#8211; CRAS Aeroporto:<\/b><u><\/u><u><\/u><\/p>\n<p style=\"text-align: justify;\"><b>Quarta-feira (16):<u><\/u><u><\/u><\/b><\/p>\n<p style=\"text-align: justify;\">13h &#8211; Caminhada cultural da quadra at\u00e9 o CRAS, com percuss\u00e3o e distribui\u00e7\u00e3o de placas nas casas \u201cCRAS Cultura passou por aqui!\u201d<u><\/u><u><\/u><\/p>\n<p style=\"text-align: justify;\">13h30min &#8211; Abertura do CRAS Cultura<u><\/u><u><\/u><\/p>\n<p style=\"text-align: justify;\">14h \u2013 Apresenta\u00e7\u00f5es culturais<u><\/u><u><\/u><\/p>\n<p style=\"text-align: justify;\">16h &#8211; Encerramento&nbsp;&nbsp;&nbsp;<u><\/u><u><\/u><\/p>\n<p style=\"text-align: justify;\"><b>Sexta-feira (18):<u><\/u><u><\/u><\/b><\/p>\n<p style=\"text-align: justify;\">19h \u2013 Teatro Zaccaria Marques&nbsp;&nbsp;&nbsp;&nbsp;&nbsp;&nbsp;&nbsp;&nbsp;<u><\/u><u><\/u><\/p>\n<p style=\"text-align: justify;\">\u2022&nbsp;&nbsp;&nbsp;&nbsp;&nbsp;&nbsp;&nbsp;&nbsp;&nbsp;&nbsp;Musical \u201cHigth School Musical\u201d com os adolescentes<u><\/u><u><\/u><\/p>\n<p style=\"text-align: justify;\">\u2022&nbsp;&nbsp;&nbsp;&nbsp;&nbsp;&nbsp;&nbsp;&nbsp;&nbsp;&nbsp;Musical \u201cCats\u201d &#8211; AABBC<u><\/u><u><\/u><\/p>\n<p style=\"text-align: justify;\"><u><\/u>&nbsp;<u><\/u><b>&nbsp;&#8211; CRAS Santa Terezinha:<u><\/u><u><\/u><\/b><\/p>\n<p style=\"text-align: justify;\"><b>Quarta-feira (16):<u><\/u><u><\/u><\/b><\/p>\n<p style=\"text-align: justify;\">8h e 13h30min &#8211; Desfile cultural<u><\/u><u><\/u><\/p>\n<p style=\"text-align: justify;\"><b>Quinta-feira (17):<u><\/u><u><\/u><\/b><\/p>\n<p style=\"text-align: justify;\">13h30min &#8211; Apresenta\u00e7\u00e3o cultural (dan\u00e7a maculel\u00ea, roda de capoeira, taekwondo)<u><\/u><u><\/u><\/p>\n<p style=\"text-align: justify;\"><b>Sexta-feira (18):<u><\/u><u><\/u><\/b><\/p>\n<p style=\"text-align: justify;\">19h \u2013 Teatro Zaccaria Marques&nbsp;&nbsp;&nbsp;&nbsp;&nbsp;&nbsp;&nbsp;&nbsp;<u><\/u><u><\/u><\/p>\n<p style=\"text-align: justify;\">\u2022&nbsp;&nbsp;&nbsp;&nbsp;&nbsp;&nbsp;&nbsp;&nbsp;&nbsp;&nbsp;Musical \u201cHigth School Musical\u201d com os adolescentes<u><\/u><u><\/u><\/p>\n<p style=\"text-align: justify;\">\u2022&nbsp;&nbsp;&nbsp;&nbsp;&nbsp;&nbsp;&nbsp;&nbsp;&nbsp;&nbsp;Musical \u201cCats\u201d &#8211; AABBC<u><\/u><u><\/u><\/p>\n<p style=\"text-align: justify;\"><u><\/u>&nbsp;<u><\/u><b>&nbsp;&#8211; CRAS S\u00e3o Joaquim:<u><\/u><u><\/u><\/b><\/p>\n<p style=\"text-align: justify;\"><b>Quarta-feira (16):<u><\/u><u><\/u><\/b><\/p>\n<p style=\"text-align: justify;\">9h \u2013 Apresenta\u00e7\u00e3o de taekwondo. Local: UBS Santana<u><\/u><u><\/u><\/p>\n<p style=\"text-align: justify;\">13h \u2013 Sarau de rua. Local: Avenida Ant\u00f4nio Tureta<u><\/u><u><\/u><\/p>\n<p style=\"text-align: justify;\"><b>Quinta-feira (17):<u><\/u><u><\/u><\/b><\/p>\n<p style=\"text-align: justify;\">8h30min &#8211; Palco livre, apresenta\u00e7\u00f5es art\u00edsticas da popula\u00e7\u00e3o e SCFV. Local: Centro de Conviv\u00eancia Dornelas II.<u><\/u><u><\/u><\/p>\n<p style=\"text-align: justify;\">10h \u2013 Dan\u00e7a circular com Nadja.<u><\/u><u><\/u><\/p>\n<p style=\"text-align: justify;\"><b>Sexta-feira (18):<u><\/u><u><\/u><\/b><\/p>\n<p style=\"text-align: justify;\">19h \u2013 Teatro Zaccaria Marques&nbsp;&nbsp;&nbsp;&nbsp;&nbsp;&nbsp;&nbsp;&nbsp;<u><\/u><u><\/u><\/p>\n<p style=\"text-align: justify;\">\u2022&nbsp;&nbsp;&nbsp;&nbsp;&nbsp;&nbsp;&nbsp;&nbsp;&nbsp;&nbsp;Musical \u201cHigth School Musical\u201d com os adolescentes<u><\/u><u><\/u><\/p>\n<p style=\"text-align: justify;\">\u2022&nbsp;&nbsp;&nbsp;&nbsp;&nbsp;&nbsp;&nbsp;&nbsp;&nbsp;&nbsp;Musical \u201cCats\u201d &#8211; AABBC<u><\/u><u><\/u><\/p>\n<p style=\"text-align: justify;\"><u><\/u>&nbsp;<u><\/u><b>&nbsp;&#8211; CRAS Vermelho:<\/b><u><\/u><u><\/u><\/p>\n<p style=\"text-align: justify;\"><b>Quinta-feira (17):<u><\/u><u><\/u><\/b><\/p>\n<p style=\"text-align: justify;\">15h \u2013 Teatro, dan\u00e7a, painel de fotos retratando o territ\u00f3rio, exposi\u00e7\u00e3o de trabalhos SCFV. Entrega de lembrancinhas (\u00edm\u00e3 de geladeira)<u><\/u><u><\/u><\/p>\n<p style=\"text-align: justify;\"><b>Sexta-feira (18):<u><\/u><u><\/u><\/b><\/p>\n<p style=\"text-align: justify;\">19h \u2013 Teatro Zaccaria Marques&nbsp;&nbsp;&nbsp;&nbsp;&nbsp;&nbsp;&nbsp;&nbsp;<u><\/u><u><\/u><\/p>\n<p style=\"text-align: justify;\">\u2022&nbsp;&nbsp;&nbsp;&nbsp;&nbsp;&nbsp;&nbsp;&nbsp;&nbsp;&nbsp;Musical \u201cHigth School Musical\u201d com os adolescentes<u><\/u><u><\/u><\/p>\n<p style=\"text-align: justify;\">\u2022&nbsp;&nbsp;&nbsp;&nbsp;&nbsp;&nbsp;&nbsp;&nbsp;&nbsp;&nbsp;Musical \u201cCats\u201d &#8211; AABBC<u><\/u><u><\/u><\/p>\n<p style=\"text-align: justify;\"><u><\/u><b>&nbsp;&#8211; Centro de Conviv\u00eancia para Idosos (CCI):<u><\/u><u><\/u><\/b><\/p>\n<p style=\"text-align: justify;\"><b>Quinta-feira (17):<u><\/u><u><\/u><\/b><\/p>\n<p style=\"text-align: justify;\">19h \u2013 Apresenta\u00e7\u00e3o dos idosos, com m\u00fasicas anos 70 e 80. Local: Teatro Zaccaria Marques<u><\/u><u><\/u><\/p>\n<p style=\"text-align: justify;\"><b>Sexta-feira (18):<u><\/u><u><\/u><\/b><\/p>\n<p style=\"text-align: justify;\">19h \u2013 Teatro Zaccaria Marques&nbsp;&nbsp;&nbsp;&nbsp;&nbsp;&nbsp;&nbsp;&nbsp;<u><\/u><u><\/u><\/p>\n<p style=\"text-align: justify;\">\u2022&nbsp;&nbsp;&nbsp;&nbsp;&nbsp;&nbsp;&nbsp;&nbsp;&nbsp;&nbsp;Musical \u201cHigth School Musical\u201d com os adolescentes<u><\/u><u><\/u><\/p>\n<p style=\"text-align: justify;\">\u2022&nbsp;&nbsp;&nbsp;&nbsp;&nbsp;&nbsp;&nbsp;&nbsp;&nbsp;&nbsp;Musical \u201cCats\u201d &#8211; AABBC<u><\/u><u><\/u><\/p>\n<p style=\"text-align: justify;\"><u><\/u><b>&#8211; Projeto AABB Comunidade:<u><\/u><u><\/u><\/b><\/p>\n<p style=\"text-align: justify;\"><b>Sexta-feira (18):<u><\/u><u><\/u><\/b><\/p>\n<p style=\"text-align: justify;\">19h \u2013 Teatro Zaccaria Marques&nbsp;&nbsp;&nbsp;&nbsp;&nbsp;&nbsp;&nbsp;&nbsp;<u><\/u><u><\/u><\/p>\n<p style=\"text-align: justify;\">\u2022&nbsp;&nbsp;&nbsp;&nbsp;&nbsp;&nbsp;&nbsp;&nbsp;&nbsp;&nbsp;Musical \u201cCats\u201d &#8211; AABBC<\/p>\n<p><a href=\"http:\/\/folhadosudeste.com\/site\/wp-content\/uploads\/2019\/10\/DSC_2250.jpg\"><img loading=\"lazy\" decoding=\"async\" class=\"alignnone size-full wp-image-67276\" src=\"http:\/\/folhadosudeste.com\/site\/wp-content\/uploads\/2019\/10\/DSC_2250.jpg\" alt=\"\" width=\"1000\" height=\"635\" srcset=\"http:\/\/folhadosudeste.com\/site\/wp-content\/uploads\/2019\/10\/DSC_2250.jpg 1000w, http:\/\/folhadosudeste.com\/site\/wp-content\/uploads\/2019\/10\/DSC_2250-300x191.jpg 300w, http:\/\/folhadosudeste.com\/site\/wp-content\/uploads\/2019\/10\/DSC_2250-768x488.jpg 768w\" sizes=\"auto, (max-width: 1000px) 100vw, 1000px\" \/><\/a><\/p>\n<p><!--more--><\/p>\n<p><a href=\"http:\/\/folhadosudeste.com\/site\/wp-content\/uploads\/2019\/10\/DSC_2251.jpg\"><img loading=\"lazy\" decoding=\"async\" class=\"alignnone size-full wp-image-67277\" src=\"http:\/\/folhadosudeste.com\/site\/wp-content\/uploads\/2019\/10\/DSC_2251.jpg\" alt=\"\" width=\"1000\" height=\"667\" srcset=\"http:\/\/folhadosudeste.com\/site\/wp-content\/uploads\/2019\/10\/DSC_2251.jpg 1000w, http:\/\/folhadosudeste.com\/site\/wp-content\/uploads\/2019\/10\/DSC_2251-300x200.jpg 300w, http:\/\/folhadosudeste.com\/site\/wp-content\/uploads\/2019\/10\/DSC_2251-768x512.jpg 768w, http:\/\/folhadosudeste.com\/site\/wp-content\/uploads\/2019\/10\/DSC_2251-120x80.jpg 120w, http:\/\/folhadosudeste.com\/site\/wp-content\/uploads\/2019\/10\/DSC_2251-345x230.jpg 345w\" sizes=\"auto, (max-width: 1000px) 100vw, 1000px\" \/><\/a> <a href=\"http:\/\/folhadosudeste.com\/site\/wp-content\/uploads\/2019\/10\/DSC_2256.jpg\"><img loading=\"lazy\" decoding=\"async\" class=\"alignnone size-full wp-image-67278\" src=\"http:\/\/folhadosudeste.com\/site\/wp-content\/uploads\/2019\/10\/DSC_2256.jpg\" alt=\"\" width=\"1000\" height=\"756\" srcset=\"http:\/\/folhadosudeste.com\/site\/wp-content\/uploads\/2019\/10\/DSC_2256.jpg 1000w, http:\/\/folhadosudeste.com\/site\/wp-content\/uploads\/2019\/10\/DSC_2256-300x227.jpg 300w, http:\/\/folhadosudeste.com\/site\/wp-content\/uploads\/2019\/10\/DSC_2256-768x581.jpg 768w\" sizes=\"auto, (max-width: 1000px) 100vw, 1000px\" \/><\/a> <a href=\"http:\/\/folhadosudeste.com\/site\/wp-content\/uploads\/2019\/10\/DSC_2259.jpg\"><img loading=\"lazy\" decoding=\"async\" class=\"alignnone size-full wp-image-67279\" src=\"http:\/\/folhadosudeste.com\/site\/wp-content\/uploads\/2019\/10\/DSC_2259.jpg\" alt=\"\" width=\"1000\" height=\"665\" srcset=\"http:\/\/folhadosudeste.com\/site\/wp-content\/uploads\/2019\/10\/DSC_2259.jpg 1000w, http:\/\/folhadosudeste.com\/site\/wp-content\/uploads\/2019\/10\/DSC_2259-300x200.jpg 300w, http:\/\/folhadosudeste.com\/site\/wp-content\/uploads\/2019\/10\/DSC_2259-768x511.jpg 768w, http:\/\/folhadosudeste.com\/site\/wp-content\/uploads\/2019\/10\/DSC_2259-120x80.jpg 120w, http:\/\/folhadosudeste.com\/site\/wp-content\/uploads\/2019\/10\/DSC_2259-345x230.jpg 345w\" sizes=\"auto, (max-width: 1000px) 100vw, 1000px\" \/><\/a> <a href=\"http:\/\/folhadosudeste.com\/site\/wp-content\/uploads\/2019\/10\/DSC_2263.jpg\"><img loading=\"lazy\" decoding=\"async\" class=\"alignnone size-full wp-image-67280\" src=\"http:\/\/folhadosudeste.com\/site\/wp-content\/uploads\/2019\/10\/DSC_2263.jpg\" alt=\"\" width=\"1000\" height=\"667\" srcset=\"http:\/\/folhadosudeste.com\/site\/wp-content\/uploads\/2019\/10\/DSC_2263.jpg 1000w, http:\/\/folhadosudeste.com\/site\/wp-content\/uploads\/2019\/10\/DSC_2263-300x200.jpg 300w, http:\/\/folhadosudeste.com\/site\/wp-content\/uploads\/2019\/10\/DSC_2263-768x512.jpg 768w, http:\/\/folhadosudeste.com\/site\/wp-content\/uploads\/2019\/10\/DSC_2263-120x80.jpg 120w, http:\/\/folhadosudeste.com\/site\/wp-content\/uploads\/2019\/10\/DSC_2263-345x230.jpg 345w\" sizes=\"auto, (max-width: 1000px) 100vw, 1000px\" \/><\/a><\/p>\n","protected":false},"excerpt":{"rendered":"<p>Projeto valoriza potencial das comunidades e talento dos moradores; programa\u00e7\u00e3o ter\u00e1 musical na quinta e sexta-feira (17 e 18), no Teatro Zaccaria Marques Os quatro Centros de Refer\u00eancia da Assist\u00eancia Social (CRAS) de Muria\u00e9 est\u00e3o com programa\u00e7\u00e3o especial nesta semana. Desde segunda-feira (14) eles est\u00e3o sendo palco do CRAS Cultura. O evento apresenta aos usu\u00e1rios [&hellip;]<\/p>\n","protected":false},"author":6,"featured_media":0,"comment_status":"open","ping_status":"closed","sticky":false,"template":"","format":"standard","meta":{"_joinchat":[],"footnotes":""},"categories":[1],"tags":[],"class_list":["post-67274","post","type-post","status-publish","format-standard","hentry","category-sem-categoria"],"_links":{"self":[{"href":"http:\/\/folhadosudeste.com\/site\/index.php?rest_route=\/wp\/v2\/posts\/67274","targetHints":{"allow":["GET"]}}],"collection":[{"href":"http:\/\/folhadosudeste.com\/site\/index.php?rest_route=\/wp\/v2\/posts"}],"about":[{"href":"http:\/\/folhadosudeste.com\/site\/index.php?rest_route=\/wp\/v2\/types\/post"}],"author":[{"embeddable":true,"href":"http:\/\/folhadosudeste.com\/site\/index.php?rest_route=\/wp\/v2\/users\/6"}],"replies":[{"embeddable":true,"href":"http:\/\/folhadosudeste.com\/site\/index.php?rest_route=%2Fwp%2Fv2%2Fcomments&post=67274"}],"version-history":[{"count":1,"href":"http:\/\/folhadosudeste.com\/site\/index.php?rest_route=\/wp\/v2\/posts\/67274\/revisions"}],"predecessor-version":[{"id":67281,"href":"http:\/\/folhadosudeste.com\/site\/index.php?rest_route=\/wp\/v2\/posts\/67274\/revisions\/67281"}],"wp:attachment":[{"href":"http:\/\/folhadosudeste.com\/site\/index.php?rest_route=%2Fwp%2Fv2%2Fmedia&parent=67274"}],"wp:term":[{"taxonomy":"category","embeddable":true,"href":"http:\/\/folhadosudeste.com\/site\/index.php?rest_route=%2Fwp%2Fv2%2Fcategories&post=67274"},{"taxonomy":"post_tag","embeddable":true,"href":"http:\/\/folhadosudeste.com\/site\/index.php?rest_route=%2Fwp%2Fv2%2Ftags&post=67274"}],"curies":[{"name":"wp","href":"https:\/\/api.w.org\/{rel}","templated":true}]}}