{"id":67282,"date":"2019-10-16T17:01:54","date_gmt":"2019-10-16T17:01:54","guid":{"rendered":"http:\/\/folhadosudeste.com\/site\/?p=67282"},"modified":"2019-10-16T17:01:54","modified_gmt":"2019-10-16T17:01:54","slug":"concurso-da-prefeitura-candidatos-ja-podem-consultar-data-horario-e-local-de-prova","status":"publish","type":"post","link":"http:\/\/folhadosudeste.com\/site\/?p=67282","title":{"rendered":"Concurso da Prefeitura: candidatos j\u00e1 podem consultar data, hor\u00e1rio e local de prova"},"content":{"rendered":"<figure id=\"attachment_67283\" aria-describedby=\"caption-attachment-67283\" style=\"width: 900px\" class=\"wp-caption alignnone\"><a href=\"http:\/\/folhadosudeste.com\/site\/wp-content\/uploads\/2019\/10\/Concurso-P\u00fablico.jpg\"><img loading=\"lazy\" decoding=\"async\" class=\"size-full wp-image-67283\" src=\"http:\/\/folhadosudeste.com\/site\/wp-content\/uploads\/2019\/10\/Concurso-P\u00fablico.jpg\" alt=\"\" width=\"900\" height=\"600\" srcset=\"http:\/\/folhadosudeste.com\/site\/wp-content\/uploads\/2019\/10\/Concurso-P\u00fablico.jpg 900w, http:\/\/folhadosudeste.com\/site\/wp-content\/uploads\/2019\/10\/Concurso-P\u00fablico-300x200.jpg 300w, http:\/\/folhadosudeste.com\/site\/wp-content\/uploads\/2019\/10\/Concurso-P\u00fablico-768x512.jpg 768w, http:\/\/folhadosudeste.com\/site\/wp-content\/uploads\/2019\/10\/Concurso-P\u00fablico-120x80.jpg 120w, http:\/\/folhadosudeste.com\/site\/wp-content\/uploads\/2019\/10\/Concurso-P\u00fablico-345x230.jpg 345w\" sizes=\"auto, (max-width: 900px) 100vw, 900px\" \/><\/a><figcaption id=\"caption-attachment-67283\" class=\"wp-caption-text\">????????????????????????????????????<\/figcaption><\/figure>\n<p style=\"text-align: justify;\"><i>Cart\u00f5es de confirma\u00e7\u00e3o de inscri\u00e7\u00e3o est\u00e3o dispon\u00edveis para impress\u00e3o no site do Imam, empresa organizadora do certame<u><\/u><u><\/u><\/i><\/p>\n<p style=\"text-align: justify;\"><u><\/u>Os cart\u00f5es de confirma\u00e7\u00e3o de inscri\u00e7\u00e3o contendo os locais, datas e hor\u00e1rios de provas para o concurso geral da Prefeitura de Muria\u00e9 j\u00e1 est\u00e3o dispon\u00edveis para consulta. Os candidatos devem acessar o site do Instituto Mineiro de Administra\u00e7\u00e3o Municipal (Imam), que \u00e9 a empresa respons\u00e1vel pela realiza\u00e7\u00e3o do certame,&nbsp;<a href=\"http:\/\/imamconcursos.org.br\/\" target=\"_blank\" rel=\"noopener\" data-saferedirecturl=\"https:\/\/www.google.com\/url?q=http:\/\/imamconcursos.org.br&amp;source=gmail&amp;ust=1571330682671000&amp;usg=AFQjCNH0q2carGHyWmwr4ox0th6SWZxGXA\">imamconcursos.org.br<\/a>, entrar na p\u00e1gina exclusiva dos usu\u00e1rios e conferir as informa\u00e7\u00f5es na aba &#8220;Minhas Inscri\u00e7\u00f5es&#8221;.<u><\/u><u><\/u><\/p>\n<p style=\"text-align: justify;\"><u><\/u>O Imam orienta que os candidatos confiram se a data de nascimento informada no cart\u00e3o est\u00e1 correta, uma vez que a idade \u00e9 um dos crit\u00e9rios de desempate previstos no edital.<u><\/u><u><\/u><\/p>\n<p style=\"text-align: justify;\"><u><\/u>As provas v\u00e3o acontecer nos dias 26 e 27 de outubro em diversas escolas de Muria\u00e9 \u2013 escolas estaduais Engenheiro Orlando Flores (Dornelas), Padre Maximino Benassati (S\u00e3o Francisco), Professor Gon\u00e7alves Couto (Porto) e Professor Orlando de Lima Faria (S\u00e3o Francisco) e Escola Municipal Gilberto Jos\u00e9 Tanus Braz (Jo\u00e3o XXIII). A data, o local e o hor\u00e1rio variam de acordo com o cargo escolhido pelos candidatos.<u><\/u><u><\/u><\/p>\n<p style=\"text-align: justify;\"><u><\/u>&nbsp;<u><\/u>Ao todo, est\u00e3o sendo oferecidas 65 vagas em diversas fun\u00e7\u00f5es nas secretarias municipais de Administra\u00e7\u00e3o, Fazenda, Agricultura, Urbanismo, Obras e Sa\u00fade.<u><\/u><u><\/u><\/p>\n<p style=\"text-align: justify;\"><u><\/u>&nbsp;<u><\/u><b>Confira o passo a passo para imprimir o cart\u00e3o de confirma\u00e7\u00e3o de inscri\u00e7\u00e3o:<u><\/u><u><\/u><\/b><\/p>\n<p style=\"text-align: justify;\">1 &#8211; Acesse o site&nbsp;<a href=\"http:\/\/imamconcursos.org.br\/\" target=\"_blank\" rel=\"noopener\" data-saferedirecturl=\"https:\/\/www.google.com\/url?q=http:\/\/imamconcursos.org.br&amp;source=gmail&amp;ust=1571330682671000&amp;usg=AFQjCNH0q2carGHyWmwr4ox0th6SWZxGXA\">imamconcursos.org.br<\/a>;<u><\/u><u><\/u><\/p>\n<p style=\"text-align: justify;\">2 &#8211; Role a p\u00e1gina at\u00e9 o final e acesse a \u00e1rea do candidato, informando CPF ou e-mail e a senha cadastrada no site;<u><\/u><u><\/u><\/p>\n<p style=\"text-align: justify;\">3 &#8211; Clique sobre o bot\u00e3o &#8220;Entrar&#8221;;<u><\/u><u><\/u><\/p>\n<p style=\"text-align: justify;\">4 &#8211; Acesse a aba &#8220;Minhas Inscri\u00e7\u00f5es&#8221;;<u><\/u><u><\/u><\/p>\n<p style=\"text-align: justify;\">5 &#8211; Selecione a op\u00e7\u00e3o referente ao concurso de Edital 02\/2019 &#8211; Administra\u00e7\u00e3o e Sa\u00fade;<u><\/u><u><\/u><\/p>\n<p style=\"text-align: justify;\">6 &#8211; Clique sobre o bot\u00e3o &#8220;Comprovante Definitivo de Inscri\u00e7\u00e3o&#8221; para baixar o arquivo;<u><\/u><u><\/u><\/p>\n<p style=\"text-align: justify;\">7 &#8211; Abra o arquivo em seu computador e imprima.<\/p>\n","protected":false},"excerpt":{"rendered":"<p>Cart\u00f5es de confirma\u00e7\u00e3o de inscri\u00e7\u00e3o est\u00e3o dispon\u00edveis para impress\u00e3o no site do Imam, empresa organizadora do certame Os cart\u00f5es de confirma\u00e7\u00e3o de inscri\u00e7\u00e3o contendo os locais, datas e hor\u00e1rios de provas para o concurso geral da Prefeitura de Muria\u00e9 j\u00e1 est\u00e3o dispon\u00edveis para consulta. Os candidatos devem acessar o site do Instituto Mineiro de Administra\u00e7\u00e3o [&hellip;]<\/p>\n","protected":false},"author":6,"featured_media":0,"comment_status":"open","ping_status":"closed","sticky":false,"template":"","format":"standard","meta":{"_joinchat":[],"footnotes":""},"categories":[1],"tags":[],"class_list":["post-67282","post","type-post","status-publish","format-standard","hentry","category-sem-categoria"],"_links":{"self":[{"href":"http:\/\/folhadosudeste.com\/site\/index.php?rest_route=\/wp\/v2\/posts\/67282","targetHints":{"allow":["GET"]}}],"collection":[{"href":"http:\/\/folhadosudeste.com\/site\/index.php?rest_route=\/wp\/v2\/posts"}],"about":[{"href":"http:\/\/folhadosudeste.com\/site\/index.php?rest_route=\/wp\/v2\/types\/post"}],"author":[{"embeddable":true,"href":"http:\/\/folhadosudeste.com\/site\/index.php?rest_route=\/wp\/v2\/users\/6"}],"replies":[{"embeddable":true,"href":"http:\/\/folhadosudeste.com\/site\/index.php?rest_route=%2Fwp%2Fv2%2Fcomments&post=67282"}],"version-history":[{"count":1,"href":"http:\/\/folhadosudeste.com\/site\/index.php?rest_route=\/wp\/v2\/posts\/67282\/revisions"}],"predecessor-version":[{"id":67284,"href":"http:\/\/folhadosudeste.com\/site\/index.php?rest_route=\/wp\/v2\/posts\/67282\/revisions\/67284"}],"wp:attachment":[{"href":"http:\/\/folhadosudeste.com\/site\/index.php?rest_route=%2Fwp%2Fv2%2Fmedia&parent=67282"}],"wp:term":[{"taxonomy":"category","embeddable":true,"href":"http:\/\/folhadosudeste.com\/site\/index.php?rest_route=%2Fwp%2Fv2%2Fcategories&post=67282"},{"taxonomy":"post_tag","embeddable":true,"href":"http:\/\/folhadosudeste.com\/site\/index.php?rest_route=%2Fwp%2Fv2%2Ftags&post=67282"}],"curies":[{"name":"wp","href":"https:\/\/api.w.org\/{rel}","templated":true}]}}