{"id":67341,"date":"2019-10-18T19:19:11","date_gmt":"2019-10-18T19:19:11","guid":{"rendered":"http:\/\/folhadosudeste.com\/site\/?p=67341"},"modified":"2019-10-18T19:19:11","modified_gmt":"2019-10-18T19:19:11","slug":"vereador-dr-jose-carlos-homenageia-instituicoes-medicas-por-ocasiao-do-dia-do-medico-e-profissionais-da-casa-lar","status":"publish","type":"post","link":"http:\/\/folhadosudeste.com\/site\/?p=67341","title":{"rendered":"Vereador Dr. Jos\u00e9 Carlos homenageia institui\u00e7\u00f5es m\u00e9dicas por ocasi\u00e3o do Dia do M\u00e9dico e profissionais da Casa Lar"},"content":{"rendered":"<p><a href=\"http:\/\/folhadosudeste.com\/site\/wp-content\/uploads\/2019\/10\/DR-JOSE-CARLOS.jpg\"><img loading=\"lazy\" decoding=\"async\" class=\"alignnone size-full wp-image-67346\" src=\"http:\/\/folhadosudeste.com\/site\/wp-content\/uploads\/2019\/10\/DR-JOSE-CARLOS.jpg\" alt=\"\" width=\"800\" height=\"345\" srcset=\"http:\/\/folhadosudeste.com\/site\/wp-content\/uploads\/2019\/10\/DR-JOSE-CARLOS.jpg 800w, http:\/\/folhadosudeste.com\/site\/wp-content\/uploads\/2019\/10\/DR-JOSE-CARLOS-300x129.jpg 300w, http:\/\/folhadosudeste.com\/site\/wp-content\/uploads\/2019\/10\/DR-JOSE-CARLOS-768x331.jpg 768w\" sizes=\"auto, (max-width: 800px) 100vw, 800px\" \/><\/a><\/p>\n<p style=\"text-align: justify;\">Sexta-feira, 18 de outubro \u00e9 comemorado o Dia do M\u00e9dico, para lembrar a data, o vereador e m\u00e9dico obstetra Dr. Jos\u00e9 Carlos homenageou antecipadamente com Mo\u00e7\u00f5es de Congratula\u00e7\u00f5es e Aplausos, na noite de 15 de outubro, a Sociedade M\u00e9dica e a Unimed de Muria\u00e9 atrav\u00e9s de seus presidentes Dr. Cl\u00e1udio Renato e Dr. Mauricio Abreu. A solenidade de entrega de outorgas aconteceu no plen\u00e1rio da C\u00e2mara Municipal. Na ocasi\u00e3o tamb\u00e9m foram homenageadas pelo vereador com a mesma distin\u00e7\u00e3o as coordenadas da Casa Lar, Lady Maria e Daniela Maria.<\/p>\n<p style=\"text-align: justify;\">No texto de suas homenagens o vereador destaca a import\u00e2ncia dos profissionais e das associa\u00e7\u00f5es que cuidam da sa\u00fade em Muria\u00e9 e tamb\u00e9m o trabalho realizado com tanto amor e carinho na Casa Lar. \u201cExistem miss\u00f5es que s\u00e3o extremamente sublimes nesta vida; algumas imitam a nobreza do amor de Deus, outras a justi\u00e7a, a cultura, a sa\u00fade ou outros projetos, mas todas s\u00e3o exercidas por bons profissionais. Todas elas merecem nosso respeito e gratid\u00e3o, como voc\u00eas que s\u00e3o pessoas dignas da mais profunda admira\u00e7\u00e3o pela forma incans\u00e1vel com a qual se dedicam ao seu objetivo e profiss\u00e3o com determina\u00e7\u00e3o.\u201d<\/p>\n<p style=\"text-align: justify;\">Dr. Jos\u00e9 Carlos fez quest\u00e3o de reiterar o respeito e admira\u00e7\u00e3o pelos colegas de profiss\u00e3o. \u201cN\u00e3o poderia deixar de lhes prestar as minhas homenagens neste dia t\u00e3o especial que \u00e9 o dia do M\u00e9dico, comemorado em 18 de outubro, a Sociedade M\u00e9dica, a Unimed Muria\u00e9 e a Casa Lar, t\u00eam muito a acrescentar a nossa cidade. Obrigado por tudo e que Deus fa\u00e7a voc\u00eas muito felizes! Meus Parab\u00e9ns!\u201d<\/p>\n","protected":false},"excerpt":{"rendered":"<p>Sexta-feira, 18 de outubro \u00e9 comemorado o Dia do M\u00e9dico, para lembrar a data, o vereador e m\u00e9dico obstetra Dr. Jos\u00e9 Carlos homenageou antecipadamente com Mo\u00e7\u00f5es de Congratula\u00e7\u00f5es e Aplausos, na noite de 15 de outubro, a Sociedade M\u00e9dica e a Unimed de Muria\u00e9 atrav\u00e9s de seus presidentes Dr. Cl\u00e1udio Renato e Dr. Mauricio Abreu. [&hellip;]<\/p>\n","protected":false},"author":6,"featured_media":0,"comment_status":"open","ping_status":"closed","sticky":false,"template":"","format":"standard","meta":{"_joinchat":[],"footnotes":""},"categories":[1],"tags":[],"class_list":["post-67341","post","type-post","status-publish","format-standard","hentry","category-sem-categoria"],"_links":{"self":[{"href":"http:\/\/folhadosudeste.com\/site\/index.php?rest_route=\/wp\/v2\/posts\/67341","targetHints":{"allow":["GET"]}}],"collection":[{"href":"http:\/\/folhadosudeste.com\/site\/index.php?rest_route=\/wp\/v2\/posts"}],"about":[{"href":"http:\/\/folhadosudeste.com\/site\/index.php?rest_route=\/wp\/v2\/types\/post"}],"author":[{"embeddable":true,"href":"http:\/\/folhadosudeste.com\/site\/index.php?rest_route=\/wp\/v2\/users\/6"}],"replies":[{"embeddable":true,"href":"http:\/\/folhadosudeste.com\/site\/index.php?rest_route=%2Fwp%2Fv2%2Fcomments&post=67341"}],"version-history":[{"count":1,"href":"http:\/\/folhadosudeste.com\/site\/index.php?rest_route=\/wp\/v2\/posts\/67341\/revisions"}],"predecessor-version":[{"id":67347,"href":"http:\/\/folhadosudeste.com\/site\/index.php?rest_route=\/wp\/v2\/posts\/67341\/revisions\/67347"}],"wp:attachment":[{"href":"http:\/\/folhadosudeste.com\/site\/index.php?rest_route=%2Fwp%2Fv2%2Fmedia&parent=67341"}],"wp:term":[{"taxonomy":"category","embeddable":true,"href":"http:\/\/folhadosudeste.com\/site\/index.php?rest_route=%2Fwp%2Fv2%2Fcategories&post=67341"},{"taxonomy":"post_tag","embeddable":true,"href":"http:\/\/folhadosudeste.com\/site\/index.php?rest_route=%2Fwp%2Fv2%2Ftags&post=67341"}],"curies":[{"name":"wp","href":"https:\/\/api.w.org\/{rel}","templated":true}]}}