{"id":67369,"date":"2019-10-21T12:51:22","date_gmt":"2019-10-21T12:51:22","guid":{"rendered":"http:\/\/folhadosudeste.com\/site\/?p=67369"},"modified":"2019-10-21T12:51:22","modified_gmt":"2019-10-21T12:51:22","slug":"programa-regulariza-prefeitura-protocola-documentos-em-cartorio","status":"publish","type":"post","link":"http:\/\/folhadosudeste.com\/site\/?p=67369","title":{"rendered":"Programa Regulariza: Prefeitura protocola documentos em cart\u00f3rio"},"content":{"rendered":"<p><a href=\"http:\/\/folhadosudeste.com\/site\/wp-content\/uploads\/2019\/10\/01-4.jpg\"><img loading=\"lazy\" decoding=\"async\" class=\"alignnone wp-image-67370 size-full\" src=\"http:\/\/folhadosudeste.com\/site\/wp-content\/uploads\/2019\/10\/01-4.jpg\" alt=\"\" width=\"749\" height=\"464\" srcset=\"http:\/\/folhadosudeste.com\/site\/wp-content\/uploads\/2019\/10\/01-4.jpg 749w, http:\/\/folhadosudeste.com\/site\/wp-content\/uploads\/2019\/10\/01-4-300x186.jpg 300w\" sizes=\"auto, (max-width: 749px) 100vw, 749px\" \/><\/a><\/p>\n<p style=\"text-align: justify;\"><i>Registro vai possibilitar entrega de t\u00edtulos de legitima\u00e7\u00e3o fundi\u00e1ria aos contemplados pelo programa<\/i><\/p>\n<p style=\"text-align: justify;\">O munic\u00edpio deu entrada no cart\u00f3rio para registro da Certid\u00e3o de Regulariza\u00e7\u00e3o Fundi\u00e1ria (CRF), documento este que vai possibilitar a emiss\u00e3o e entrega de t\u00edtulos de legitima\u00e7\u00e3o fundi\u00e1ria aos contemplados pelo Programa Regulariza.<\/p>\n<p style=\"text-align: justify;\">O protocolo dos documentos aconteceu na tarde da \u00faltima quarta-feira (16). Ap\u00f3s esse procedimento, o cart\u00f3rio de im\u00f3veis tem 15 dias para emitir uma nota devolutiva, solicitando, por exemplo, alguma nova informa\u00e7\u00e3o. Depois deste per\u00edodo, o estabelecimento ter\u00e1, ent\u00e3o, 60 dias para registrar a Certid\u00e3o de Regulariza\u00e7\u00e3o Fundi\u00e1ria \u2013 prazo este que pode ser prorrogado por igual per\u00edodo, desde que devidamente justificado.<\/p>\n<p style=\"text-align: justify;\">\u201c\u00c9 com muita alegria que damos mais um passo no Programa Regulariza para entregar aos muriaeenses o t\u00e3o sonhado t\u00edtulo de legitima\u00e7\u00e3o fundi\u00e1ria. Protocolamos documentos que v\u00e3o produzir cerca de mil t\u00edtulos. Este projeto traz mais dignidade para milhares de fam\u00edlias em nosso munic\u00edpio\u201d, afirma o prefeito Grego.&nbsp;<\/p>\n<p style=\"text-align: justify;\">Atrav\u00e9s do Regulariza \u2013 uma iniciativa in\u00e9dita da Prefeitura de Muria\u00e9, desenvolvida atrav\u00e9s da Secretaria Municipal de Desenvolvimento Social -, os t\u00edtulos ser\u00e3o concedidos aos muriaeenses de forma gratuita, resolvendo pend\u00eancias que em alguns casos chegavam a mais de tr\u00eas d\u00e9cadas de indefini\u00e7\u00e3o.<\/p>\n<p style=\"text-align: justify;\">O trabalho iniciou em setembro de 2018 e foi composto por diversas etapas, incluindo reuni\u00f5es com os moradores, cadastramento dos im\u00f3veis pelas t\u00e9cnicas sociais e levantamento topogr\u00e1fico de cada im\u00f3vel e do distrito como um todo. O programa, que iniciou nos distritos, em breve atender\u00e1 tamb\u00e9m a \u00e1rea urbana.<\/p>\n","protected":false},"excerpt":{"rendered":"<p>Registro vai possibilitar entrega de t\u00edtulos de legitima\u00e7\u00e3o fundi\u00e1ria aos contemplados pelo programa O munic\u00edpio deu entrada no cart\u00f3rio para registro da Certid\u00e3o de Regulariza\u00e7\u00e3o Fundi\u00e1ria (CRF), documento este que vai possibilitar a emiss\u00e3o e entrega de t\u00edtulos de legitima\u00e7\u00e3o fundi\u00e1ria aos contemplados pelo Programa Regulariza. O protocolo dos documentos aconteceu na tarde da \u00faltima [&hellip;]<\/p>\n","protected":false},"author":6,"featured_media":0,"comment_status":"open","ping_status":"closed","sticky":false,"template":"","format":"standard","meta":{"_joinchat":[],"footnotes":""},"categories":[1],"tags":[],"class_list":["post-67369","post","type-post","status-publish","format-standard","hentry","category-sem-categoria"],"_links":{"self":[{"href":"http:\/\/folhadosudeste.com\/site\/index.php?rest_route=\/wp\/v2\/posts\/67369","targetHints":{"allow":["GET"]}}],"collection":[{"href":"http:\/\/folhadosudeste.com\/site\/index.php?rest_route=\/wp\/v2\/posts"}],"about":[{"href":"http:\/\/folhadosudeste.com\/site\/index.php?rest_route=\/wp\/v2\/types\/post"}],"author":[{"embeddable":true,"href":"http:\/\/folhadosudeste.com\/site\/index.php?rest_route=\/wp\/v2\/users\/6"}],"replies":[{"embeddable":true,"href":"http:\/\/folhadosudeste.com\/site\/index.php?rest_route=%2Fwp%2Fv2%2Fcomments&post=67369"}],"version-history":[{"count":1,"href":"http:\/\/folhadosudeste.com\/site\/index.php?rest_route=\/wp\/v2\/posts\/67369\/revisions"}],"predecessor-version":[{"id":67371,"href":"http:\/\/folhadosudeste.com\/site\/index.php?rest_route=\/wp\/v2\/posts\/67369\/revisions\/67371"}],"wp:attachment":[{"href":"http:\/\/folhadosudeste.com\/site\/index.php?rest_route=%2Fwp%2Fv2%2Fmedia&parent=67369"}],"wp:term":[{"taxonomy":"category","embeddable":true,"href":"http:\/\/folhadosudeste.com\/site\/index.php?rest_route=%2Fwp%2Fv2%2Fcategories&post=67369"},{"taxonomy":"post_tag","embeddable":true,"href":"http:\/\/folhadosudeste.com\/site\/index.php?rest_route=%2Fwp%2Fv2%2Ftags&post=67369"}],"curies":[{"name":"wp","href":"https:\/\/api.w.org\/{rel}","templated":true}]}}