{"id":67372,"date":"2019-10-21T12:52:35","date_gmt":"2019-10-21T12:52:35","guid":{"rendered":"http:\/\/folhadosudeste.com\/site\/?p=67372"},"modified":"2019-10-21T12:53:01","modified_gmt":"2019-10-21T12:53:01","slug":"atualizacao-sobre-caso-de-meningite","status":"publish","type":"post","link":"http:\/\/folhadosudeste.com\/site\/?p=67372","title":{"rendered":"Nota da Prefeitura de Muria\u00e9 sobre caso de meningite"},"content":{"rendered":"<p><a href=\"http:\/\/folhadosudeste.com\/site\/wp-content\/uploads\/2019\/10\/Nota-Oficial-2.jpg\"><img loading=\"lazy\" decoding=\"async\" class=\"alignnone wp-image-67373 size-full\" src=\"http:\/\/folhadosudeste.com\/site\/wp-content\/uploads\/2019\/10\/Nota-Oficial-2.jpg\" alt=\"\" width=\"1000\" height=\"1000\" srcset=\"http:\/\/folhadosudeste.com\/site\/wp-content\/uploads\/2019\/10\/Nota-Oficial-2.jpg 1000w, http:\/\/folhadosudeste.com\/site\/wp-content\/uploads\/2019\/10\/Nota-Oficial-2-150x150.jpg 150w, http:\/\/folhadosudeste.com\/site\/wp-content\/uploads\/2019\/10\/Nota-Oficial-2-300x300.jpg 300w, http:\/\/folhadosudeste.com\/site\/wp-content\/uploads\/2019\/10\/Nota-Oficial-2-768x768.jpg 768w\" sizes=\"auto, (max-width: 1000px) 100vw, 1000px\" \/><\/a><\/p>\n<p style=\"text-align: justify;\">A Prefeitura de Muria\u00e9, por meio da Secretaria Municipal de Sa\u00fade (SMS), informa que o resultado da investiga\u00e7\u00e3o dispon\u00edvel pela Funda\u00e7\u00e3o Ezequiel Dias (Funed), em Belo Horizonte, \u00e9 negativo para meningite bacteriana em um menino de 4 anos. Tal resultado, divulgado agora h\u00e1 pouco pela Funed, n\u00e3o exclui em 100% a possibilidade, mas reduz as chances e tranquiliza as autoridades. O garoto est\u00e1 reagindo bem ao tratamento e j\u00e1 est\u00e1 quarto do Hospital S\u00e3o Paulo.<u><\/u><u><\/u><u><\/u>&nbsp;<u><\/u><\/p>\n<p style=\"text-align: justify;\">A Administra\u00e7\u00e3o municipal frisa que n\u00e3o h\u00e1 indicativo de surto da doen\u00e7a e, com isso, n\u00e3o h\u00e1 motivo para p\u00e2nico. Segundo o m\u00e9dico infectologista do Setor de Epidemiologia da Secretaria de Sa\u00fade, Daniel Licy, este caso n\u00e3o h\u00e1 v\u00ednculo com o caso de uma menina de 3 anos que faleceu no dia 21 de agosto v\u00edtima de uma meningite do tipo&nbsp;<i>haemophilos influenzae<\/i>&nbsp;&#8211; inclusive j\u00e1 se passou o per\u00edodo em que haveria possibilidade deste v\u00ednculo. O especialista explica que, assim como o anterior, este \u00e9 um caso isolado.<u><\/u><u><\/u><u><\/u>&nbsp;<u><\/u><\/p>\n<p style=\"text-align: justify;\">O garoto foi internado no HSP na quarta-feira (16). Assim que foi notificada sobre o caso, a equipe do Setor de Epidemiologia tomou todas as medidas necess\u00e1rias e preconizadas pelo Minist\u00e9rio da Sa\u00fade, a fim de conter qualquer possibilidade de dissemina\u00e7\u00e3o.<u><\/u><u><\/u><u><\/u>&nbsp;<u><\/u><\/p>\n<p style=\"text-align: justify;\">Familiares, pessoas \u00edntimas, profissionais da educa\u00e7\u00e3o e de sa\u00fade e alunos \u2013 o menino estuda em uma institui\u00e7\u00e3o da rede particular da cidade \u2013 que t\u00eam contato com a crian\u00e7a receberam quimioprofilaxia por rifampicina, medida terap\u00eautica para a preven\u00e7\u00e3o aos que tiveram contato \u00edntimo, ou seja, foram expostos ao doente por 20 horas semanais ou que tiveram contato com secre\u00e7\u00e3o.<u><\/u><u><\/u><u><\/u>&nbsp;<u><\/u><\/p>\n<p style=\"text-align: justify;\">Na quarta-feira (16), a equipe da SMS esteve na escola onde a crian\u00e7a estuda para prestar esclarecimentos e orienta\u00e7\u00f5es. A Secretaria Municipal de Sa\u00fade tamb\u00e9m solicitou \u00e0 escola que garanta informa\u00e7\u00f5es sobre o estado vacinal das pessoas que tiveram contato com o menino, para fazerem parte das a\u00e7\u00f5es da SMS e saber a necessidade de imuniza\u00e7\u00f5es.<u><\/u><u><\/u><u><\/u>&nbsp;<u><\/u><\/p>\n<p style=\"text-align: justify;\">Por fim, a Prefeitura de Muria\u00e9, por meio da Secretaria Municipal de Sa\u00fade e em nome do secret\u00e1rio da pasta, Paulo C\u00e9sar de Oliveira, se solidariza com a fam\u00edlia do garoto neste momento, torcendo para que o mesmo se recupere o mais breve poss\u00edvel e possa retornar para sua casa.<\/p>\n","protected":false},"excerpt":{"rendered":"<p>A Prefeitura de Muria\u00e9, por meio da Secretaria Municipal de Sa\u00fade (SMS), informa que o resultado da investiga\u00e7\u00e3o dispon\u00edvel pela Funda\u00e7\u00e3o Ezequiel Dias (Funed), em Belo Horizonte, \u00e9 negativo para meningite bacteriana em um menino de 4 anos. Tal resultado, divulgado agora h\u00e1 pouco pela Funed, n\u00e3o exclui em 100% a possibilidade, mas reduz as [&hellip;]<\/p>\n","protected":false},"author":6,"featured_media":0,"comment_status":"open","ping_status":"closed","sticky":false,"template":"","format":"standard","meta":{"_joinchat":[],"footnotes":""},"categories":[1],"tags":[],"class_list":["post-67372","post","type-post","status-publish","format-standard","hentry","category-sem-categoria"],"_links":{"self":[{"href":"http:\/\/folhadosudeste.com\/site\/index.php?rest_route=\/wp\/v2\/posts\/67372","targetHints":{"allow":["GET"]}}],"collection":[{"href":"http:\/\/folhadosudeste.com\/site\/index.php?rest_route=\/wp\/v2\/posts"}],"about":[{"href":"http:\/\/folhadosudeste.com\/site\/index.php?rest_route=\/wp\/v2\/types\/post"}],"author":[{"embeddable":true,"href":"http:\/\/folhadosudeste.com\/site\/index.php?rest_route=\/wp\/v2\/users\/6"}],"replies":[{"embeddable":true,"href":"http:\/\/folhadosudeste.com\/site\/index.php?rest_route=%2Fwp%2Fv2%2Fcomments&post=67372"}],"version-history":[{"count":2,"href":"http:\/\/folhadosudeste.com\/site\/index.php?rest_route=\/wp\/v2\/posts\/67372\/revisions"}],"predecessor-version":[{"id":67375,"href":"http:\/\/folhadosudeste.com\/site\/index.php?rest_route=\/wp\/v2\/posts\/67372\/revisions\/67375"}],"wp:attachment":[{"href":"http:\/\/folhadosudeste.com\/site\/index.php?rest_route=%2Fwp%2Fv2%2Fmedia&parent=67372"}],"wp:term":[{"taxonomy":"category","embeddable":true,"href":"http:\/\/folhadosudeste.com\/site\/index.php?rest_route=%2Fwp%2Fv2%2Fcategories&post=67372"},{"taxonomy":"post_tag","embeddable":true,"href":"http:\/\/folhadosudeste.com\/site\/index.php?rest_route=%2Fwp%2Fv2%2Ftags&post=67372"}],"curies":[{"name":"wp","href":"https:\/\/api.w.org\/{rel}","templated":true}]}}