{"id":67381,"date":"2019-10-22T13:08:44","date_gmt":"2019-10-22T13:08:44","guid":{"rendered":"http:\/\/folhadosudeste.com\/site\/?p=67381"},"modified":"2019-10-22T13:08:44","modified_gmt":"2019-10-22T13:08:44","slug":"prefeitura-tera-recesso-no-dia-do-servidor","status":"publish","type":"post","link":"http:\/\/folhadosudeste.com\/site\/?p=67381","title":{"rendered":"Prefeitura ter\u00e1 recesso no Dia do Servidor"},"content":{"rendered":"<p><a href=\"http:\/\/folhadosudeste.com\/site\/wp-content\/uploads\/2019\/10\/Centro-Administrativo-2-2.jpg\"><img loading=\"lazy\" decoding=\"async\" class=\"alignnone size-full wp-image-67382\" src=\"http:\/\/folhadosudeste.com\/site\/wp-content\/uploads\/2019\/10\/Centro-Administrativo-2-2.jpg\" alt=\"\" width=\"1500\" height=\"1162\" srcset=\"http:\/\/folhadosudeste.com\/site\/wp-content\/uploads\/2019\/10\/Centro-Administrativo-2-2.jpg 1500w, http:\/\/folhadosudeste.com\/site\/wp-content\/uploads\/2019\/10\/Centro-Administrativo-2-2-300x232.jpg 300w, http:\/\/folhadosudeste.com\/site\/wp-content\/uploads\/2019\/10\/Centro-Administrativo-2-2-768x595.jpg 768w, http:\/\/folhadosudeste.com\/site\/wp-content\/uploads\/2019\/10\/Centro-Administrativo-2-2-1024x793.jpg 1024w\" sizes=\"auto, (max-width: 1500px) 100vw, 1500px\" \/><\/a><\/p>\n<p style=\"text-align: justify;\"><i>Expediente retorna na&nbsp;<span id=\"m_4438701101585921179OBJ_PREFIX_DWT624_com_zimbra_date\" role=\"link\">ter<\/span>\u00e7a-feira (29), \u00e0s 7h30min<\/i><\/p>\n<p style=\"text-align: justify;\">Em raz\u00e3o ao Dia do Servidor (<span id=\"m_4438701101585921179OBJ_PREFIX_DWT625_com_zimbra_date\" role=\"link\">28 de outubro<\/span>), a pr\u00f3xima&nbsp;<span id=\"m_4438701101585921179OBJ_PREFIX_DWT626_com_zimbra_date\" role=\"link\">segunda<\/span>-feira ser\u00e1 ponto facultativo na Prefeitura de Muria\u00e9. Portanto, o expediente e o atendimento ao p\u00fablico acontecem at\u00e9 esta&nbsp;<span id=\"m_4438701101585921179OBJ_PREFIX_DWT627_com_zimbra_date\" role=\"link\">sexta<\/span>-feira (25) e retornam na&nbsp;<span id=\"m_4438701101585921179OBJ_PREFIX_DWT628_com_zimbra_date\" role=\"link\">ter<\/span>\u00e7a-feira (29), \u00e0s 7h30min. A data comemorativa atende ao artigo 276 da Lei Municipal 3.824\/2009.<\/p>\n<p style=\"text-align: justify;\">As unidades de sa\u00fade tamb\u00e9m estar\u00e3o fechadas na pr\u00f3xima&nbsp;<span id=\"m_4438701101585921179OBJ_PREFIX_DWT629_com_zimbra_date\" role=\"link\">segunda<\/span>. J\u00e1 as aulas nas escolas municipais acontecem normalmente. Servi\u00e7os considerados essenciais \u00e0 popula\u00e7\u00e3o, como urg\u00eancia e emerg\u00eancia, tamb\u00e9m funcionar\u00e3o durante o Dia do Servidor, como:<\/p>\n<p style=\"text-align: justify;\">&#8211; Coleta de lixo, limpeza urbana e reparos: quaisquer emerg\u00eancia, a popula\u00e7\u00e3o pode entrar em contato com o Departamento Municipal de Saneamento Urbano (Demsur) pelo n\u00famero 115.<\/p>\n<p style=\"text-align: justify;\">&#8211; Defesa Civil: a Defesa Civil funciona em esquema de plant\u00e3o e pode ser acionada pelo n\u00famero 98826-9846.<\/p>\n<p style=\"text-align: justify;\">&#8211; Casa Acolhedora, para acolhimento de fam\u00edlias e pessoas em situa\u00e7\u00e3o de rua.<\/p>\n","protected":false},"excerpt":{"rendered":"<p>Expediente retorna na&nbsp;ter\u00e7a-feira (29), \u00e0s 7h30min Em raz\u00e3o ao Dia do Servidor (28 de outubro), a pr\u00f3xima&nbsp;segunda-feira ser\u00e1 ponto facultativo na Prefeitura de Muria\u00e9. Portanto, o expediente e o atendimento ao p\u00fablico acontecem at\u00e9 esta&nbsp;sexta-feira (25) e retornam na&nbsp;ter\u00e7a-feira (29), \u00e0s 7h30min. A data comemorativa atende ao artigo 276 da Lei Municipal 3.824\/2009. As unidades [&hellip;]<\/p>\n","protected":false},"author":6,"featured_media":0,"comment_status":"open","ping_status":"closed","sticky":false,"template":"","format":"standard","meta":{"_joinchat":[],"footnotes":""},"categories":[1],"tags":[],"class_list":["post-67381","post","type-post","status-publish","format-standard","hentry","category-sem-categoria"],"_links":{"self":[{"href":"http:\/\/folhadosudeste.com\/site\/index.php?rest_route=\/wp\/v2\/posts\/67381","targetHints":{"allow":["GET"]}}],"collection":[{"href":"http:\/\/folhadosudeste.com\/site\/index.php?rest_route=\/wp\/v2\/posts"}],"about":[{"href":"http:\/\/folhadosudeste.com\/site\/index.php?rest_route=\/wp\/v2\/types\/post"}],"author":[{"embeddable":true,"href":"http:\/\/folhadosudeste.com\/site\/index.php?rest_route=\/wp\/v2\/users\/6"}],"replies":[{"embeddable":true,"href":"http:\/\/folhadosudeste.com\/site\/index.php?rest_route=%2Fwp%2Fv2%2Fcomments&post=67381"}],"version-history":[{"count":1,"href":"http:\/\/folhadosudeste.com\/site\/index.php?rest_route=\/wp\/v2\/posts\/67381\/revisions"}],"predecessor-version":[{"id":67383,"href":"http:\/\/folhadosudeste.com\/site\/index.php?rest_route=\/wp\/v2\/posts\/67381\/revisions\/67383"}],"wp:attachment":[{"href":"http:\/\/folhadosudeste.com\/site\/index.php?rest_route=%2Fwp%2Fv2%2Fmedia&parent=67381"}],"wp:term":[{"taxonomy":"category","embeddable":true,"href":"http:\/\/folhadosudeste.com\/site\/index.php?rest_route=%2Fwp%2Fv2%2Fcategories&post=67381"},{"taxonomy":"post_tag","embeddable":true,"href":"http:\/\/folhadosudeste.com\/site\/index.php?rest_route=%2Fwp%2Fv2%2Ftags&post=67381"}],"curies":[{"name":"wp","href":"https:\/\/api.w.org\/{rel}","templated":true}]}}